{"id":41683,"date":"2024-09-06T10:28:58","date_gmt":"2024-09-06T10:28:58","guid":{"rendered":"https:\/\/dekkbi.com\/?p=41683"},"modified":"2024-09-06T10:28:59","modified_gmt":"2024-09-06T10:28:59","slug":"que-dit-reellement-larticle-97-du-reglement-interieur-de-lassemblee-nationale","status":"publish","type":"post","link":"https:\/\/dekkbi.com\/?p=41683","title":{"rendered":"Que dit r\u00e9ellement l\u2019article 97 du r\u00e8glement int\u00e9rieur de l\u2019assembl\u00e9e nationale"},"content":{"rendered":"\n<p>Il faut relever que c\u2019est cet article 97 du r\u00e8glement int\u00e9rieur de l\u2019Assembl\u00e9e nationale qui compl\u00e8te l\u2019article 55 de la Constitution qui dit&nbsp;: \u00ab&nbsp;Apr\u00e8s sa nomination, le Premier Ministre fait sa d\u00e9claration de politique g\u00e9n\u00e9rale devant l\u2019Assembl\u00e9e nationale\u2026 \u00bb En effet, tout en reprenant les dispositions de cet article 55 de la Constitution, cet article 97 du r\u00e8glement int\u00e9rieur de l\u2019Assembl\u00e9e nationale fixe les modalit\u00e9s et l\u2019intervalle de temps dans lequel doit se tenir ce face-\u00e0-face entre le chef du gouvernement et la repr\u00e9sentation nationale. \u00ab&nbsp;Apr\u00e8s sa nomination, le Premier Ministre fait sa d\u00e9claration de Politique g\u00e9n\u00e9rale devant l\u2019Assembl\u00e9e nationale. Cette d\u00e9claration est suivie d\u2019un d\u00e9bat qui peut, \u00e0 la demande du Premier Ministre, donner lieu \u00e0 un vote de confiance. En cas de vote de confiance, celle-ci est accord\u00e9e \u00e0 la majorit\u00e9 absolue des membres de l\u2019Assembl\u00e9e nationale. La d\u00e9claration de Politique g\u00e9n\u00e9rale doit intervenir au plus tard trois mois apr\u00e8s l\u2019entr\u00e9e en fonction du Gouvernement. L\u2019Assembl\u00e9e nationale doit \u00eatre inform\u00e9e huit jours au moins avant la date retenue&nbsp;\u00bb.<\/p>\n\n\n\n<p>Ainsi, pour la date pr\u00e9cise de ce rendez-vous, le dernier alin\u00e9a pr\u00e9cise que \u00ab&nbsp;l\u2019Assembl\u00e9e nationale doit \u00eatre inform\u00e9e huit jours au moins avant la date retenue&nbsp;\u00bb par l\u2019ex\u00e9cutif. Partant de ce fait, on constate que la date du 11 septembre prochain retenue par la Conf\u00e9rence des Pr\u00e9sidents pose un probl\u00e8me du respect du d\u00e9lai de ces huit jours pr\u00e9vus par le dernier alin\u00e9a de l\u2019article 97 du R\u00e8glement int\u00e9rieur de l\u2019Assembl\u00e9e nationale. En effet, du 5 au 11 septembre, on aura 7 jours. Ainsi, la bonne date serait le 12 septembre si on commence \u00e0 compter \u00e0 partir de la date d\u2019hier, jeudi 5 septembre, jour suivant la publication du d\u00e9cret convoquant cette troisi\u00e8me session extraordinaire.<\/p>\n\n\n\n<p><strong>NANDO CABRAL GOMIS<\/strong><\/p>\n\n\n\n<p>SOURCE : SUD QUOTIDIEN<\/p>\n","protected":false},"excerpt":{"rendered":"<p>Il faut relever que c\u2019est cet article 97 du r\u00e8glement int\u00e9rieur de l\u2019Assembl\u00e9e nationale qui compl\u00e8te l\u2019article 55 de la<\/p>\n","protected":false},"author":1,"featured_media":3971,"comment_status":"open","ping_status":"open","sticky":false,"template":"","format":"standard","meta":{"footnotes":""},"categories":[6],"tags":[],"class_list":["post-41683","post","type-post","status-publish","format-standard","has-post-thumbnail","hentry","category-politics"],"_links":{"self":[{"href":"https:\/\/dekkbi.com\/index.php?rest_route=\/wp\/v2\/posts\/41683","targetHints":{"allow":["GET"]}}],"collection":[{"href":"https:\/\/dekkbi.com\/index.php?rest_route=\/wp\/v2\/posts"}],"about":[{"href":"https:\/\/dekkbi.com\/index.php?rest_route=\/wp\/v2\/types\/post"}],"author":[{"embeddable":true,"href":"https:\/\/dekkbi.com\/index.php?rest_route=\/wp\/v2\/users\/1"}],"replies":[{"embeddable":true,"href":"https:\/\/dekkbi.com\/index.php?rest_route=%2Fwp%2Fv2%2Fcomments&post=41683"}],"version-history":[{"count":1,"href":"https:\/\/dekkbi.com\/index.php?rest_route=\/wp\/v2\/posts\/41683\/revisions"}],"predecessor-version":[{"id":41684,"href":"https:\/\/dekkbi.com\/index.php?rest_route=\/wp\/v2\/posts\/41683\/revisions\/41684"}],"wp:featuredmedia":[{"embeddable":true,"href":"https:\/\/dekkbi.com\/index.php?rest_route=\/wp\/v2\/media\/3971"}],"wp:attachment":[{"href":"https:\/\/dekkbi.com\/index.php?rest_route=%2Fwp%2Fv2%2Fmedia&parent=41683"}],"wp:term":[{"taxonomy":"category","embeddable":true,"href":"https:\/\/dekkbi.com\/index.php?rest_route=%2Fwp%2Fv2%2Fcategories&post=41683"},{"taxonomy":"post_tag","embeddable":true,"href":"https:\/\/dekkbi.com\/index.php?rest_route=%2Fwp%2Fv2%2Ftags&post=41683"}],"curies":[{"name":"wp","href":"https:\/\/api.w.org\/{rel}","templated":true}]}}