{"id":41680,"date":"2024-09-06T10:25:26","date_gmt":"2024-09-06T10:25:26","guid":{"rendered":"https:\/\/dekkbi.com\/?p=41680"},"modified":"2024-09-06T10:40:42","modified_gmt":"2024-09-06T10:40:42","slug":"abdou-mbow-le-president-diomaye-et-son-pm-jouent-avec-le-bon-sens-des-citoyens-avec-leurs-manoeuvres-nauseabondes","status":"publish","type":"post","link":"https:\/\/dekkbi.com\/?p=41680","title":{"rendered":"Abdou Mbow : \u00ab Le pr\u00e9sident Diomaye et son PM jouent avec le bon sens des citoyens, avec leurs man\u0153uvres naus\u00e9abondes \u00bb"},"content":{"rendered":"\n<p>L\u2019Assembl\u00e9e Nationale a organis\u00e9 ce jour la conf\u00e9rence des pr\u00e9sidents pour fixer le calendrier des travaux de la session extraordinaire, convoqu\u00e9e par le Pr\u00e9sident de la R\u00e9publique Bassirou Diomaye Diakhar Faye. Mais le pr\u00e9sident du groupe parlementaire BBY constate que \u00ab\u00a0le Premier Ministre Ousmane Sonko et son pr\u00e9sident sont toujours dans la manipulation, l\u2019esquive et la ruse, qui leur permettent de continuer \u00e0 violer la constitution. \u00bb<br>\u00a0<br>Le constat est clair, net et pr\u00e9cis selon le parlementaire : \u00ab\u00a0Ousmane Sonko n\u2019est pas pr\u00eat pour pr\u00e9senter sa DPG. En effet, il s\u2019abrite sans vergogne derri\u00e8re l\u2019article 97 du r\u00e8glement int\u00e9rieur, qui traite de la n\u00e9cessit\u00e9 de l\u2019information \u00e0 l\u2019Assembl\u00e9e Nationale 8 jours avant la tenue de la DPG. Cette man\u0153uvre est simplement fallacieuse\u00a0\u00bb. Parce que tout simplement, cet article est valable dans le cas o\u00f9 l\u2019ex\u00e9cutif fixe la date de la DPG, ce qui n\u2019est pas le cas aujourd\u2019hui, puisque celle-ci se tient en session extraordinaire, convoqu\u00e9e par le Pr\u00e9sident de la R\u00e9publique. Dans le cas d\u2019esp\u00e8ce, il est important de rappeler les dispositions de l\u2019article 19 de notre r\u00e8glement int\u00e9rieur, qui stipule que \u00ab seule la conf\u00e9rence des Pr\u00e9sidents a la pr\u00e9rogative d\u2019organiser les travaux de l\u2019Assembl\u00e9e \u00bb, ajoute-t-il.\u00a0<br>\u00a0<br>Selon le pr\u00e9sident du groupe parlementaire BBY, tout le monde comprend ais\u00e9ment que \u00ab\u00a0c\u2019est le Pr\u00e9sident de la R\u00e9publique, Bassirou Diomaye Faye et son Premier Ministre Ousmane Sonko qui jouent avec le bon sens de leurs concitoyens et en insultant leurs intelligences, avec leurs man\u0153uvres naus\u00e9abondes et que leur comportement est inadmissible et traduit une violation en permanence de la constitution\u00a0\u00bb.<\/p>\n\n\n\n<p>SOURCE : DAKAR ACTU<\/p>\n","protected":false},"excerpt":{"rendered":"<p>L\u2019Assembl\u00e9e Nationale a organis\u00e9 ce jour la conf\u00e9rence des pr\u00e9sidents pour fixer le calendrier des travaux de la session extraordinaire,<\/p>\n","protected":false},"author":1,"featured_media":40952,"comment_status":"open","ping_status":"open","sticky":false,"template":"","format":"standard","meta":{"footnotes":""},"categories":[6],"tags":[],"class_list":["post-41680","post","type-post","status-publish","format-standard","has-post-thumbnail","hentry","category-politics"],"_links":{"self":[{"href":"https:\/\/dekkbi.com\/index.php?rest_route=\/wp\/v2\/posts\/41680","targetHints":{"allow":["GET"]}}],"collection":[{"href":"https:\/\/dekkbi.com\/index.php?rest_route=\/wp\/v2\/posts"}],"about":[{"href":"https:\/\/dekkbi.com\/index.php?rest_route=\/wp\/v2\/types\/post"}],"author":[{"embeddable":true,"href":"https:\/\/dekkbi.com\/index.php?rest_route=\/wp\/v2\/users\/1"}],"replies":[{"embeddable":true,"href":"https:\/\/dekkbi.com\/index.php?rest_route=%2Fwp%2Fv2%2Fcomments&post=41680"}],"version-history":[{"count":1,"href":"https:\/\/dekkbi.com\/index.php?rest_route=\/wp\/v2\/posts\/41680\/revisions"}],"predecessor-version":[{"id":41682,"href":"https:\/\/dekkbi.com\/index.php?rest_route=\/wp\/v2\/posts\/41680\/revisions\/41682"}],"wp:featuredmedia":[{"embeddable":true,"href":"https:\/\/dekkbi.com\/index.php?rest_route=\/wp\/v2\/media\/40952"}],"wp:attachment":[{"href":"https:\/\/dekkbi.com\/index.php?rest_route=%2Fwp%2Fv2%2Fmedia&parent=41680"}],"wp:term":[{"taxonomy":"category","embeddable":true,"href":"https:\/\/dekkbi.com\/index.php?rest_route=%2Fwp%2Fv2%2Fcategories&post=41680"},{"taxonomy":"post_tag","embeddable":true,"href":"https:\/\/dekkbi.com\/index.php?rest_route=%2Fwp%2Fv2%2Ftags&post=41680"}],"curies":[{"name":"wp","href":"https:\/\/api.w.org\/{rel}","templated":true}]}}