{"id":41675,"date":"2024-09-06T10:15:52","date_gmt":"2024-09-06T10:15:52","guid":{"rendered":"https:\/\/dekkbi.com\/?p=41675"},"modified":"2024-09-06T10:41:16","modified_gmt":"2024-09-06T10:41:16","slug":"commune-de-mbour-le-gouverneur-de-la-region-de-thies-saer-ndao-a-installe-le-nouveau-prefet-amadou-diop","status":"publish","type":"post","link":"https:\/\/dekkbi.com\/?p=41675","title":{"rendered":"Commune de Mbour : Le gouverneur de la r\u00e9gion de Thi\u00e8s, Sa\u00ebr Ndao, a install\u00e9 le nouveau pr\u00e9fet, Amadou Diop"},"content":{"rendered":"\n<h3 class=\"wp-block-heading\">Le gouverneur de la r\u00e9gion de Thi\u00e8s, M. Sa\u00ebr Ndao, a proc\u00e9d\u00e9 \u00e0 l\u2019installation du nouveau pr\u00e9fet de la commune de Mbour, M. Amadou Diop, en remplacement de M. Mamadou Lamine Man\u00e9, pr\u00e9fet sortant. C\u2019est par des pri\u00e8res et des remerciements que M. Mamadou Lamine Man\u00e9 a entam\u00e9 son discours lors de la c\u00e9r\u00e9monie de passation.<\/h3>\n\n\n\n<p>\u00ab<em>&nbsp;Je ne serai pas long, mon intervention se limitera \u00e0 des remerciements, des louanges et des pri\u00e8res<\/em>&nbsp;\u00bb, a d\u00e9clar\u00e9 le pr\u00e9fet sortant, qui a \u00e9galement profit\u00e9 de l\u2019occasion pour souhaiter la bienvenue au nouveau pr\u00e9fet de Mbour, M. Amadou Diop, ainsi qu\u2019au nouveau gouverneur de Thi\u00e8s, M. Sa\u00ebr Ndao.<\/p>\n\n\n\n<p>Le maire de la commune de Mbour, M. Cheikh Issa Sall, pr\u00e9sent \u00e0 la c\u00e9r\u00e9monie avec d\u2019autres maires du d\u00e9partement, est revenu dans son discours sur les enjeux auxquels le d\u00e9partement est confront\u00e9. \u00ab&nbsp;<em>Vous conviendrez avec moi, des \u00e9normes potentialit\u00e9s du d\u00e9partement de Mbour.<br><br>Les r\u00e9cents progr\u00e8s infrastructurels et les opportunit\u00e9s \u00e9conomiques g\u00e9n\u00e9r\u00e9es, ont consid\u00e9rablement stimul\u00e9 la croissance d\u00e9mographique. Selon les r\u00e9sultats du dernier recensement national, le d\u00e9partement se classe au troisi\u00e8me rang apr\u00e8s Mback\u00e9 et Dakar&nbsp;<\/em>\u00bb, a rappel\u00e9 le maire. Il a \u00e9galement soulign\u00e9 que ces informations doivent \u00e9clairer davantage sur les d\u00e9fis \u00e0 venir.<\/p>\n\n\n\n<p>Quant au nouveau pr\u00e9fet, M. Amadou Diop, install\u00e9 dans ses fonctions par le gouverneur de Thi\u00e8s, il a promis de suivre la voie trac\u00e9e par son pr\u00e9d\u00e9cesseur, en adoptant le principe du \u00ab\u00a0jub jubal jubanti\u00a0\u00bb. \u00ab<em>&nbsp;Je mesure pleinement l&rsquo;ampleur des enjeux li\u00e9s \u00e0 cette nomination et, pour m\u00e9riter cette confiance, je m\u2019engage avec d\u00e9termination, \u00e0 servir l\u2019\u00c9tat et la nation sous votre autorit\u00e9, avec la loyaut\u00e9 et la dignit\u00e9 qu&rsquo;exige cette fonction exaltante, tout en respectant le principe du jub jubal jubanti&nbsp;<\/em>\u00bb, a assur\u00e9 la nouvelle autorit\u00e9 install\u00e9e.<\/p>\n\n\n\n<p><strong>Omar Ndiaye<\/strong><\/p>\n\n\n\n<p>SOURCE : LERAL.NET<\/p>\n","protected":false},"excerpt":{"rendered":"<p>Le gouverneur de la r\u00e9gion de Thi\u00e8s, M. Sa\u00ebr Ndao, a proc\u00e9d\u00e9 \u00e0 l\u2019installation du nouveau pr\u00e9fet de la commune<\/p>\n","protected":false},"author":1,"featured_media":41688,"comment_status":"open","ping_status":"open","sticky":false,"template":"","format":"standard","meta":{"footnotes":""},"categories":[6],"tags":[],"class_list":["post-41675","post","type-post","status-publish","format-standard","has-post-thumbnail","hentry","category-politics"],"_links":{"self":[{"href":"https:\/\/dekkbi.com\/index.php?rest_route=\/wp\/v2\/posts\/41675","targetHints":{"allow":["GET"]}}],"collection":[{"href":"https:\/\/dekkbi.com\/index.php?rest_route=\/wp\/v2\/posts"}],"about":[{"href":"https:\/\/dekkbi.com\/index.php?rest_route=\/wp\/v2\/types\/post"}],"author":[{"embeddable":true,"href":"https:\/\/dekkbi.com\/index.php?rest_route=\/wp\/v2\/users\/1"}],"replies":[{"embeddable":true,"href":"https:\/\/dekkbi.com\/index.php?rest_route=%2Fwp%2Fv2%2Fcomments&post=41675"}],"version-history":[{"count":1,"href":"https:\/\/dekkbi.com\/index.php?rest_route=\/wp\/v2\/posts\/41675\/revisions"}],"predecessor-version":[{"id":41677,"href":"https:\/\/dekkbi.com\/index.php?rest_route=\/wp\/v2\/posts\/41675\/revisions\/41677"}],"wp:featuredmedia":[{"embeddable":true,"href":"https:\/\/dekkbi.com\/index.php?rest_route=\/wp\/v2\/media\/41688"}],"wp:attachment":[{"href":"https:\/\/dekkbi.com\/index.php?rest_route=%2Fwp%2Fv2%2Fmedia&parent=41675"}],"wp:term":[{"taxonomy":"category","embeddable":true,"href":"https:\/\/dekkbi.com\/index.php?rest_route=%2Fwp%2Fv2%2Fcategories&post=41675"},{"taxonomy":"post_tag","embeddable":true,"href":"https:\/\/dekkbi.com\/index.php?rest_route=%2Fwp%2Fv2%2Ftags&post=41675"}],"curies":[{"name":"wp","href":"https:\/\/api.w.org\/{rel}","templated":true}]}}