{"id":41669,"date":"2024-09-05T13:13:56","date_gmt":"2024-09-05T13:13:56","guid":{"rendered":"https:\/\/dekkbi.com\/?p=41669"},"modified":"2024-09-05T13:13:57","modified_gmt":"2024-09-05T13:13:57","slug":"france-michel-barnier-nomme-premier-ministre-par-emmanuel-macron","status":"publish","type":"post","link":"https:\/\/dekkbi.com\/?p=41669","title":{"rendered":"France: Michel Barnier nomm\u00e9 Premier ministre par Emmanuel Macron"},"content":{"rendered":"\n<p>Le pr\u00e9sident de la R\u00e9publique fran\u00e7aise a demand\u00e9 \u00e0 l&rsquo;ex-commissaire europ\u00e9en de droite de \u00ab&nbsp;<em>constituer un gouvernement de rassemblement au service du pays<\/em>&nbsp;\u00bb. Soixante jours apr\u00e8s le r\u00e9sultat des \u00e9lections l\u00e9gislatives, et apr\u00e8s des semaines de flou politique, Michel Barnier, 73 ans, succ\u00e8de \u00e0&nbsp;Gabriel Attal, 35 ans.<\/p>\n\n\n\n<p>La France a un nouveau Premier ministre.&nbsp;Apr\u00e8s de tr\u00e8s longues r\u00e9flexions et de nombreuses pistes, Emmanuel Macron a finalement d\u00e9cid\u00e9 de nommer Michel Barnier \u00e0 la t\u00eate du gouvernement. Un homme de droite donc, avec une longue exp\u00e9rience \u00e0 la fois en France et en Europe.&nbsp;Son profil avait \u00e9t\u00e9 \u00e9voqu\u00e9 d\u00e8s l&rsquo;\u00e9t\u00e9, mais sans que cela aille plus loin. Michel Barnier avait toutefois fait passer le message qu&rsquo;il \u00e9tait disponible, tout en restant en retrait.<\/p>\n\n\n\n<p>\u00ab&nbsp;<em>Cette nomination intervient apr\u00e8s un cycle in\u00e9dit de consultations au cours duquel, conform\u00e9ment \u00e0 son devoir constitutionnel, le pr\u00e9sident s&rsquo;est assur\u00e9 que le Premier ministre et le gouvernement \u00e0 venir r\u00e9uniraient les conditions pour \u00eatre les plus stables possibles et se donner les chances de rassembler le plus largement&nbsp;<\/em>\u00bb, a fait savoir l&rsquo;\u00c9lys\u00e9e.<\/p>\n\n\n\n<p>Pour afficher ce contenu X (Twitter), il est n\u00e9cessaire d&rsquo;autoriser les cookies de mesure d&rsquo;audience et de publicit\u00e9.AccepterG\u00e9rer mes choix<\/p>\n\n\n\n<p>Michel Barnier cochait plusieurs cases essentielles pour le chef de l&rsquo;\u00c9tat : plus d&rsquo;ambition pr\u00e9sidentielle affich\u00e9e. Il s&rsquo;av\u00e9rait donc moins mena\u00e7ant pour les ambitieux du camp macroniste. Il est une figure politique avec une identit\u00e9 \u00e0 la fois europ\u00e9enne et conservatrice, qui ne devrait braquer ni l&rsquo;aile gauche du camp pr\u00e9sidentiel, ni Les R\u00e9publicains, ni le Rassemblement National, arbitre assum\u00e9 d&rsquo;une nomination penchant \u00e0 droite.<\/p>\n\n\n\n<p>Le nouveau Premier ministre va donc devoir trouver une \u00e9quipe pour gouverner susceptible d&rsquo;\u00e9chapper \u00e0 la censure parlementaire. Quelles personnalit\u00e9s politiques et issues de quels partis seront d\u00e9sign\u00e9es ? Ce sera la suite du feuilleton politique actuel fran\u00e7ais. Et les premi\u00e8res r\u00e9actions \u00e0 la nomination de Michel Barnier laisse entrevoir ce que pourrait \u00eatre ce gouvernement de coalition.<\/p>\n\n\n\n<h2 class=\"wp-block-heading\"><strong>Premi\u00e8res r\u00e9actions \u00e0 droite de l&rsquo;\u00e9chiquier politique<\/strong><\/h2>\n\n\n\n<p>Xavier Bertrand, ex-ministre de Nicolas Sarkozy et pr\u00e9sident des Hauts-de-France, pressenti encore, il y a peu, pour le poste, a f\u00e9licit\u00e9 l&rsquo;\u00e9lu et lui a adress\u00e9 ces v\u0153ux de succ\u00e8s.<\/p>\n\n\n\n<p>Pour afficher ce contenu X (Twitter), il est n\u00e9cessaire d&rsquo;autoriser les cookies de mesure d&rsquo;audience et de publicit\u00e9.AccepterG\u00e9rer mes choix<\/p>\n\n\n\n<p>Le&nbsp;Rassemblement national (RN) a d\u00e9j\u00e0 fait savoir que le parti attendrait la d\u00e9claration de politique g\u00e9n\u00e9rale de Michel Barnier, avant de se positionner.&nbsp;Interrog\u00e9e par des m\u00e9dias sur le d\u00e9p\u00f4t \u00e9ventuel d&rsquo;une&nbsp;motion de censure, Marine Le Pen a r\u00e9pondu ceci : \u00ab&nbsp;<em>Non. (&#8230;) Nous avons pos\u00e9 un certain nombre de conditions, la premi\u00e8re \u00e9tant d&rsquo;avoir un Premier ministre qui soit respectueux des \u00e9lecteurs du RN (&#8230;) je pense que M. Barnier correspond \u00e0 ce crit\u00e8re. Pour le reste, sur les sujets de fond, nous attendrons de voir quel est le discours de politique g\u00e9n\u00e9rale de M. Barnier et la mani\u00e8re dont il m\u00e8ne les compromis qui sont n\u00e9cessaires sur le budget \u00e0 venir<\/em>&nbsp;\u00bb.&nbsp;<\/p>\n\n\n\n<p>Pour afficher ce contenu X (Twitter), il est n\u00e9cessaire d&rsquo;autoriser les cookies de mesure d&rsquo;audience et de publicit\u00e9.AccepterG\u00e9rer mes choix<\/p>\n\n\n\n<p>Dans le camp pr\u00e9sidentiel,&nbsp;Ya\u00ebl Braun-Pivet, pr\u00e9sidente de l&rsquo;Assembl\u00e9e nationale, appelle \u00e0 la reprise du travail parlementaire au \u00ab&nbsp;<em>service des Fran\u00e7ais<\/em>&nbsp;\u00bb.<\/p>\n\n\n\n<p>Pour afficher ce contenu X (Twitter), il est n\u00e9cessaire d&rsquo;autoriser les cookies de mesure d&rsquo;audience et de publicit\u00e9.AccepterG\u00e9rer mes choix<\/p>\n\n\n\n<p>Cinquante deux jours apr\u00e8s sa d\u00e9mission, Gabriel Attal, a tenu \u00e0 remercier les Fran\u00e7ais. Plus jeune Premier ministre, il laisse la place au plus vieux Premier ministre de la Ve R\u00e9publique. La passation de pouvoirs aura lieu \u00e0 18 heures \u00e0 Matignon.&nbsp;<\/p>\n\n\n\n<p>Pour afficher ce contenu X (Twitter), il est n\u00e9cessaire d&rsquo;autoriser les cookies de mesure d&rsquo;audience et de publicit\u00e9.AccepterG\u00e9rer mes choix<\/p>\n\n\n\n<h2 class=\"wp-block-heading\"><strong>Le&nbsp;Nouveau Front populaire vent debout<\/strong><\/h2>\n\n\n\n<p>L&rsquo;alliance de gauche arriv\u00e9e en t\u00eate, mais sans majorit\u00e9 absolue, aux \u00e9lections l\u00e9gislatives, a redit son indignation.&nbsp;Marine Tondelier, secr\u00e9taire nationale d\u2019EELV a r\u00e9agi via une vid\u00e9o sur les r\u00e9seaux sociaux, dans laquelle elle explique avoir interrompu la r\u00e9union de direction des Verts pour r\u00e9agir \u00e0 la nomination de Michel Barnier \u00e0 Matignon : \u00ab&nbsp;<em>Le premier mot qui me vient c\u2019est &lsquo;de qui se moque-t-on&nbsp;?&rsquo; C\u2019est un vrai scandale. On dit souvent que les plaisanteries les plus courtes sont les meilleures, d\u00e9j\u00e0 celle-ci a \u00e9t\u00e9 trop longue et cette fin ne fait plus rire personne. (\u2026) C\u2019est l\u2019histoire politique du pays qui s\u2019\u00e9crit (\u2026) et cette histoire in\u00e9dite prend une tournure extr\u00eamement pr\u00e9occupante (\u2026) Je suis extr\u00eamement inqui\u00e8te de ce qui vient de se passer. Emmanuel Macron depuis des semaines a fait de l\u2019obstruction, son but \u00e9tait de ne pas avoir \u00e0 changer sa politique. Et l\u00e0, le cap ne va pas changer mais avec Monsieur Barnier, le principal risque est que ce cap s\u2019intensifie au d\u00e9triment des plus pr\u00e9caires, au d\u00e9triment de la plan\u00e8te, au d\u00e9triment de la situation d\u00e9mocratique de ce pays, qu\u2019on essayait au Nouveau Front populaire de r\u00e9parer&nbsp;<\/em>\u00bb. Marine Tondelier avait en effet bataill\u00e9 tout l&rsquo;\u00e9t\u00e9 pour la nomination de Lucie Castets.<\/p>\n\n\n\n<p>Mathilde Panot (LFI) consid\u00e8re que le pr\u00e9sident fran\u00e7ais ne respecte pas la \u00ab&nbsp;<em>souverainet\u00e9 populaire<\/em>&nbsp;<em>\u00bb&nbsp;<\/em>et le<em>&nbsp;\u00ab choix issu des urnes \u00bb.&nbsp;<\/em>M\u00eame r\u00e9action de Jean-Luc M\u00e9lenchon qui estime que \u00ab&nbsp;<em>l&rsquo;\u00e9lection a \u00e9t\u00e9 vol\u00e9e au Fran\u00e7ais<\/em>&nbsp;\u00bb. Et que ce n&rsquo;est donc pas un Premier ministre issu du Nouveau Front populaire qui a \u00e9t\u00e9 choisi malgr\u00e9 le r\u00e9sultat des l\u00e9gislatives : \u00ab&nbsp;<em>Ce sera un membre parmi d\u2019autres, d\u2019un parti qui a \u00e9t\u00e9 le dernier \u00e0 l\u2019\u00e9lection l\u00e9gislatives (\u2026) L\u2019\u00e9lection a donc \u00e9t\u00e9 vol\u00e9e au peuple fran\u00e7ais, le message a donc \u00e9t\u00e9 ni\u00e9 et maintenant nous d\u00e9couvrons un PM qui est nomm\u00e9 avec la permission et peut-\u00eatre sur la suggestion du RN alors que le deuxi\u00e8me tour des l\u00e9gislatives avait \u00e9t\u00e9 consacr\u00e9 \u00e0 faire \u00e9chec au RN.<\/em>&nbsp;\u00bb Sur RFI, Thomas Portes, LFI, a d\u00e9taill\u00e9 : \u00ab&nbsp;<em>Michel Barnier, c\u2019est l\u2019augmentation du temps de travail, c\u2019est la retraite \u00e0 65 ans (\u2026) les gens sont venus aux urnes pour dire qu\u2019ils ne voulaient plus de cette politique-l\u00e0. (\u2026) Nous, on a enclench\u00e9 la proc\u00e9dure de destitution. Je vous rappelle il y a une date importante, c&rsquo;est samedi, sortez dans la rue pour ramener ce Pr\u00e9sident \u00e0 la raison<\/em>&nbsp;\u00bb.<\/p>\n\n\n\n<p>C\u00f4t\u00e9 socialiste, Olivier Faure parle de \u00ab<em>&nbsp;crise de r\u00e9gime<\/em>&nbsp;\u00bb.<\/p>\n\n\n\n<p>Pour afficher ce contenu X (Twitter), il est n\u00e9cessaire d&rsquo;autoriser les cookies de mesure d&rsquo;audience et de publicit\u00e9.AccepterG\u00e9rer mes choix<\/p>\n\n\n\n<p>Chez les communistes, Ian Brossat a ironis\u00e9 sur le parti dont est issu Michel Barnier, les LR, qui ont obtenu 5,41 % des suffrages, soit 39 si\u00e8ges au second tour des \u00e9lections l\u00e9gislatives, un r\u00e9sultat tr\u00e8s faible derri\u00e8re toutes les autres forces politiques.&nbsp;<\/p>\n\n\n\n<p>Pour afficher ce contenu X (Twitter), il est n\u00e9cessaire d&rsquo;autoriser les cookies de mesure d&rsquo;audience et de publicit\u00e9.AccepterG\u00e9rer mes choix<\/p>\n\n\n\n<p><strong>SOURCE RFI<\/strong><\/p>\n","protected":false},"excerpt":{"rendered":"<p>Le pr\u00e9sident de la R\u00e9publique fran\u00e7aise a demand\u00e9 \u00e0 l&rsquo;ex-commissaire europ\u00e9en de droite de \u00ab&nbsp;constituer un gouvernement de rassemblement au<\/p>\n","protected":false},"author":1,"featured_media":41670,"comment_status":"open","ping_status":"open","sticky":false,"template":"","format":"standard","meta":{"footnotes":""},"categories":[51],"tags":[],"class_list":["post-41669","post","type-post","status-publish","format-standard","has-post-thumbnail","hentry","category-general"],"_links":{"self":[{"href":"https:\/\/dekkbi.com\/index.php?rest_route=\/wp\/v2\/posts\/41669","targetHints":{"allow":["GET"]}}],"collection":[{"href":"https:\/\/dekkbi.com\/index.php?rest_route=\/wp\/v2\/posts"}],"about":[{"href":"https:\/\/dekkbi.com\/index.php?rest_route=\/wp\/v2\/types\/post"}],"author":[{"embeddable":true,"href":"https:\/\/dekkbi.com\/index.php?rest_route=\/wp\/v2\/users\/1"}],"replies":[{"embeddable":true,"href":"https:\/\/dekkbi.com\/index.php?rest_route=%2Fwp%2Fv2%2Fcomments&post=41669"}],"version-history":[{"count":1,"href":"https:\/\/dekkbi.com\/index.php?rest_route=\/wp\/v2\/posts\/41669\/revisions"}],"predecessor-version":[{"id":41671,"href":"https:\/\/dekkbi.com\/index.php?rest_route=\/wp\/v2\/posts\/41669\/revisions\/41671"}],"wp:featuredmedia":[{"embeddable":true,"href":"https:\/\/dekkbi.com\/index.php?rest_route=\/wp\/v2\/media\/41670"}],"wp:attachment":[{"href":"https:\/\/dekkbi.com\/index.php?rest_route=%2Fwp%2Fv2%2Fmedia&parent=41669"}],"wp:term":[{"taxonomy":"category","embeddable":true,"href":"https:\/\/dekkbi.com\/index.php?rest_route=%2Fwp%2Fv2%2Fcategories&post=41669"},{"taxonomy":"post_tag","embeddable":true,"href":"https:\/\/dekkbi.com\/index.php?rest_route=%2Fwp%2Fv2%2Ftags&post=41669"}],"curies":[{"name":"wp","href":"https:\/\/api.w.org\/{rel}","templated":true}]}}