{"id":41654,"date":"2024-09-05T11:06:45","date_gmt":"2024-09-05T11:06:45","guid":{"rendered":"https:\/\/dekkbi.com\/?p=41654"},"modified":"2024-09-05T12:30:51","modified_gmt":"2024-09-05T12:30:51","slug":"avalanche-de-medailles-pourquoi-le-bresil-est-il-si-fort-aux-jeux-paralympiques","status":"publish","type":"post","link":"https:\/\/dekkbi.com\/?p=41654","title":{"rendered":"Avalanche de m\u00e9dailles\u00a0: pourquoi le Br\u00e9sil est-il si fort aux paralympiques\u00a0?"},"content":{"rendered":"\n<p>\u00c0 mi-parcours des Jeux paralympiques, le Br\u00e9sil pointe \u00e0 la quatri\u00e8me place au classement des pays avec 48 m\u00e9dailles au compteur dont 14 en or. Depuis plusieurs \u00e9ditions, il s&rsquo;est impos\u00e9 comme l&rsquo;une des nations majeurs du monde de l&rsquo;handisport.<\/p>\n\n\n\n<p>Par :<a href=\"https:\/\/www.france24.com\/fr\/auteur\/st%C3%A9phanie-trouillard\/\">St\u00e9phanie TROUILLARD<\/a><a href=\"https:\/\/x.com\/intent\/follow?screen_name=Stbslam\" target=\"_blank\" rel=\"noreferrer noopener\"><\/a><\/p>\n\n\n\n<p>Depuis le d\u00e9but des&nbsp;<a href=\"https:\/\/www.france24.com\/fr\/tag\/jeux-paralympiques\/\">Jeux paralympiques<\/a>&nbsp;de Paris, le drapeau du&nbsp;<a href=\"https:\/\/www.france24.com\/fr\/tag\/br%C3%A9sil\/\">Br\u00e9sil<\/a>&nbsp;s&rsquo;invite tr\u00e8s r\u00e9guli\u00e8rement sur les podiums. Apr\u00e8s sept jours de comp\u00e9tition, le pays se classe \u00e0 la&nbsp;<a href=\"https:\/\/www.france24.com\/fr\/tableau-medailles-jeux-paralympiques-2024\">sixi\u00e8me place au classement du total de m\u00e9dailles<\/a>&nbsp;avec 57 m\u00e9dailles (dont 15 en or).<\/p>\n\n\n\n<p>Symbole de cette r\u00e9ussite, le nageur ph\u00e9nom\u00e8ne, n\u00e9 sans bras, Gabriel dos Santos Araujo, surnomm\u00e9 \u00ab\u00a0Gabrielzinho\u00a0\u00bb, le porte-drapeau de la d\u00e9l\u00e9gation, en compte trois \u00e0 lui tout seul. \u00c0 l&rsquo;issue de ces Jeux, le Br\u00e9sil devrait une nouvelle fois terminer dans le top 10, une position qu&rsquo;il n&rsquo;a jamais quitt\u00e9 depuis les Jeux de&nbsp;<a href=\"https:\/\/www.france24.com\/fr\/tag\/p%C3%A9kin\/\">P\u00e9kin<\/a>&nbsp;en 2008.<\/p>\n\n\n\n<p>Alors que le pays n&rsquo;a connu que de modestes succ\u00e8s lors de ces premi\u00e8res apparitions, le tournant a v\u00e9ritablement eu lieu en 2016 lors de la comp\u00e9tition organis\u00e9e \u00e0 domicile \u00e0 Rio. Cette ann\u00e9e-l\u00e0, la d\u00e9l\u00e9gation br\u00e9silienne a remport\u00e9 72&nbsp;m\u00e9dailles, contre 43 \u00e0 Londres quatre ans auparavant. Une performance r\u00e9\u00e9dit\u00e9e cinq ans plus tard \u00e0 Tokyo. En quelques ann\u00e9es, elle est ainsi devenue une puissance incontournable sur la sc\u00e8ne paralympique.<\/p>\n\n\n\n<h2 class=\"wp-block-heading\">L&rsquo;efficacit\u00e9 du comit\u00e9 br\u00e9silien paralympique<\/h2>\n\n\n\n<p><a href=\"https:\/\/www.brasildefato.com.br\/2024\/08\/30\/brazil-is-a-paralympic-power-understand-why-the-country-stands-out#:~:text=Another%20fundamental%20factor%20for%20Brazil\" target=\"_blank\" rel=\"noreferrer noopener\">Selon le journal Brasil de Fato<\/a>,&nbsp;l&rsquo;une des principales raisons de ce succ\u00e8s est la cr\u00e9ation en 1994 du comit\u00e9 br\u00e9silien paralympique. Avant cette \u00e9dification, chaque sport avait sa propre organisation. \u00ab\u00a0Quand le Br\u00e9sil a centralis\u00e9 ses actions, sa coordination et ses performances, le pays a vraiment commenc\u00e9 \u00e0 avoir de meilleurs r\u00e9sultats\u00a0\u00bb, explique ainsi le chercheur Rafael Reis, sp\u00e9cialiste du handisport aupr\u00e8s de ce m\u00e9dia.<\/p>\n\n\n\n<p>Les parasportifs ont ainsi pu compter sur une am\u00e9lioration des infrastructures. Ils profitent d\u00e9sormais&nbsp;du Centre d\u2019Entra\u00eenement Paralympique \u00e0 S\u00e3o Paulo, un h\u00e9ritage de l&rsquo;olympiade de Rio 2016.<\/p>\n\n\n\n<p>Cette r\u00e9ussite a aussi \u00e9t\u00e9 permise gr\u00e2ce \u00e0 un financement efficace. Depuis la loi Agnelo\/Piva promulgu\u00e9e en 2001, une partie des recettes de la loterie sont affect\u00e9es au sport. Le comit\u00e9 paralympique re\u00e7oit aujourd&rsquo;hui 0,87&nbsp;% de l&rsquo;ensemble de ces fonds, ce qui a consid\u00e9rablement augment\u00e9 son budget. En 2023, il a ainsi re\u00e7u 39,6&nbsp;millions de dollars.<\/p>\n\n\n\n<h2 class=\"wp-block-heading\">Une d\u00e9l\u00e9gation cons\u00e9quente<\/h2>\n\n\n\n<p>Le journal Brasil de Fato note \u00e9galement que les caract\u00e9ristiques de la soci\u00e9t\u00e9 br\u00e9silienne participent aussi au d\u00e9veloppement du handisport. \u00ab\u00a0Le premier d\u2019entre eux est la taille de la population. Cette affirmation est essentiellement statistique&nbsp;: plus il y a de monde, plus grandes sont les chances de d\u00e9velopper des talents sportifs\u00a0\u00bb, r\u00e9sume-t-il.&nbsp;<\/p>\n\n\n\n<p>Le pays compte aussi de tr\u00e8s nombreuses personnes en situation de handicap&nbsp;: \u00ab\u00a0Le Br\u00e9sil, bien qu\u2019il ne soit pas impliqu\u00e9 dans un conflit international, conna\u00eet des taux \u00e9lev\u00e9s de violence arm\u00e9e. Par ailleurs, les conditions sanitaires favorisent toujours le d\u00e9veloppement des handicaps, qu&rsquo;ils soient cong\u00e9nitaux ou acquis\u00a0\u00bb. Selon une \u00e9tude datant de 2022, 8,9&nbsp;% de la population peut \u00eatre ainsi consid\u00e9r\u00e9 en situation de handicap, ce qui repr\u00e9sente environ 19&nbsp;millions de personnes sur les quelque 215 millions d&rsquo;habitants du Br\u00e9sil.<\/p>\n\n\n\n<p>Dans la capitale fran\u00e7aise, la d\u00e9l\u00e9gation br\u00e9silienne est arriv\u00e9e avec 255&nbsp;athl\u00e8tes, soit le deuxi\u00e8me plus gros contingent derri\u00e8re la&nbsp;<a href=\"https:\/\/www.france24.com\/fr\/tag\/chine\/\">Chine<\/a>&nbsp;(282). Elle a aussi d\u00e9barqu\u00e9 avec de grandes ambitions,&nbsp;<a href=\"https:\/\/www.gov.br\/planalto\/en\/latest-news\/2024\/05\/brazil-to-send-250-athletes-to-worlds-largest-paralympic-competition\" target=\"_blank\" rel=\"noreferrer noopener\">comme l&rsquo;a soulign\u00e9 dans un communiqu\u00e9<\/a>&nbsp;le secr\u00e9taire d&rsquo;\u00c9tat au handisport, F\u00e1bio Ara\u00fajo, avant le d\u00e9but des Jeux : \u00ab\u00a0Les attentes pour Paris sont \u00e9lev\u00e9es et nous pensons que nos athl\u00e8tes sont pr\u00eats \u00e0 montrer au monde la force et la d\u00e9termination des sports paralympiques br\u00e9siliens, augmentant ainsi la visibilit\u00e9 du Br\u00e9sil sur la sc\u00e8ne internationale\u00a0\u00bb.<\/p>\n\n\n\n<p>Mais selon&nbsp;Anna&nbsp;Paula Feminella, la secr\u00e9taire nationale aux droits des personnes handicap\u00e9es, il reste encore du chemin \u00e0 parcourir pour am\u00e9liorer l&rsquo;inclusion dans son pays. \u00ab\u00a0Je crois que les villes restent des territoires hostiles pour la plupart des personnes handicap\u00e9es. Ceux qui sont sous les projecteurs aux Jeux paralympiques sont ceux qui ont eu des opportunit\u00e9s\u00a0\u00bb, a-t-elle ainsi soulign\u00e9&nbsp;<a href=\"https:\/\/www.brasildefato.com.br\/2024\/08\/28\/media-in-brazil-have-yet-to-understand-the-power-of-the-paralympics-says-brazilian-authority\" target=\"_blank\" rel=\"noreferrer noopener\">aupr\u00e8s du journal Brasil de Fato.<\/a>&nbsp;<\/p>\n\n\n\n<p>Elle pointe aussi du doigt un manque de visibilit\u00e9 malgr\u00e9 les performances des para-athl\u00e8tes br\u00e9siliens&nbsp;: \u00ab\u00a0Je pense qu&rsquo;il va falloir encore du temps pour que les m\u00e9dias comprennent le pouvoir des paralympiques. [\u2026] Nous vivons dans une culture qui ne reconna\u00eet pas les personnes handicap\u00e9es comme des sujets de droits et comme des personnes capables de faire de grandes choses\u00a0\u00bb.&nbsp;<\/p>\n\n\n\n<p>SOURCE : FRANCE 24<\/p>\n\n\n\n<p><\/p>\n","protected":false},"excerpt":{"rendered":"<p>\u00c0 mi-parcours des Jeux paralympiques, le Br\u00e9sil pointe \u00e0 la quatri\u00e8me place au classement des pays avec 48 m\u00e9dailles au<\/p>\n","protected":false},"author":1,"featured_media":38887,"comment_status":"open","ping_status":"open","sticky":false,"template":"","format":"standard","meta":{"footnotes":""},"categories":[9],"tags":[],"class_list":["post-41654","post","type-post","status-publish","format-standard","has-post-thumbnail","hentry","category-sports"],"_links":{"self":[{"href":"https:\/\/dekkbi.com\/index.php?rest_route=\/wp\/v2\/posts\/41654","targetHints":{"allow":["GET"]}}],"collection":[{"href":"https:\/\/dekkbi.com\/index.php?rest_route=\/wp\/v2\/posts"}],"about":[{"href":"https:\/\/dekkbi.com\/index.php?rest_route=\/wp\/v2\/types\/post"}],"author":[{"embeddable":true,"href":"https:\/\/dekkbi.com\/index.php?rest_route=\/wp\/v2\/users\/1"}],"replies":[{"embeddable":true,"href":"https:\/\/dekkbi.com\/index.php?rest_route=%2Fwp%2Fv2%2Fcomments&post=41654"}],"version-history":[{"count":2,"href":"https:\/\/dekkbi.com\/index.php?rest_route=\/wp\/v2\/posts\/41654\/revisions"}],"predecessor-version":[{"id":41668,"href":"https:\/\/dekkbi.com\/index.php?rest_route=\/wp\/v2\/posts\/41654\/revisions\/41668"}],"wp:featuredmedia":[{"embeddable":true,"href":"https:\/\/dekkbi.com\/index.php?rest_route=\/wp\/v2\/media\/38887"}],"wp:attachment":[{"href":"https:\/\/dekkbi.com\/index.php?rest_route=%2Fwp%2Fv2%2Fmedia&parent=41654"}],"wp:term":[{"taxonomy":"category","embeddable":true,"href":"https:\/\/dekkbi.com\/index.php?rest_route=%2Fwp%2Fv2%2Fcategories&post=41654"},{"taxonomy":"post_tag","embeddable":true,"href":"https:\/\/dekkbi.com\/index.php?rest_route=%2Fwp%2Fv2%2Ftags&post=41654"}],"curies":[{"name":"wp","href":"https:\/\/api.w.org\/{rel}","templated":true}]}}