{"id":41640,"date":"2024-09-05T10:36:31","date_gmt":"2024-09-05T10:36:31","guid":{"rendered":"https:\/\/dekkbi.com\/?p=41640"},"modified":"2024-09-05T10:36:31","modified_gmt":"2024-09-05T10:36:31","slug":"cinematographie-le-gouvernement-soutient-les-productions-locales","status":"publish","type":"post","link":"https:\/\/dekkbi.com\/?p=41640","title":{"rendered":"Cin\u00e9matographie: Le Gouvernement soutient les productions locales"},"content":{"rendered":"\n<p>Lors de la projection en avant-premi\u00e8re du docu-fiction \u00ab 1776, Thierno Souleymane Baal et la r\u00e9volution du Fouta \u00bb, r\u00e9alis\u00e9 par Moe Sow, le Premier ministre, Ousmane Sonko, a dit l\u2019engagement du gouvernement pour la valorisation de la production cin\u00e9matographique nationale. En pr\u00e9sence de nombreuses personnalit\u00e9s, dont la ministre de la Jeunesse, des Sports et de la Culture, Khady Di\u00e8ne Gaye, le PM Ousmane Sonko a soulign\u00e9 le r\u00f4le important du cin\u00e9ma. Selon lui, c\u2019est un vecteur \u00e9ducatif et un outil de pr\u00e9servation de la m\u00e9moire historique.<\/p>\n\n\n\n<p>D&rsquo;apr\u00e9s LeT\u00e9moin, il a \u00e9galement rappel\u00e9 l\u2019importance de soutenir les \u0153uvres qui enrichissent le patrimoine culturel du S\u00e9n\u00e9gal tout en transmettant l\u2019h\u00e9ritage national aux jeunes g\u00e9n\u00e9rations. Dans le m\u00eame ordre, il a affirm\u00e9 que le soutien du gouvernement sera in\u00e9branlable pour les producteurs engag\u00e9s dans des projets de qualit\u00e9, notamment ceux qui mettent en lumi\u00e8re des figures embl\u00e9matiques de l\u2019histoire s\u00e9n\u00e9galaise tout en saluant l\u2019initiative de Moe Sow, la qualifiant \u00abde pr\u00e9cieuse pour l\u2019\u00e9ducation historique et la promotion de la m\u00e9moire collective\u00bb.<\/p>\n\n\n\n<p>D\u2019apr\u00e8s lui, le docu-fiction \u00ab \u00ab 1776, Thierno Souleymane Baal et la r\u00e9volution du Fouta \u00bb est un exemple \u00e9loquent de ce soutien. Le film retrace la vie de Thierno Souleymane Baal, leader de la r\u00e9volution Torodo en 1776 au Fouta.<\/p>\n\n\n\n<p>Le gouvernement est pr\u00eat \u00e0 fournir un soutien absolu aux producteurs qui \u0153uvrent dans le domaine des \u0153uvres m\u00e9morielles, en particulier celles qui contribuent \u00e0 une meilleure compr\u00e9hension de l\u2019histoire du S\u00e9n\u00e9gal, a martel\u00e9 Ousmane Sonko. Pour lui, il y a une n\u00e9cessit\u00e9 de se souvenir et d\u2019enseigner ces \u00e9v\u00e9nements pour que les nouvelles g\u00e9n\u00e9rations puissent s\u2019en inspirer.<\/p>\n\n\n\n<p>Le Premier ministre a profit\u00e9 de l\u2019occasion pour encourager les cin\u00e9astes \u00e0 produire des documentaires captivants et bien r\u00e9alis\u00e9s sur les grandes figures et \u00e9v\u00e9nements historiques du pays, en \u00e9voquant l\u2019importance de la c\u00e9l\u00e9bration de moments historiques marquants, tels que le massacre de Thiaroye en 1944, o\u00f9 des tirailleurs africains ont \u00e9t\u00e9 tu\u00e9s pour avoir revendiqu\u00e9 leur d\u00fb apr\u00e8s avoir contribu\u00e9 \u00e0 lib\u00e9rer la France.<\/p>\n\n\n\n<p><strong>Nd\u00e8ye Fatou K\u00e9b\u00e9<\/strong><\/p>\n\n\n\n<p>SOURCE : LERAL.NET<\/p>\n","protected":false},"excerpt":{"rendered":"<p>Lors de la projection en avant-premi\u00e8re du docu-fiction \u00ab 1776, Thierno Souleymane Baal et la r\u00e9volution du Fouta \u00bb, r\u00e9alis\u00e9<\/p>\n","protected":false},"author":1,"featured_media":41641,"comment_status":"open","ping_status":"open","sticky":false,"template":"","format":"standard","meta":{"footnotes":""},"categories":[3],"tags":[],"class_list":["post-41640","post","type-post","status-publish","format-standard","has-post-thumbnail","hentry","category-event-more-news"],"_links":{"self":[{"href":"https:\/\/dekkbi.com\/index.php?rest_route=\/wp\/v2\/posts\/41640","targetHints":{"allow":["GET"]}}],"collection":[{"href":"https:\/\/dekkbi.com\/index.php?rest_route=\/wp\/v2\/posts"}],"about":[{"href":"https:\/\/dekkbi.com\/index.php?rest_route=\/wp\/v2\/types\/post"}],"author":[{"embeddable":true,"href":"https:\/\/dekkbi.com\/index.php?rest_route=\/wp\/v2\/users\/1"}],"replies":[{"embeddable":true,"href":"https:\/\/dekkbi.com\/index.php?rest_route=%2Fwp%2Fv2%2Fcomments&post=41640"}],"version-history":[{"count":1,"href":"https:\/\/dekkbi.com\/index.php?rest_route=\/wp\/v2\/posts\/41640\/revisions"}],"predecessor-version":[{"id":41642,"href":"https:\/\/dekkbi.com\/index.php?rest_route=\/wp\/v2\/posts\/41640\/revisions\/41642"}],"wp:featuredmedia":[{"embeddable":true,"href":"https:\/\/dekkbi.com\/index.php?rest_route=\/wp\/v2\/media\/41641"}],"wp:attachment":[{"href":"https:\/\/dekkbi.com\/index.php?rest_route=%2Fwp%2Fv2%2Fmedia&parent=41640"}],"wp:term":[{"taxonomy":"category","embeddable":true,"href":"https:\/\/dekkbi.com\/index.php?rest_route=%2Fwp%2Fv2%2Fcategories&post=41640"},{"taxonomy":"post_tag","embeddable":true,"href":"https:\/\/dekkbi.com\/index.php?rest_route=%2Fwp%2Fv2%2Ftags&post=41640"}],"curies":[{"name":"wp","href":"https:\/\/api.w.org\/{rel}","templated":true}]}}