{"id":41637,"date":"2024-09-05T10:30:44","date_gmt":"2024-09-05T10:30:44","guid":{"rendered":"https:\/\/dekkbi.com\/?p=41637"},"modified":"2024-09-05T12:26:37","modified_gmt":"2024-09-05T12:26:37","slug":"conditions-de-travail-precaires-a-satrec-vitalait-les-employes-demandent-une-intervention-urgente-de-letat","status":"publish","type":"post","link":"https:\/\/dekkbi.com\/?p=41637","title":{"rendered":"Pr\u00e9carit\u00e9 \u00e0 Satrec Vitalait : Les Employ\u00e9s Demandent une Intervention Urgente de l&rsquo;\u00c9tat"},"content":{"rendered":"\n<p><\/p>\n\n\n\n<h3 class=\"wp-block-heading\">Les employ\u00e9s de Satrec Vitalait tirent la sonnette d&rsquo;alarme et interpellent les autorit\u00e9s, les m\u00e9dias ainsi que le grand public sur une situation critique qui met en p\u00e9ril non seulement leurs droits, mais \u00e9galement leur survie et celle de leurs familles.<\/h3>\n\n\n\n<p>Depuis quatre mois, les salari\u00e9s de Satrec Vitalait ne re\u00e7oivent plus leurs salaires, une situation qui impacte gravement leur quotidien. Cette injustice a pouss\u00e9 les employ\u00e9s \u00e0 s\u2019organiser et \u00e0 r\u00e9clamer leurs droits en demandant \u00e0 \u00eatre pay\u00e9s pour le mois d\u2019ao\u00fbt. En r\u00e9ponse \u00e0 cette d\u00e9marche l\u00e9gitime, cinq repr\u00e9sentants syndicaux ont \u00e9t\u00e9 arr\u00eat\u00e9s et d\u00e9tenus pendant pr\u00e8s de 96 heures. Ils ont ensuite \u00e9t\u00e9 d\u00e9f\u00e9r\u00e9s devant le procureur, plac\u00e9s sous mandat de d\u00e9p\u00f4t et incarc\u00e9r\u00e9s \u00e0 Reubeuss. Leur audience est pr\u00e9vue pour le vendredi prochain.<\/p>\n\n\n\n<p>Un Long Passif d&rsquo;Injustices et de Non-Respect des Droits<\/p>\n\n\n\n<p>Cette crise n\u2019est malheureusement pas un cas isol\u00e9 pour les travailleurs de Satrec Vitalait. Selon eux, cela fait des ann\u00e9es que l&rsquo;entreprise, dirig\u00e9e par M. Chawki Ha\u00efdouss, enfreint les droits des travailleurs et bafoue les lois du travail en vigueur au S\u00e9n\u00e9gal. Parmi les nombreuses infractions relev\u00e9es, on compte :<\/p>\n\n\n\n<p>1. Non-paiement des cong\u00e9s : Les cong\u00e9s ne sont pas pay\u00e9s, une violation grave du Code du travail.<\/p>\n\n\n\n<p>2. Absence de bulletins de paie : Les employ\u00e9s n\u2019ont plus re\u00e7u de bulletins de paie depuis des ann\u00e9es, ce qui nuit \u00e0 la transparence salariale.<\/p>\n\n\n\n<p>3. Non-versement des cotisations sociales : Les cotisations \u00e0 la CSS, l&rsquo;IPM et l&rsquo;IPRES ne sont pas effectu\u00e9es, privant les employ\u00e9s de couverture sociale et de retraite.<\/p>\n\n\n\n<p>4. Conditions de travail pr\u00e9caires : L&rsquo;entreprise Rozessim, op\u00e9rant au sein de Satrec Vitalait, semble \u00e9galement ignorer les droits des travailleurs, soulevant de s\u00e9rieux doutes sur la l\u00e9galit\u00e9 de ses activit\u00e9s.<\/p>\n\n\n\n<p>Les travailleurs appellent ainsi les autorit\u00e9s \u00e0 auditer cette entreprise et \u00e0 mettre fin \u00e0 ces injustices flagrantes.<br>Un Appel Urgent aux Autorit\u00e9s<\/p>\n\n\n\n<p>Face \u00e0 cette gestion jug\u00e9e irresponsable de la part de M. Ha\u00efdouss, les employ\u00e9s lancent un appel pressant \u00e0 l\u2019\u00c9tat pour qu\u2019il intervienne rapidement. Plus de 350 emplois sont en danger, et si rien n\u2019est fait, des centaines de familles risquent de sombrer dans la pr\u00e9carit\u00e9. Les employ\u00e9s de Satrec Vitalait demandent que leurs droits soient respect\u00e9s conform\u00e9ment aux lois en vigueur au S\u00e9n\u00e9gal. Ils r\u00e9clament non seulement leurs salaires, mais aussi le versement des cotisations sociales, le paiement des cong\u00e9s et la r\u00e9gularisation des conditions de travail.<\/p>\n\n\n\n<p>Un Cri de D\u00e9tresse pour la Justice Sociale<\/p>\n\n\n\n<p>Les travailleurs de Satrec Vitalait ne demandent que le respect de leurs droits fondamentaux. Ils invitent les autorit\u00e9s \u00e0 enqu\u00eater sur les pratiques douteuses de l&rsquo;entreprise et \u00e0 prendre des mesures pour garantir la justice sociale pour tous. Ensemble, ils luttent pour mettre fin aux abus et obtenir ce qui leur revient de droit : des salaires, une couverture sociale, des cong\u00e9s pay\u00e9s et le respect des lois du travail.<\/p>\n\n\n\n<p>SOURCE : LERAL.NET<br><\/p>\n","protected":false},"excerpt":{"rendered":"<p>Les employ\u00e9s de Satrec Vitalait tirent la sonnette d&rsquo;alarme et interpellent les autorit\u00e9s, les m\u00e9dias ainsi que le grand public<\/p>\n","protected":false},"author":1,"featured_media":41358,"comment_status":"open","ping_status":"open","sticky":false,"template":"","format":"standard","meta":{"footnotes":""},"categories":[26],"tags":[],"class_list":["post-41637","post","type-post","status-publish","format-standard","has-post-thumbnail","hentry","category-fait-divers"],"_links":{"self":[{"href":"https:\/\/dekkbi.com\/index.php?rest_route=\/wp\/v2\/posts\/41637","targetHints":{"allow":["GET"]}}],"collection":[{"href":"https:\/\/dekkbi.com\/index.php?rest_route=\/wp\/v2\/posts"}],"about":[{"href":"https:\/\/dekkbi.com\/index.php?rest_route=\/wp\/v2\/types\/post"}],"author":[{"embeddable":true,"href":"https:\/\/dekkbi.com\/index.php?rest_route=\/wp\/v2\/users\/1"}],"replies":[{"embeddable":true,"href":"https:\/\/dekkbi.com\/index.php?rest_route=%2Fwp%2Fv2%2Fcomments&post=41637"}],"version-history":[{"count":2,"href":"https:\/\/dekkbi.com\/index.php?rest_route=\/wp\/v2\/posts\/41637\/revisions"}],"predecessor-version":[{"id":41663,"href":"https:\/\/dekkbi.com\/index.php?rest_route=\/wp\/v2\/posts\/41637\/revisions\/41663"}],"wp:featuredmedia":[{"embeddable":true,"href":"https:\/\/dekkbi.com\/index.php?rest_route=\/wp\/v2\/media\/41358"}],"wp:attachment":[{"href":"https:\/\/dekkbi.com\/index.php?rest_route=%2Fwp%2Fv2%2Fmedia&parent=41637"}],"wp:term":[{"taxonomy":"category","embeddable":true,"href":"https:\/\/dekkbi.com\/index.php?rest_route=%2Fwp%2Fv2%2Fcategories&post=41637"},{"taxonomy":"post_tag","embeddable":true,"href":"https:\/\/dekkbi.com\/index.php?rest_route=%2Fwp%2Fv2%2Ftags&post=41637"}],"curies":[{"name":"wp","href":"https:\/\/api.w.org\/{rel}","templated":true}]}}