{"id":41617,"date":"2024-09-05T10:00:39","date_gmt":"2024-09-05T10:00:39","guid":{"rendered":"https:\/\/dekkbi.com\/?p=41617"},"modified":"2024-09-05T10:00:40","modified_gmt":"2024-09-05T10:00:40","slug":"sur-lesplanade-des-mosquees-a-jerusalem-des-prieres-juives-defient-le-statu-quo","status":"publish","type":"post","link":"https:\/\/dekkbi.com\/?p=41617","title":{"rendered":"Sur l\u2019esplanade des Mosqu\u00e9es \u00e0 J\u00e9rusalem des pri\u00e8res juives d\u00e9fient le \u00abstatu quo\u00bb"},"content":{"rendered":"\n<p>C\u2019est l\u2019un des lieux ultra-sensibles du conflit isra\u00e9lo-palestinien&nbsp;: esplanade des Mosqu\u00e9es pour les musulmans, mont du Temple pour les juifs, dans la vieille ville de J\u00e9rusalem. Le&nbsp;<em>statu quo<\/em>&nbsp;en vigueur depuis des d\u00e9cennies interdit &#8211;&nbsp;en principe&nbsp;&#8211; aux juifs de prier \u00e0 cet endroit. Mais, sous la pression de mouvements ultranationalistes religieux isra\u00e9liens, ces pri\u00e8res sont de plus en plus fr\u00e9quentes, encourag\u00e9es par le ministre isra\u00e9lien de la S\u00e9curit\u00e9 nationale, Itamar Ben Gvir. Notre envoy\u00e9 sp\u00e9cial \u00e0 J\u00e9rusalem a pu assister \u00e0 l\u2019une de ces pri\u00e8res qui se d\u00e9roule sous la surveillance de la police isra\u00e9lienne.<\/p>\n\n\n\n<p>Par :Nicolas Falez &#8211; SOURCE RFI<\/p>\n\n\n\n<p>Le soleil fait briller la coupole dor\u00e9e du D\u00f4me du Rocher, qui domine l\u2019esplanade des Mosqu\u00e9es. Dans la lumi\u00e8re du matin un groupe de fid\u00e8les juifs prie silencieusement mais sans se cacher. Une femme se tient debout, les yeux ferm\u00e9s, bras \u00e9cart\u00e9s, visage tourn\u00e9 vers le ciel. Un homme appuie son front sur la branche noueuse d\u2019un des oliviers qui poussent sur l\u2019Esplanade, presque d\u00e9serte \u00e0 cette heure matinale. Un peu plus loin, un groupe d\u2019une dizaine d\u2019hommes et de femmes prient \u00e9galement. Des policiers isra\u00e9liens les encadrent de pr\u00e8s, sans intervenir.<\/p>\n\n\n\n<p><em>\u00ab&nbsp;C\u2019est le lieu le plus saint pour le peuple juif et l\u2019endroit o\u00f9 l\u2019on ressent la pr\u00e9sence de Dieu \u00bb,<\/em>&nbsp;nous dit l\u2019un des participants apr\u00e8s sa pri\u00e8re. Visiblement ce d\u00e9but d\u2019interview ne pla\u00eet pas \u00e0 la police qui imm\u00e9diatement demande au journaliste de quitter l\u2019Esplanade. Un contr\u00f4le d\u2019identit\u00e9 plus tard, l\u2019interview peut reprendre \u00e0 l\u2019ext\u00e9rieur de ce lieu v\u00e9n\u00e9r\u00e9 par les musulmans et par les juifs.<\/p>\n\n\n\n<h2 class=\"wp-block-heading\"><em>Statu quo<\/em><\/h2>\n\n\n\n<p>Les pri\u00e8res juives sur l\u2019Esplanade des Mosqu\u00e9es sont\u00a0<strong>en principe interdite par le\u00a0<em>statu-quo<\/em><\/strong>\u00a0religieux en place depuis l\u2019annexion de\u00a0<strong>J\u00e9rusalem<\/strong>-Est par\u00a0<strong>Isra\u00ebl\u00a0<\/strong>en 1967. Mais cet interdit est contest\u00e9 et d\u00e9fi\u00e9 par certains nationalistes religieux, parmi lesquels celui que nous avons rencontr\u00e9 un peu plus t\u00f4t\u00a0: \u00ab\u00a0<em>il y un\u00a0<\/em>statu-quo<em>\u00a0inhumain et ridicule, \u00e7a n\u2019a aucun sens,\u00a0<\/em>nous dit l\u2019homme qui porte une kippa noire et une chemise blanche,<em>\u00a0mais on dirait que les choses \u00e9voluent plut\u00f4t en notre faveur\u00a0\u00bb.<\/em><\/p>\n\n\n\n<h2 class=\"wp-block-heading\">Itamar Ben Gvir<\/h2>\n\n\n\n<p>Car aujourd\u2019hui c\u2019est au sein m\u00eame du gouvernement isra\u00e9lien que l\u2019on encourage ces pri\u00e8res. Leur plus ardent promoteur s\u2019appelle<strong>\u00a0Itamar Ben Gvir, figure de l\u2019extr\u00eame-droite, qui vient r\u00e9guli\u00e8rement prier ici.<\/strong>\u00a0Il est ministre de la S\u00e9curit\u00e9 nationale et donc de la police, ce qui facilite les choses. Interrog\u00e9e sur l\u2019activisme du ministre, cette Isra\u00e9lienne venue prier ce matin nous confie se sentir\u00a0<em>\u00ab<\/em>\u00a0<em>tr\u00e8s tr\u00e8s reconnaissante\u00a0\u00bb.\u00a0<\/em>Habitante d\u2019une colonie juive du nord de la Cisjordanie, elle vient prier ici depuis sept ou huit ans<em>. \u00ab\u00a0Je vois les changements et j\u2019en suis tr\u00e8s heureuse,\u00a0<\/em>dit-elle,<em>\u00a0maintenant pouvons prier, nous pouvons chanter, nous pouvons nous prosterner\u00a0\u00bb.\u00a0<\/em>Elle dit se r\u00e9jouir aussi de la pr\u00e9sence polici\u00e8re pour\u00a0<em>\u00ab\u00a0prot\u00e9ger les juifs\u00a0\u00bb<\/em>.\u00a0<em>\u00a0<\/em><\/p>\n\n\n\n<h2 class=\"wp-block-heading\">Condamnations internationales<\/h2>\n\n\n\n<p>Le premier ministre isra\u00e9lien Benyamin Netanyahou rappelle r\u00e9guli\u00e8rement que son pays reste attach\u00e9 au statu-quo sur l\u2019Esplanade des Mosqu\u00e9es mais rien ne semble freiner les ardeurs de ses alli\u00e9s ultra-nationalistes religieux. Ces pri\u00e8res tr\u00e8s politiques et de plus en plus fr\u00e9quentes suscitent des condamnations et des mises en garde dans le monde entier.<\/p>\n\n\n\n<p>Du c\u00f4t\u00e9 des autorit\u00e9s religieuses juives, de tr\u00e8s nombreux rabbins isra\u00e9liens continuent de proscrire les pri\u00e8res \u00e0 cet endroit. Selon eux, le risque est grand pour les fid\u00e8les de commettre la faute de marcher sur le \u00ab&nbsp;<em>Saint des Saints<\/em>&nbsp;\u00bb, la partie la plus sacr\u00e9e du Temple juif (d\u00e9truit par les Romans en 70 apr\u00e8s JC).<\/p>\n\n\n\n<p><\/p>\n\n\n\n<p><a href=\"https:\/\/www.facebook.com\/dialog\/share?app_id=113191652055439&amp;href=https%3A%2F%2Frfi.my%2FAvrS.F&amp;redirect_uri=https%3A%2F%2Fwww.rfi.fr%2Ffr%2Fmoyen-orient%2F20240905-sur-l-esplanade-des-mosqu%25C3%25A9es-%25C3%25A0-j%25C3%25A9rusalem-des-pri%25C3%25A8res-juives-d%25C3%25A9fient-le-statu-quo&amp;locale=fr_FR\" target=\"_blank\" rel=\"noreferrer noopener\"><\/a><a href=\"https:\/\/x.com\/intent\/tweet?url=https%3A%2F%2Frfi.my%2FAvrS.X&amp;via=RFI&amp;related=NicolasFalezRFI&amp;text=Sur%20l%E2%80%99esplanade%20des%20Mosqu%C3%A9es%20%C3%A0%20J%C3%A9rusalem%20des%20pri%C3%A8res%20juives%20d%C3%A9fient%20le%20%C2%ABstatu%20quo%C2%BB&amp;lang=fr\" target=\"_blank\" rel=\"noreferrer noopener\"><\/a><\/p>\n","protected":false},"excerpt":{"rendered":"<p>C\u2019est l\u2019un des lieux ultra-sensibles du conflit isra\u00e9lo-palestinien&nbsp;: esplanade des Mosqu\u00e9es pour les musulmans, mont du Temple pour les juifs,<\/p>\n","protected":false},"author":1,"featured_media":41618,"comment_status":"open","ping_status":"open","sticky":false,"template":"","format":"standard","meta":{"footnotes":""},"categories":[51],"tags":[],"class_list":["post-41617","post","type-post","status-publish","format-standard","has-post-thumbnail","hentry","category-general"],"_links":{"self":[{"href":"https:\/\/dekkbi.com\/index.php?rest_route=\/wp\/v2\/posts\/41617","targetHints":{"allow":["GET"]}}],"collection":[{"href":"https:\/\/dekkbi.com\/index.php?rest_route=\/wp\/v2\/posts"}],"about":[{"href":"https:\/\/dekkbi.com\/index.php?rest_route=\/wp\/v2\/types\/post"}],"author":[{"embeddable":true,"href":"https:\/\/dekkbi.com\/index.php?rest_route=\/wp\/v2\/users\/1"}],"replies":[{"embeddable":true,"href":"https:\/\/dekkbi.com\/index.php?rest_route=%2Fwp%2Fv2%2Fcomments&post=41617"}],"version-history":[{"count":1,"href":"https:\/\/dekkbi.com\/index.php?rest_route=\/wp\/v2\/posts\/41617\/revisions"}],"predecessor-version":[{"id":41619,"href":"https:\/\/dekkbi.com\/index.php?rest_route=\/wp\/v2\/posts\/41617\/revisions\/41619"}],"wp:featuredmedia":[{"embeddable":true,"href":"https:\/\/dekkbi.com\/index.php?rest_route=\/wp\/v2\/media\/41618"}],"wp:attachment":[{"href":"https:\/\/dekkbi.com\/index.php?rest_route=%2Fwp%2Fv2%2Fmedia&parent=41617"}],"wp:term":[{"taxonomy":"category","embeddable":true,"href":"https:\/\/dekkbi.com\/index.php?rest_route=%2Fwp%2Fv2%2Fcategories&post=41617"},{"taxonomy":"post_tag","embeddable":true,"href":"https:\/\/dekkbi.com\/index.php?rest_route=%2Fwp%2Fv2%2Ftags&post=41617"}],"curies":[{"name":"wp","href":"https:\/\/api.w.org\/{rel}","templated":true}]}}