{"id":41614,"date":"2024-09-05T09:56:22","date_gmt":"2024-09-05T09:56:22","guid":{"rendered":"https:\/\/dekkbi.com\/?p=41614"},"modified":"2024-09-05T09:56:22","modified_gmt":"2024-09-05T09:56:22","slug":"diourbel-insertion-des-jeunes-et-des-femmes-le-ministere-de-la-formation-professionnelle-cible-100-acteurs","status":"publish","type":"post","link":"https:\/\/dekkbi.com\/?p=41614","title":{"rendered":"Diourbel &#8211;  insertion des jeunes et des femmes : le minist\u00e8re de la Formation professionnelle cible 100 acteurs"},"content":{"rendered":"\n<p><strong>Un atelier de renforcement des capacit\u00e9s des stagiaires enr\u00f4l\u00e9s dans le cadre du programme d\u2019appui \u00e0 l\u2019insertion des jeunes et des femmes form\u00e9es sous l\u2019\u00e9gide du ministre de la Formation professionnelle, de l\u2019insertion et de l\u2019apprentissage a r\u00e9uni les diff\u00e9rents acteurs au d\u00e9veloppement de Diourbel. L\u2019objectif est d\u2019enr\u00f4ler plus de &nbsp;100 jeunes dans la r\u00e9gion.<\/strong><\/p>\n\n\n\n<p>Les entreprises de Diourbel rencontrent beaucoup de difficult\u00e9s li\u00e9es \u00e0 leur comptabilit\u00e9 mais aussi \u00e0 leur formalisation. C\u2019est pourquoi 33 jeunes de Diourbel ont re\u00e7u une formation dans le cadre du Programme d\u2019appui \u00e0 l\u2019insertion des jeunes et des femmes. Samba Laob\u00e9 Mbaye, le directeur de l\u2019Agence r\u00e9gionale de d\u00e9veloppement de Diourbel explique&nbsp;: \u00ab&nbsp;l\u2019objectif de cet atelier, c\u2019est de r\u00e9unir les 33 jeunes qui ont \u00e9t\u00e9&nbsp; enr\u00f4l\u00e9s apr\u00e8s un long processus de s\u00e9lection parce qu\u2019on avait fait un appel en candidature pour identifier les profils. Il y avait 435 jeunes qui avaient postul\u00e9. Et on avait un quota de 33 jeunes qui vont prendre fonction d\u00e8s aujourd\u2019hui (mardi-ndlr) parce qu\u2019on va signer aujourd\u2019hui la convention de partenariat avec les entreprises et signer un contrat de stage avec ces jeunes qui seront plac\u00e9s dans les entreprises pour un stage d\u2019incubation pour une p\u00e9riode de 10 mois&nbsp;\u00bb.<\/p>\n\n\n\n<p>Et il poursuit&nbsp;: \u00ab&nbsp;on avait fait un stage d\u2019ing\u00e9nierie sociale, d\u2019analyse des besoins des entreprises. Sur cette base, on a recrut\u00e9 des profils. Nous avons profit\u00e9 de cette passion pour inviter l\u2019inspecteur du Travail qui va nous faire une pr\u00e9sentation sur la l\u00e9gislation du travail, les droits du stagiaire. L\u2019objectif est de coacher les jeunes pour que l\u2019entreprise devienne beaucoup plus performante. L\u2019objectif, c\u2019est aussi de pouvoir&nbsp; d\u2019enr\u00f4ler 100 jeunes dans la r\u00e9gion pour 3 ans. Mais au plan national, c\u2019est un objectif de 1400 jeunes dont 100 jeunes par r\u00e9gion. Nous sommes dans la continuit\u00e9. On est dans l\u2019employabilit\u00e9. La cartographie du secteur priv\u00e9 nous a permis de formaliser certaines entreprises&nbsp;\u00bb.<\/p>\n\n\n\n<p>Le psychologue-conseiller agent a la division de la planification et du suivi \u00e9valuation Mamadou Gu\u00e8ye a tenu \u00e0 rappeler qu\u2019il y a 300000 jeunes dipl\u00f4m\u00e9s qui sont dans le march\u00e9 du travail. \u00ab&nbsp;L\u2019Etat ne peut pas absorber ce gap. C\u2019est pourquoi nous avons nou\u00e9 un partenariat avec la coop\u00e9ration italienne pour pouvoir d\u00e9rouler ce projet d\u2019appui \u00e0 l\u2019insertion des jeunes et des femmes form\u00e9s dans les 14 r\u00e9gions du S\u00e9n\u00e9gal. Le co\u00fbt global tourne autour de plus de 3 milliards de Frs&nbsp;\u00bb.<\/p>\n\n\n\n<p><strong>ADAMA NDIAYE<\/strong><\/p>\n","protected":false},"excerpt":{"rendered":"<p>Un atelier de renforcement des capacit\u00e9s des stagiaires enr\u00f4l\u00e9s dans le cadre du programme d\u2019appui \u00e0 l\u2019insertion des jeunes et<\/p>\n","protected":false},"author":1,"featured_media":41615,"comment_status":"open","ping_status":"open","sticky":false,"template":"","format":"standard","meta":{"footnotes":""},"categories":[3],"tags":[],"class_list":["post-41614","post","type-post","status-publish","format-standard","has-post-thumbnail","hentry","category-event-more-news"],"_links":{"self":[{"href":"https:\/\/dekkbi.com\/index.php?rest_route=\/wp\/v2\/posts\/41614","targetHints":{"allow":["GET"]}}],"collection":[{"href":"https:\/\/dekkbi.com\/index.php?rest_route=\/wp\/v2\/posts"}],"about":[{"href":"https:\/\/dekkbi.com\/index.php?rest_route=\/wp\/v2\/types\/post"}],"author":[{"embeddable":true,"href":"https:\/\/dekkbi.com\/index.php?rest_route=\/wp\/v2\/users\/1"}],"replies":[{"embeddable":true,"href":"https:\/\/dekkbi.com\/index.php?rest_route=%2Fwp%2Fv2%2Fcomments&post=41614"}],"version-history":[{"count":1,"href":"https:\/\/dekkbi.com\/index.php?rest_route=\/wp\/v2\/posts\/41614\/revisions"}],"predecessor-version":[{"id":41616,"href":"https:\/\/dekkbi.com\/index.php?rest_route=\/wp\/v2\/posts\/41614\/revisions\/41616"}],"wp:featuredmedia":[{"embeddable":true,"href":"https:\/\/dekkbi.com\/index.php?rest_route=\/wp\/v2\/media\/41615"}],"wp:attachment":[{"href":"https:\/\/dekkbi.com\/index.php?rest_route=%2Fwp%2Fv2%2Fmedia&parent=41614"}],"wp:term":[{"taxonomy":"category","embeddable":true,"href":"https:\/\/dekkbi.com\/index.php?rest_route=%2Fwp%2Fv2%2Fcategories&post=41614"},{"taxonomy":"post_tag","embeddable":true,"href":"https:\/\/dekkbi.com\/index.php?rest_route=%2Fwp%2Fv2%2Ftags&post=41614"}],"curies":[{"name":"wp","href":"https:\/\/api.w.org\/{rel}","templated":true}]}}