{"id":41574,"date":"2024-09-05T09:03:55","date_gmt":"2024-09-05T09:03:55","guid":{"rendered":"https:\/\/dekkbi.com\/?p=41574"},"modified":"2024-09-05T09:49:11","modified_gmt":"2024-09-05T09:49:11","slug":"le-chef-de-letat-met-fin-aux-fonctions-des-presidents-du-hcct-et-du-cese","status":"publish","type":"post","link":"https:\/\/dekkbi.com\/?p=41574","title":{"rendered":"Le chef de l\u2019Etat met fin aux fonctions des pr\u00e9sidents du HCCT et du CESE"},"content":{"rendered":"\n<p>Dakar,  (APS) \u2013 Le pr\u00e9sident de la R\u00e9publique, Bassirou Diomaye Faye, a mis fin, mercredi, aux fonctions de la pr\u00e9sidente du Haut conseil des collectivit\u00e9s territoriales, Aminata Mbengue Ndiaye, et \u00e0 celles du pr\u00e9sident du Conseil \u00e9conomique social et environnemental, Abdoulaye Daouda Diallo, a-t-on appris de source officielle.<\/p>\n\n\n\n<p>\u2018\u2019Le Pr\u00e9sident de la R\u00e9publique, Bassirou Diomave Diakhar Faye, par d\u00e9crets en date du 04 septembre 2024, a mis fin aux fonctions de Madame Aminata Mbengue Ndiaye, Pr\u00e9sident du Haut Conseil des Collectivit\u00e9s territoriales et de Monsieur Abdoulaye Daouda Diallo, Pr\u00e9sident du Conseil \u00e9conomique, social et environnemental\u2019\u2019, indique dans un communiqu\u00e9, le ministre, Secr\u00e9taire g\u00e9n\u00e9ral de la Pr\u00e9sidence de la R\u00e9publique, Oumar Samba Ba.<\/p>\n\n\n\n<p>Le limogeage des pr\u00e9sidents du HCCT et du CESE survient deux jours apr\u00e8s le rejet par l\u2019Assembl\u00e9e nationale (par 83 voix contre 80) d\u2019un projet de loi visant \u00e0 modifier la Constitution afin de pouvoir dissoudre ces deux institutions.<\/p>\n\n\n\n<p>Une nouvelle s\u00e9quence d\u2019un bras de fer entre le pouvoir et l\u2019opposition parlementaire regroup\u00e9e autour du groupe Benno Bokk Yakaar, majoritaire \u00e0 l\u2019Assembl\u00e9e nationale.<\/p>\n\n\n\n<p>Dans la foul\u00e9e de l\u2019examen lundi du projet de loi portant suppression des deux institutions \u00e9voqu\u00e9es, Abdou Mbow, pr\u00e9sident du groupe parlementaire de l\u2019opposition a annonc\u00e9 le d\u00e9p\u00f4t d\u2019une motion censure pour faire tomber le gouvernement dirig\u00e9 par Ousmane Sonko.<\/p>\n\n\n\n<p>Mercredi, dans l\u2019extrait d\u2019une vid\u00e9o partag\u00e9e sur les r\u00e9seaux sociaux, le chef du gouvernement a soutenu, en recevant des agents de la Primature, qu\u2019il n\u2019y aura pas de motion de censure.<\/p>\n\n\n\n<p>Il n\u2019a pas manqu\u00e9 de promettre que le mandat des d\u00e9put\u00e9s prendra fin le 12 septembre. Une allusion \u00e0 une probable dissolution de l\u2019Assembl\u00e9e nationale.<\/p>\n\n\n\n<p>Une pr\u00e9rogative conf\u00e9r\u00e9e par la Constitution au chef de l\u2019Etat, deux ans apr\u00e8s l\u2019installation de la l\u00e9gislature.<\/p>\n\n\n\n<p>AKS\/OID<\/p>\n","protected":false},"excerpt":{"rendered":"<p>Dakar, (APS) \u2013 Le pr\u00e9sident de la R\u00e9publique, Bassirou Diomaye Faye, a mis fin, mercredi, aux fonctions de la pr\u00e9sidente<\/p>\n","protected":false},"author":1,"featured_media":41607,"comment_status":"open","ping_status":"open","sticky":false,"template":"","format":"standard","meta":{"footnotes":""},"categories":[6],"tags":[],"class_list":["post-41574","post","type-post","status-publish","format-standard","has-post-thumbnail","hentry","category-politics"],"_links":{"self":[{"href":"https:\/\/dekkbi.com\/index.php?rest_route=\/wp\/v2\/posts\/41574","targetHints":{"allow":["GET"]}}],"collection":[{"href":"https:\/\/dekkbi.com\/index.php?rest_route=\/wp\/v2\/posts"}],"about":[{"href":"https:\/\/dekkbi.com\/index.php?rest_route=\/wp\/v2\/types\/post"}],"author":[{"embeddable":true,"href":"https:\/\/dekkbi.com\/index.php?rest_route=\/wp\/v2\/users\/1"}],"replies":[{"embeddable":true,"href":"https:\/\/dekkbi.com\/index.php?rest_route=%2Fwp%2Fv2%2Fcomments&post=41574"}],"version-history":[{"count":1,"href":"https:\/\/dekkbi.com\/index.php?rest_route=\/wp\/v2\/posts\/41574\/revisions"}],"predecessor-version":[{"id":41576,"href":"https:\/\/dekkbi.com\/index.php?rest_route=\/wp\/v2\/posts\/41574\/revisions\/41576"}],"wp:featuredmedia":[{"embeddable":true,"href":"https:\/\/dekkbi.com\/index.php?rest_route=\/wp\/v2\/media\/41607"}],"wp:attachment":[{"href":"https:\/\/dekkbi.com\/index.php?rest_route=%2Fwp%2Fv2%2Fmedia&parent=41574"}],"wp:term":[{"taxonomy":"category","embeddable":true,"href":"https:\/\/dekkbi.com\/index.php?rest_route=%2Fwp%2Fv2%2Fcategories&post=41574"},{"taxonomy":"post_tag","embeddable":true,"href":"https:\/\/dekkbi.com\/index.php?rest_route=%2Fwp%2Fv2%2Ftags&post=41574"}],"curies":[{"name":"wp","href":"https:\/\/api.w.org\/{rel}","templated":true}]}}