{"id":4155,"date":"2022-11-30T13:23:52","date_gmt":"2022-11-30T13:23:52","guid":{"rendered":"https:\/\/dekkbi.com\/?p=4155"},"modified":"2022-11-30T13:24:28","modified_gmt":"2022-11-30T13:24:28","slug":"mali-le-mediateur-plutot-satisfait-du-processus-pour-un-retour-des-civils-au-pouvoir","status":"publish","type":"post","link":"https:\/\/dekkbi.com\/?p=4155","title":{"rendered":"Mali: le m\u00e9diateur \u00ab\u00a0plut\u00f4t satisfait\u00a0\u00bb du processus pour un retour des civils au pouvoir"},"content":{"rendered":"\n<p><a href=\"https:\/\/www.addthis.com\/bookmark.php?v=300\"><\/a><a href=\"https:\/\/www.addthis.com\/bookmark.php?v=300\"><\/a><a rel=\"noreferrer noopener\" href=\"https:\/\/www.addthis.com\/bookmark.php?v=300\" target=\"_blank\"><\/a><a rel=\"noreferrer noopener\" href=\"https:\/\/www.addthis.com\/bookmark.php?v=300\" target=\"_blank\"><\/a>Le m\u00e9diateur ouest-africain dans la crise politique au Mali a d\u00e9cern\u00e9 mardi soir un satisfecit \u00e0 la junte dirigeante en d\u00e9clarant que le processus cens\u00e9 mener \u00e0 un retour des civils au pouvoir \u00ab\u00a0se d\u00e9roule bien\u00a0\u00bb et que les autorit\u00e9s s&rsquo;y consacrent \u00ab\u00a0totalement\u00a0\u00bb.<\/p>\n\n\n\n<p>L&rsquo;ancien pr\u00e9sident nig\u00e9rian Goodluck Jonathan est arriv\u00e9 mardi dans ce pays th\u00e9\u00e2tre de deux coups d&rsquo;Etat militaires depuis 2020, en vue d&rsquo;un sommet des dirigeants de la Communaut\u00e9 \u00e9conomique des Etats de l&rsquo;Afrique de l&rsquo;Ouest (CEDEAO) pr\u00e9vu dimanche au Nigeria.<\/p>\n\n\n\n<p>La CEDEAO fait pression depuis plus de deux ans sur la junte qui a pris le pouvoir par la force en ao\u00fbt 2020 pour qu&rsquo;elle le rende rapidement aux civils.<\/p>\n\n\n\n<p>\u00ab\u00a0Nous sommes plut\u00f4t satisfaits de ce qui est en train de se passer, le programme de la transition se d\u00e9roule bien\u00a0\u00bb, a dit l&rsquo;\u00e9missaire ouest-africain devant des journalistes apr\u00e8s avoir rencontr\u00e9 des responsables gouvernementaux maliens et le chef de la junte, le colonel Assimi Go\u00efta, qui s&rsquo;est fait investir pr\u00e9sident en 2021.<\/p>\n\n\n\n<p>Apr\u00e8s leur premier coup de force, les militaires avaient accept\u00e9 sous la pression de la CEDEAO et d&rsquo;une partie de la communaut\u00e9 internationale de rendre les commandes au bout de 18 mois. Mais apr\u00e8s avoir renforc\u00e9 leur emprise par un nouveau putsch en mai 2021, ils avaient r\u00e9voqu\u00e9 leur engagement et comptaient en janvier 2022 rester jusqu&rsquo;\u00e0 cinq ann\u00e9es suppl\u00e9mentaires. La CEDEAO avait alors inflig\u00e9 un embargo commercial et financier au Mali.<\/p>\n\n\n\n<p>Les militaires ont fini par accepter de c\u00e9der la place en mars 2024 apr\u00e8s des \u00e9lections. La CEDEAO a lev\u00e9 l&#8217;embargo en juillet, mais a maintenu les sanctions individuelles contre des dizaines de membres ou proches de la junte. Le Mali continue aussi d&rsquo;\u00eatre suspendu des organes de d\u00e9cision de la CEDEAO.<\/p>\n\n\n\n<p>\u00ab\u00a0Il reste des probl\u00e8mes dans quelques domaines, mais on nous a rassur\u00e9s quant au fait que ces probl\u00e8mes n&rsquo;affecteraient pas le programme de la transition\u00a0\u00bb, a d\u00e9clar\u00e9 Goodluck Jonathan.<\/p>\n\n\n\n<p>\u00ab\u00a0Le gouvernement se consacre totalement \u00e0 la t\u00e2che, c&rsquo;est ce que nous voulons et les dirigeants de la CEDEAO seront heureux d&rsquo;entendre cela\u00a0\u00bb dimanche, a-t-il ajout\u00e9.<\/p>\n\n\n\n<p>Outre l&rsquo;avanc\u00e9e du processus dit de transition, les dirigeants des Etats membres de la CEDEAO devraient se pencher sur la situation de 46 soldats ivoiriens retenus depuis juillet au Mali, source de fortes tensions entre les deux pays.<\/p>\n\n\n\n<p>La CEDEAO avait d\u00e9cid\u00e9 lors d&rsquo;un sommet en septembre de d\u00e9p\u00eacher au Mali une d\u00e9l\u00e9gation de haut niveau pour tenter de d\u00e9nouer la crise. Mais aucun progr\u00e8s n&rsquo;a \u00e9t\u00e9 rapport\u00e9 apr\u00e8s cette mission men\u00e9e fin septembre.<\/p>\n\n\n\n<p>Depuis, la C\u00f4te d&rsquo;Ivoire a annonc\u00e9 le retrait de son contingent participant \u00e0 la mission de paix de l&rsquo;ONU d\u00e9ploy\u00e9e au Mali, pays en proie \u00e0 la propagation jihadiste et \u00e0 une crise multidimensionnelle depuis 2012.<\/p>\n\n\n\n<p><\/p>\n\n\n\n<p>\u00a9 2022 AFP<\/p>\n\n\n\n<p><\/p>\n","protected":false},"excerpt":{"rendered":"<p>Le m\u00e9diateur ouest-africain dans la crise politique au Mali a d\u00e9cern\u00e9 mardi soir un satisfecit \u00e0 la junte dirigeante en<\/p>\n","protected":false},"author":1,"featured_media":4156,"comment_status":"open","ping_status":"open","sticky":false,"template":"","format":"standard","meta":{"footnotes":""},"categories":[51],"tags":[],"class_list":["post-4155","post","type-post","status-publish","format-standard","has-post-thumbnail","hentry","category-general"],"_links":{"self":[{"href":"https:\/\/dekkbi.com\/index.php?rest_route=\/wp\/v2\/posts\/4155","targetHints":{"allow":["GET"]}}],"collection":[{"href":"https:\/\/dekkbi.com\/index.php?rest_route=\/wp\/v2\/posts"}],"about":[{"href":"https:\/\/dekkbi.com\/index.php?rest_route=\/wp\/v2\/types\/post"}],"author":[{"embeddable":true,"href":"https:\/\/dekkbi.com\/index.php?rest_route=\/wp\/v2\/users\/1"}],"replies":[{"embeddable":true,"href":"https:\/\/dekkbi.com\/index.php?rest_route=%2Fwp%2Fv2%2Fcomments&post=4155"}],"version-history":[{"count":1,"href":"https:\/\/dekkbi.com\/index.php?rest_route=\/wp\/v2\/posts\/4155\/revisions"}],"predecessor-version":[{"id":4157,"href":"https:\/\/dekkbi.com\/index.php?rest_route=\/wp\/v2\/posts\/4155\/revisions\/4157"}],"wp:featuredmedia":[{"embeddable":true,"href":"https:\/\/dekkbi.com\/index.php?rest_route=\/wp\/v2\/media\/4156"}],"wp:attachment":[{"href":"https:\/\/dekkbi.com\/index.php?rest_route=%2Fwp%2Fv2%2Fmedia&parent=4155"}],"wp:term":[{"taxonomy":"category","embeddable":true,"href":"https:\/\/dekkbi.com\/index.php?rest_route=%2Fwp%2Fv2%2Fcategories&post=4155"},{"taxonomy":"post_tag","embeddable":true,"href":"https:\/\/dekkbi.com\/index.php?rest_route=%2Fwp%2Fv2%2Ftags&post=4155"}],"curies":[{"name":"wp","href":"https:\/\/api.w.org\/{rel}","templated":true}]}}