{"id":41546,"date":"2024-09-04T11:29:45","date_gmt":"2024-09-04T11:29:45","guid":{"rendered":"https:\/\/dekkbi.com\/?p=41546"},"modified":"2024-09-04T11:30:22","modified_gmt":"2024-09-04T11:30:22","slug":"en-pleine-crise-politique-edouard-philippe-annonce-sa-candidature-a-lelysee","status":"publish","type":"post","link":"https:\/\/dekkbi.com\/?p=41546","title":{"rendered":"En pleine crise politique, \u00c9douard Philippe annonce sa candidature \u00e0 l&rsquo;\u00c9lys\u00e9e"},"content":{"rendered":"\n<p>\u00c9douard Philippe a officialis\u00e9 sa candidature \u00e0 l&rsquo;\u00e9lection pr\u00e9sidentielle de 2027, mardi soir, dans un entretien accord\u00e9 \u00e0 l&rsquo;hebdomadaire Le Point. L&rsquo;ancien Premier ministre&nbsp;trace la perspective de l&rsquo;apr\u00e8s-Macron \u2013 sans exclure une fin de mandat anticip\u00e9e \u2013 alors que dans le m\u00eame temps personne n&rsquo;a toujours \u00e9t\u00e9 nomm\u00e9 \u00e0 Matignon.<\/p>\n\n\n\n<p>Le chef du groupe parlementaire Horizons, \u00c9douard Philippe, devant le palais de l&rsquo;Elys\u00e9e \u00e0 Paris, le 23 ao\u00fbt 2024.&nbsp;\u00a9 Abdul Saboor, Reuters<\/p>\n\n\n\n<p>\u00ab\u00a0Je serai candidat \u00e0 la prochaine \u00e9lection pr\u00e9sidentielle\u00a0\u00bb. En pleine crise politique, et alors qu&rsquo;<a href=\"https:\/\/www.france24.com\/fr\/tag\/emmanuel-macron\/\">Emmanuel Macron<\/a>&nbsp;cherche toujours un candidat pour Matignon, \u00c9douard Philippe s&rsquo;est positionn\u00e9 comme un possible successeur au chef de l&rsquo;\u00c9tat,&nbsp;<a href=\"https:\/\/www.lepoint.fr\/politique\/exclusif-edouard-philippe-je-serai-candidat-a-la-prochaine-election-presidentielle-03-09-2024-2569359_20.php\" target=\"_blank\" rel=\"noreferrer noopener\">dans un entretien accord\u00e9 \u00e0 l&rsquo;hebdomadaire Le Point<\/a>&nbsp;publi\u00e9 mardi 3 septembre au soir.<\/p>\n\n\n\n<p>\u00ab\u00a0Le sens du timing. Le sens des priorit\u00e9s\u00a0\u00bb,&nbsp;<a href=\"https:\/\/twitter.com\/marinetondelier\/status\/1831033817420951674\" target=\"_blank\" rel=\"noreferrer noopener\">a rapidement r\u00e9agi sur X<\/a>&nbsp;la patronne des \u00c9cologistes, Marine Tondelier.<\/p>\n\n\n\n<p>Alors que les consultations s&rsquo;encha\u00eenent interminablement \u00e0 l&rsquo;<a href=\"https:\/\/www.france24.com\/fr\/tag\/%C3%A9lys%C3%A9e\/\">\u00c9lys\u00e9e<\/a>&nbsp;pour d\u00e9nouer la crise n\u00e9e de la dissolution et des l\u00e9gislatives anticip\u00e9es,&nbsp;<a href=\"https:\/\/www.france24.com\/fr\/tag\/%C3%A9douard-philippe\/\">\u00c9douard Philippe<\/a>&nbsp;confirme le grand dessein qui l&rsquo;occupe depuis sa sortie de Matignon en 2020, et pour lequel il a fond\u00e9 son propre parti, Horizons&nbsp;: la succession d&rsquo;Emmanuel Macron.<\/p>\n\n\n\n<p>Interrog\u00e9, l&rsquo;ancien prot\u00e9g\u00e9 d&rsquo;<a href=\"https:\/\/www.france24.com\/fr\/tag\/alain-jupp%C3%A9\/\">Alain Jupp\u00e9<\/a>&nbsp;\u00ab\u00a0confirme\u00a0\u00bb \u00e9galement qu&rsquo;il se tient pr\u00eat dans la perspective d&rsquo;une \u00e9lection pr\u00e9sidentielle anticip\u00e9e. Hypoth\u00e8se qui flotte dans l&rsquo;atmosph\u00e8re de la classe politique fran\u00e7aise, avec une Assembl\u00e9e sans majorit\u00e9 et une crise institutionnelle in\u00e9dite en Ve R\u00e9publique \u00e0 laquelle Emmanuel Macron est cens\u00e9 r\u00e9pondre en nommant un Premier ministre.<\/p>\n\n\n\n<h2 class=\"wp-block-heading\">Des ambitions \u00e9lys\u00e9ennes qui ne faisaient gu\u00e8re de doute<\/h2>\n\n\n\n<p>\u00ab\u00a0Ce n&rsquo;est pas une surprise. Il a d\u00e9j\u00e0 dit qu&rsquo;il se pr\u00e9parait, tout le monde le sait. Il dit les choses. Ce n&rsquo;est pas demain, il se pr\u00e9pare et sera candidat \u00e0 la prochaine \u00e9lection pr\u00e9sidentielle\u00a0\u00bb, explique un membre de son entourage.<\/p>\n\n\n\n<p>\u00ab\u00a0On vit un moment in\u00e9dit, difficile pour tout le monde, pour les Fran\u00e7ais, pour le chef de l&rsquo;\u00c9tat, pour l&rsquo;ex-majorit\u00e9\u00a0\u00bb. \u00ab\u00a0Faire preuve d&rsquo;individualisme\u00a0\u00bb, \u00ab\u00a0alors que l&rsquo;actualit\u00e9, l&rsquo;urgence, c&rsquo;est de trouver une stabilit\u00e9\u00a0\u00bb, et \u00ab\u00a0d\u00e9clarer sa candidature, ne me para\u00eet pas vraiment opportun aujourd&rsquo;hui\u00a0\u00bb, a r\u00e9agi sur LCI le pr\u00e9sident du groupe macroniste au S\u00e9nat, Fran\u00e7ois Patriat.<\/p>\n\n\n\n<p>Sollicit\u00e9, l&rsquo;\u00c9lys\u00e9e n&rsquo;a pas fait de commentaire.<\/p>\n\n\n\n<p>Les ambitions \u00e9lys\u00e9ennes ne faisaient effectivement gu\u00e8re de doute s&rsquo;agissant d&rsquo;\u00c9douard Philippe, qui s&rsquo;est employ\u00e9 \u00e0 cocher toutes les cases de l&rsquo;ascension vers l&rsquo;\u00e9lection-reine depuis son d\u00e9part de Matignon en 2020.<\/p>\n\n\n\n<p>\u00c0 lire aussi<a href=\"https:\/\/www.france24.com\/fr\/france\/20240827-%C3%A9cart%C3%A9-de-matignon-par-emmanuel-macron-le-nfp-va-tenter-d-accentuer-la-pression\">\u00c9cart\u00e9 de Matignon par Emmanuel Macron, le NFP \u201cva tenter d\u2019accentuer la pression\u201d<\/a><\/p>\n\n\n\n<p>Trois ans auparavant, Emmanuel Macron \u00e9lu \u00e0 l&rsquo;\u00c9lys\u00e9e confiait Matignon \u00e0 la surprise g\u00e9n\u00e9rale \u00e0 ce cadre des R\u00e9publicains (LR), \u00e9narque, \u00e9lu maire du Havre en 2010.<\/p>\n\n\n\n<p>Le bail \u00e0 Matignon fut parfois compliqu\u00e9, avec la violente crise des Gilets jaunes, et les relations avec le pr\u00e9sident rapidement d\u00e9licates. Elles aboutirent \u00e0 son remplacement par&nbsp;<a href=\"https:\/\/www.france24.com\/fr\/tag\/jean-castex\/\">Jean Castex<\/a>&nbsp;en juillet 2020, apr\u00e8s la premi\u00e8re phase de la crise du Covid qui a valu \u00e0 \u00c9douard Philippe une popularit\u00e9 notable, rare en quittant la rue de Varenne.<\/p>\n\n\n\n<h2 class=\"wp-block-heading\">Mise \u00e0 distance d&rsquo;Emmanuel Macron<\/h2>\n\n\n\n<p>Depuis, ce conseiller d&rsquo;\u00c9tat \u00e2g\u00e9 de 53 ans \u00e0 la silhouette longiligne, \u00e0 la barbe d&rsquo;abord brune, puis poivre et sel et presque disparue \u2013 en raison d&rsquo;alop\u00e9cie \u2013 s&rsquo;est employ\u00e9 \u00e0 pr\u00e9parer sa candidature, fondant fin 2021 sa propre formation, Horizons, avant m\u00eame la campagne de r\u00e9\u00e9lection d&rsquo;Emmanuel Macron.<\/p>\n\n\n\n<p>Tenu \u00e0 l&rsquo;\u00e9troit dans une majorit\u00e9 relative, cultivant \u00e0 l&rsquo;Assembl\u00e9e le credo \u00ab\u00a0loyal mais libre\u00a0\u00bb \u00e9dict\u00e9 par son patron, Horizons a hauss\u00e9 le ton apr\u00e8s la dissolution, accentuant son ind\u00e9pendance financi\u00e8re tout en parvenant, fait singulier dans l&rsquo;ex-majorit\u00e9, \u00e0 conserver son nombre de d\u00e9put\u00e9s.<\/p>\n\n\n\n<p>De quoi permettre \u00e0 \u00c9douard Philippe d&rsquo;afficher de plus en plus ostensiblement ses distances avec le chef de l&rsquo;\u00c9tat. Et de cultiver sa singularit\u00e9, quitte \u00e0 provoquer la pol\u00e9mique en revendiquant avoir partag\u00e9 un \u00ab\u00a0d\u00eener cordial\u00a0\u00bb avec&nbsp;<a href=\"https:\/\/www.france24.com\/fr\/tag\/marine-le-pen\/\">Marine Le Pen<\/a>&nbsp;l&rsquo;an pass\u00e9, ce qui lui a permis de constater, dit-il, \u00ab\u00a0des d\u00e9saccords tr\u00e8s profonds sur de tr\u00e8s nombreux sujets\u00a0\u00bb.<\/p>\n\n\n\n<p>Celui qui s&rsquo;\u00e9tait affirm\u00e9 en \u00ab\u00a0homme de droite\u00a0\u00bb sur le perron de Matignon en 2017 pr\u00f4ne depuis 2022 une coalition avec son ancienne formation des R\u00e9publicains, base politique qu&rsquo;il souhaite voir \u00e9largie dans sa conqu\u00eate du pouvoir \u00e0 une partie des sociaux-d\u00e9mocrates, une fois qualifi\u00e9e de \u00ab\u00a0gauche mitterrandienne\u00a0\u00bb.<\/p>\n\n\n\n<p>Dans Le Point, interrog\u00e9 sur&nbsp;<a href=\"https:\/\/www.france24.com\/fr\/tag\/xavier-bertrand\/\">Xavier Bertrand<\/a>&nbsp;et&nbsp;<a href=\"https:\/\/www.france24.com\/fr\/tag\/bernard-cazeneuve\/\">Bernard Cazeneuve<\/a>, \u00c9douard Philippe explique d&rsquo;ailleurs soutenir \u00ab\u00a0tout Premier ministre choisi dans un espace politique qui va de la droite conservatrice \u00e0 la social-d\u00e9mocratie\u00a0\u00bb. Et en profite pour appuyer sur ses th\u00e8mes de pr\u00e9dilection, comme l&rsquo;\u00e9ducation, l&rsquo;ordre public, et surtout la crise des finances publiques. L&rsquo;occasion d&rsquo;adresser une s\u00e9v\u00e8re critique \u00e0 la gestion du gouvernement sortant et ses objectifs de stabilisation du d\u00e9ficit \u00e0 3&nbsp;% en 2027 auxquels \u00ab\u00a0personne ne croit\u00a0\u00bb.<\/p>\n\n\n\n<p><em>Avec AFP<\/em> et FRANCE24<\/p>\n\n\n\n<p><\/p>\n","protected":false},"excerpt":{"rendered":"<p>\u00c9douard Philippe a officialis\u00e9 sa candidature \u00e0 l&rsquo;\u00e9lection pr\u00e9sidentielle de 2027, mardi soir, dans un entretien accord\u00e9 \u00e0 l&rsquo;hebdomadaire Le<\/p>\n","protected":false},"author":1,"featured_media":41548,"comment_status":"open","ping_status":"open","sticky":false,"template":"","format":"standard","meta":{"footnotes":""},"categories":[51],"tags":[],"class_list":["post-41546","post","type-post","status-publish","format-standard","has-post-thumbnail","hentry","category-general"],"_links":{"self":[{"href":"https:\/\/dekkbi.com\/index.php?rest_route=\/wp\/v2\/posts\/41546","targetHints":{"allow":["GET"]}}],"collection":[{"href":"https:\/\/dekkbi.com\/index.php?rest_route=\/wp\/v2\/posts"}],"about":[{"href":"https:\/\/dekkbi.com\/index.php?rest_route=\/wp\/v2\/types\/post"}],"author":[{"embeddable":true,"href":"https:\/\/dekkbi.com\/index.php?rest_route=\/wp\/v2\/users\/1"}],"replies":[{"embeddable":true,"href":"https:\/\/dekkbi.com\/index.php?rest_route=%2Fwp%2Fv2%2Fcomments&post=41546"}],"version-history":[{"count":1,"href":"https:\/\/dekkbi.com\/index.php?rest_route=\/wp\/v2\/posts\/41546\/revisions"}],"predecessor-version":[{"id":41549,"href":"https:\/\/dekkbi.com\/index.php?rest_route=\/wp\/v2\/posts\/41546\/revisions\/41549"}],"wp:featuredmedia":[{"embeddable":true,"href":"https:\/\/dekkbi.com\/index.php?rest_route=\/wp\/v2\/media\/41548"}],"wp:attachment":[{"href":"https:\/\/dekkbi.com\/index.php?rest_route=%2Fwp%2Fv2%2Fmedia&parent=41546"}],"wp:term":[{"taxonomy":"category","embeddable":true,"href":"https:\/\/dekkbi.com\/index.php?rest_route=%2Fwp%2Fv2%2Fcategories&post=41546"},{"taxonomy":"post_tag","embeddable":true,"href":"https:\/\/dekkbi.com\/index.php?rest_route=%2Fwp%2Fv2%2Ftags&post=41546"}],"curies":[{"name":"wp","href":"https:\/\/api.w.org\/{rel}","templated":true}]}}