{"id":4144,"date":"2022-11-30T12:48:34","date_gmt":"2022-11-30T12:48:34","guid":{"rendered":"https:\/\/dekkbi.com\/?p=4144"},"modified":"2022-11-30T12:48:35","modified_gmt":"2022-11-30T12:48:35","slug":"commercialisation-arachide-louverture-des-exportations-le-gros-ecueil","status":"publish","type":"post","link":"https:\/\/dekkbi.com\/?p=4144","title":{"rendered":"COMMERCIALISATION ARACHIDE &#8211; L\u2019ouverture des exportations, le gros \u00e9cueil"},"content":{"rendered":"\n<p>Hier, le Premier ministre Amadou B\u00e2 a pr\u00e9sid\u00e9 un Conseil interminist\u00e9riel sur la campagne de commercialisation de l\u2019arachide.&nbsp; Naturellement, le ministre de l\u2019Agriculture Aly Ngouille y a pris part, aux c\u00f4t\u00e9s du secr\u00e9taire g\u00e9n\u00e9ral du minist\u00e8re des Finances et des acteurs de la fili\u00e8re arachide.<\/p>\n\n\n\n<p>Ces derniers, situ\u00e9s \u00e0 diverses \u00e9chelles de la chaine de production, ont partag\u00e9 quelques une de leurs pr\u00e9occupations. Pour l\u2019essentiel, elles ont \u00e9t\u00e9 prises en compte et des consensus trouv\u00e9s, sauf pour la date d\u2019ouverture des exportations. Les&nbsp; producteurs veulent qu\u2019elles soient ouvertes une dizaine de jours apr\u00e8s le lancement de la campagne de commercialisation. A d\u00e9faut, qu\u2019une taxe soit impos\u00e9e sur les exportations.<\/p>\n\n\n\n<p>&nbsp;\u2018\u2019Je vais demander au ministre de&nbsp; recevoir les exportateurs. Ensemble, ils vont discuter. Le gouvernement a des propositions, mais comme nous l\u2019a sugg\u00e9r\u00e9 le pr\u00e9sident de la R\u00e9publique, nous pr\u00e9f\u00e9rons que les acteurs fassent d\u2019abord des recommandations. On verra s\u2019il faut ouvrir maintenant et mettre une taxe ou s\u2019il faut d\u00e9caler la date\u2019\u2019, a dit Amadou B\u00e2.<\/p>\n\n\n\n<p>Par ailleurs, des acteurs ont \u00e9voqu\u00e9 leurs difficult\u00e9s \u00e0 rembourser leurs cr\u00e9dits. Amadou B\u00e2&nbsp; les a rassur\u00e9s. Il a annonc\u00e9 une rencontre entre les producteurs et le secr\u00e9taire g\u00e9n\u00e9ral du minist\u00e8re des Finances et du Budget, pour \u00e9tablir un plan et des modalit\u00e9s de remboursement de la dette paysanne, les dettes&nbsp; certifi\u00e9es.<\/p>\n\n\n\n<p>\u00c0 cette rencontre, a \u00e9t\u00e9 rappel\u00e9 le prix plancher fix\u00e9 pour la vente du kilogramme de l\u2019arachide. Il est fix\u00e9 \u00e0 275 F CFA. \u2018\u2019Si quelqu\u2019un trouve un meilleur prix, il a le droit de le vendre \u00e0 ce prix choisi. Il n\u2019y aura aucune r\u00e9primande. Ce qui est interdit, c\u2019est de vendre en de\u00e7\u00e0 de 275 F CFA\u2019\u2019, a rappel Amadou B\u00e2.<\/p>\n\n\n\n<p>SOURCE ENQUETES PLUS<\/p>\n","protected":false},"excerpt":{"rendered":"<p>Hier, le Premier ministre Amadou B\u00e2 a pr\u00e9sid\u00e9 un Conseil interminist\u00e9riel sur la campagne de commercialisation de l\u2019arachide.&nbsp; Naturellement, le<\/p>\n","protected":false},"author":1,"featured_media":3059,"comment_status":"open","ping_status":"open","sticky":false,"template":"","format":"standard","meta":{"footnotes":""},"categories":[3],"tags":[],"class_list":["post-4144","post","type-post","status-publish","format-standard","has-post-thumbnail","hentry","category-event-more-news"],"_links":{"self":[{"href":"https:\/\/dekkbi.com\/index.php?rest_route=\/wp\/v2\/posts\/4144","targetHints":{"allow":["GET"]}}],"collection":[{"href":"https:\/\/dekkbi.com\/index.php?rest_route=\/wp\/v2\/posts"}],"about":[{"href":"https:\/\/dekkbi.com\/index.php?rest_route=\/wp\/v2\/types\/post"}],"author":[{"embeddable":true,"href":"https:\/\/dekkbi.com\/index.php?rest_route=\/wp\/v2\/users\/1"}],"replies":[{"embeddable":true,"href":"https:\/\/dekkbi.com\/index.php?rest_route=%2Fwp%2Fv2%2Fcomments&post=4144"}],"version-history":[{"count":1,"href":"https:\/\/dekkbi.com\/index.php?rest_route=\/wp\/v2\/posts\/4144\/revisions"}],"predecessor-version":[{"id":4145,"href":"https:\/\/dekkbi.com\/index.php?rest_route=\/wp\/v2\/posts\/4144\/revisions\/4145"}],"wp:featuredmedia":[{"embeddable":true,"href":"https:\/\/dekkbi.com\/index.php?rest_route=\/wp\/v2\/media\/3059"}],"wp:attachment":[{"href":"https:\/\/dekkbi.com\/index.php?rest_route=%2Fwp%2Fv2%2Fmedia&parent=4144"}],"wp:term":[{"taxonomy":"category","embeddable":true,"href":"https:\/\/dekkbi.com\/index.php?rest_route=%2Fwp%2Fv2%2Fcategories&post=4144"},{"taxonomy":"post_tag","embeddable":true,"href":"https:\/\/dekkbi.com\/index.php?rest_route=%2Fwp%2Fv2%2Ftags&post=4144"}],"curies":[{"name":"wp","href":"https:\/\/api.w.org\/{rel}","templated":true}]}}