{"id":41423,"date":"2024-09-03T10:58:33","date_gmt":"2024-09-03T10:58:33","guid":{"rendered":"https:\/\/dekkbi.com\/?p=41423"},"modified":"2024-09-03T10:58:34","modified_gmt":"2024-09-03T10:58:34","slug":"une-journee-de-solidarite-avec-le-peuple-palestinien-prevue-a-la-veille-du-gamou-de-medina-baye","status":"publish","type":"post","link":"https:\/\/dekkbi.com\/?p=41423","title":{"rendered":"Une journ\u00e9e de solidarit\u00e9 avec le peuple palestinien pr\u00e9vue \u00e0 la veille du Gamou de M\u00e9dina Baye"},"content":{"rendered":"\n<p>(APS) \u2013 Une journ\u00e9e de solidarit\u00e9 avec le peuple palestinien est pr\u00e9vue \u00e0 la veille du Gamou international de M\u00e9dina Baye, a appris l\u2019APS du comit\u00e9 d\u2019organisation de cette manifestation religieuse comm\u00e9morant la naissance du Proph\u00e8te de l\u2019Islam Mahomet (PSL).<\/p>\n\n\n\n<p>\u201dCette ann\u00e9e, nous allons organiser une journ\u00e9e de solidarit\u00e9 avec le peuple palestinien. Ce sera la veille du Gamou, en pr\u00e9sence de l\u2019ambassade de la Palestine, et plusieurs d\u00e9l\u00e9gations \u00e9trang\u00e8res, pour leur montrer notre soutien\u201d, a annonc\u00e9 Baye Mamoune Niass, lors de la r\u00e9union nationale consacr\u00e9e aux pr\u00e9paratifs du Gamou.<\/p>\n\n\n\n<p>S\u2019adressant au ministre de l\u2019Int\u00e9rieur, Jean Baptiste Tine, qui pr\u00e9sidait la r\u00e9union, le guide religieux a magnifi\u00e9 la sortie du Premier ministre, Ousmane Sonko qui promet un renforcement du soutien s\u00e9n\u00e9galais \u00e0 la cause palestinienne.<\/p>\n\n\n\n<p>Le chef du gouvernement qui participait, samedi, \u00e0 Dakar, \u00e0 une manifestation de soutien au peuple palestinien a demand\u00e9 \u00e0 \u201dtoute la communaut\u00e9 musulmane de cr\u00e9er un bloc pour d\u00e9fendre la Palestine.\u201d<\/p>\n\n\n\n<p>\u201dCette prise de position t\u00e9moigne du courage, de l\u2019amour et de l\u2019engagement que le Premier ministre a envers ce peuple opprim\u00e9 et les causes justes\u201d, a ainsi magnifi\u00e9 Baye Mamoune Niass.<\/p>\n\n\n\n<p>Pour sa part, le porte-parole du Khalife et imam de la grande mosqu\u00e9e de M\u00e9dina Baye, Serigne Mahi Ciss\u00e9 a salu\u00e9 \u201dla pr\u00e9sence sans faille\u201d des autorit\u00e9s gouvernementales aupr\u00e8s du comit\u00e9 d\u2019organisation.<\/p>\n\n\n\n<p>Pour cette \u00e9dition du Gamou, il a demand\u00e9 aux autorit\u00e9s d\u2019accorder une attention particuli\u00e8re \u00e0 l\u2019eau et \u00e0 l\u2019assainissement en cette p\u00e9riode d\u2019hivernage.<\/p>\n\n\n\n<p>Selon le ministre de l\u2019Int\u00e9rieur Jean Baptiste Tine, \u201dtoutes les dispositions sont d\u00e9j\u00e0 prises\u201d, relevant \u00e0 ce niveau que le gouverneur de la r\u00e9gion et le directeur de l\u2019administration territoriale vont assurer le suivi au quotidien des mesures prises.<\/p>\n\n\n\n<p>Source: Sud Quotidien<\/p>\n","protected":false},"excerpt":{"rendered":"<p>(APS) \u2013 Une journ\u00e9e de solidarit\u00e9 avec le peuple palestinien est pr\u00e9vue \u00e0 la veille du Gamou international de M\u00e9dina<\/p>\n","protected":false},"author":1,"featured_media":41424,"comment_status":"open","ping_status":"open","sticky":false,"template":"","format":"standard","meta":{"footnotes":""},"categories":[21],"tags":[],"class_list":["post-41423","post","type-post","status-publish","format-standard","has-post-thumbnail","hentry","category-societe"],"_links":{"self":[{"href":"https:\/\/dekkbi.com\/index.php?rest_route=\/wp\/v2\/posts\/41423","targetHints":{"allow":["GET"]}}],"collection":[{"href":"https:\/\/dekkbi.com\/index.php?rest_route=\/wp\/v2\/posts"}],"about":[{"href":"https:\/\/dekkbi.com\/index.php?rest_route=\/wp\/v2\/types\/post"}],"author":[{"embeddable":true,"href":"https:\/\/dekkbi.com\/index.php?rest_route=\/wp\/v2\/users\/1"}],"replies":[{"embeddable":true,"href":"https:\/\/dekkbi.com\/index.php?rest_route=%2Fwp%2Fv2%2Fcomments&post=41423"}],"version-history":[{"count":1,"href":"https:\/\/dekkbi.com\/index.php?rest_route=\/wp\/v2\/posts\/41423\/revisions"}],"predecessor-version":[{"id":41425,"href":"https:\/\/dekkbi.com\/index.php?rest_route=\/wp\/v2\/posts\/41423\/revisions\/41425"}],"wp:featuredmedia":[{"embeddable":true,"href":"https:\/\/dekkbi.com\/index.php?rest_route=\/wp\/v2\/media\/41424"}],"wp:attachment":[{"href":"https:\/\/dekkbi.com\/index.php?rest_route=%2Fwp%2Fv2%2Fmedia&parent=41423"}],"wp:term":[{"taxonomy":"category","embeddable":true,"href":"https:\/\/dekkbi.com\/index.php?rest_route=%2Fwp%2Fv2%2Fcategories&post=41423"},{"taxonomy":"post_tag","embeddable":true,"href":"https:\/\/dekkbi.com\/index.php?rest_route=%2Fwp%2Fv2%2Ftags&post=41423"}],"curies":[{"name":"wp","href":"https:\/\/api.w.org\/{rel}","templated":true}]}}