{"id":41418,"date":"2024-09-03T10:40:43","date_gmt":"2024-09-03T10:40:43","guid":{"rendered":"https:\/\/dekkbi.com\/?p=41418"},"modified":"2024-09-03T10:45:08","modified_gmt":"2024-09-03T10:45:08","slug":"gouvernance-serie-de-questions-de-r-les-republicains-le-duo-diomaye-sonko-interpelle-sur-la-confusion-des-roles","status":"publish","type":"post","link":"https:\/\/dekkbi.com\/?p=41418","title":{"rendered":"Gouvernance \u2013 S\u00e9rie de questions de \u00abR Les R\u00e9publicains\u00bb : Le duo Diomaye-Sonko interpell\u00e9 sur la \u00abconfusion des r\u00f4les\u00bb"},"content":{"rendered":"\n<p><strong>La \u00abconfusion\u00bb des r\u00f4les au sommet de l\u2019Etat et la non-tenue encore de la D\u00e9claration de politique g\u00e9n\u00e9rale (Dpg) du Premier ministre, agit\u00e9es ces derniers temps dans le landerneau politique, font partie des 16 questions du mouvement \u00abR Les R\u00e9publicains\u00bb adress\u00e9es au pr\u00e9sident de la R\u00e9publique, Bassirou Diomaye Diakhar Faye, et \u00e0 son chef du gouvernement, Ousmane Sonko. Les membres de cette structure souhaitent que des r\u00e9ponses soient apport\u00e9es \u00e0 ces questions par les concern\u00e9s.<\/strong><strong>Par Amadou MBODJI \u2013<\/strong><\/p>\n\n\n\n<p>Le mouvement \u00abR Les R\u00e9publicains\u00bb&nbsp;adresse une s\u00e9rie de 16 questions au duo Diomaye-Sonko dont la premi\u00e8re renvoie \u00e0 la \u00abcharge\u00bb relative \u00e0 la fonction de pr\u00e9sident de la R\u00e9publique sur fond de \u00abdualit\u00e9\u00bb au sommet de l\u2019Etat. \u00abMonsieur le pr\u00e9sident de la R\u00e9publique, lors de votre prestation de serment du 3 avril 2024, vous avez jur\u00e9 de remplir fid\u00e8lement les charges inh\u00e9rentes \u00e0 votre fonction. Que r\u00e9pondez-vous aux allusions faites sur une \u00abconfusion des r\u00f4les\u00bb au sommet de l\u2019Etat\u00bb, fait savoir le mouvement&nbsp;\u00abR Les R\u00e9publicains\u00bb, qui interpelle sur la \u00abnon-tenue\u00bb de la D\u00e9claration de politique g\u00e9n\u00e9rale (Dpg) du Pm apr\u00e8s \u00abla mise \u00e0 jour\u00bb du R\u00e8glement int\u00e9rieur de l\u2019Assembl\u00e9e nationale comme une des conditions pour sa tenue. \u00abM. le Premier ministre, apr\u00e8s correction du R\u00e8glement int\u00e9rieur de l\u2019Assembl\u00e9e nationale, \u00eates-vous pr\u00eat \u00e0 faire votre D\u00e9claration de politique g\u00e9n\u00e9rale ?\u00bb, demande ainsi formul\u00e9e \u00e0 l\u2019endroit du Pm. Avant de s\u2019adresser pour la m\u00eame question au chef de l\u2019Etat.<\/p>\n\n\n\n<p>\u00abVous avez jur\u00e9 d\u2019observer et de faire observer scrupuleusement les dispositions de la Constitution et des lois, de consacrer toutes vos forces \u00e0 d\u00e9fendre les institutions constitutionnelles. Pourquoi ne pas faire respecter une disposition pr\u00e9cise de la Constitution donnant injonction au Premier ministre de faire sa D\u00e9claration de politique g\u00e9n\u00e9rale apr\u00e8s sa nomination ? Pourquoi n\u2019avoir pas donn\u00e9 suite \u00e0 la lettre du pr\u00e9sident de l\u2019Assembl\u00e9e nationale allant dans ce sens ?\u00bb, indiquent les membres de cette structure.&nbsp;Ces derniers souhaitent, par ailleurs, avoir des r\u00e9ponses par rapport \u00e0 la politique du r\u00e9gime pour combattre le \u00abch\u00f4mage\u00bb au moment o\u00f9 on parle de \u00abperte d\u2019emplois\u00bb. \u00ab700 p\u00e8res et m\u00e8res de famille envoy\u00e9s au ch\u00f4mage au Port autonome de Dakar. Qu\u2019en est-il de vos promesses d\u2019emplois ?\u00bb, interroge le mouvement, qui s\u2019appesantit sur les bourses de s\u00e9curit\u00e9 familiale en se posant la question la pertinence de \u00ableur suppression\u00bb.<\/p>\n\n\n\n<p>La loi d\u2019amnistie est au menu des questions adress\u00e9es, cette fois-ci, au Premier ministre. \u00abMonsieur le Premier ministre, quelle est votre position par rapport \u00e0 la loi d\u2019amnistie au regard des nombreuses victimes et aux d\u00e9g\u00e2ts mat\u00e9riels et moraux observ\u00e9s entre 2021 et 2023 ? Envisagez-vous de faire voter une loi d\u2019abrogation pour que Justice soit rendue aux familles \u00e9plor\u00e9es ?\u00bb, soulignent les membres de \u00abR Les R\u00e9publicains\u00bb.<\/p>\n\n\n\n<p>\u00abMonsieur le Premier ministre, lors de votre sortie \u00e0 l\u2019esplanade du Grand Th\u00e9\u00e2tre, vous y affirmiez que vous d\u00e9teniez tous les dossiers sur votre bureau et que vous les soumettriez \u00e0 la Justice une fois cette derni\u00e8re nettoy\u00e9e. Quand comptez-vous les rouvrir sans omettre tous les dossiers chauds qui ont secou\u00e9 le pays entre 2021 et 2023 ?\u00bb, ajoutent-ils. \u00abDans le cadre du Jub Jubanti, quels sont les crit\u00e8res du choix de Jp Morgan, le montant des commissions ainsi que les taux de change ?\u00bb, souhaite savoir le mouvement \u00abR Les R\u00e9publicains\u00bb, avant de s\u2019interroger sur \u00abcomment justifier le prolongement du contrat DakarNave ?\u00bb.<\/p>\n\n\n\n<p>Le pr\u00e9sum\u00e9 scandale de l\u2019Onas fait partie des pr\u00e9occupations du mouvement \u00abR Les R\u00e9publicains\u00bb en demandant&nbsp;&nbsp;&nbsp;: \u00abQuelles mesures avez-vous prises pour \u00e9difier les S\u00e9n\u00e9galais sur&nbsp;&nbsp;ce suppos\u00e9 scandale ?\u00bb<br><strong>ambodji@lequotidien.sn<\/strong><\/p>\n","protected":false},"excerpt":{"rendered":"<p>La \u00abconfusion\u00bb des r\u00f4les au sommet de l\u2019Etat et la non-tenue encore de la D\u00e9claration de politique g\u00e9n\u00e9rale (Dpg) du<\/p>\n","protected":false},"author":1,"featured_media":40952,"comment_status":"open","ping_status":"open","sticky":false,"template":"","format":"standard","meta":{"footnotes":""},"categories":[6],"tags":[],"class_list":["post-41418","post","type-post","status-publish","format-standard","has-post-thumbnail","hentry","category-politics"],"_links":{"self":[{"href":"https:\/\/dekkbi.com\/index.php?rest_route=\/wp\/v2\/posts\/41418","targetHints":{"allow":["GET"]}}],"collection":[{"href":"https:\/\/dekkbi.com\/index.php?rest_route=\/wp\/v2\/posts"}],"about":[{"href":"https:\/\/dekkbi.com\/index.php?rest_route=\/wp\/v2\/types\/post"}],"author":[{"embeddable":true,"href":"https:\/\/dekkbi.com\/index.php?rest_route=\/wp\/v2\/users\/1"}],"replies":[{"embeddable":true,"href":"https:\/\/dekkbi.com\/index.php?rest_route=%2Fwp%2Fv2%2Fcomments&post=41418"}],"version-history":[{"count":1,"href":"https:\/\/dekkbi.com\/index.php?rest_route=\/wp\/v2\/posts\/41418\/revisions"}],"predecessor-version":[{"id":41419,"href":"https:\/\/dekkbi.com\/index.php?rest_route=\/wp\/v2\/posts\/41418\/revisions\/41419"}],"wp:featuredmedia":[{"embeddable":true,"href":"https:\/\/dekkbi.com\/index.php?rest_route=\/wp\/v2\/media\/40952"}],"wp:attachment":[{"href":"https:\/\/dekkbi.com\/index.php?rest_route=%2Fwp%2Fv2%2Fmedia&parent=41418"}],"wp:term":[{"taxonomy":"category","embeddable":true,"href":"https:\/\/dekkbi.com\/index.php?rest_route=%2Fwp%2Fv2%2Fcategories&post=41418"},{"taxonomy":"post_tag","embeddable":true,"href":"https:\/\/dekkbi.com\/index.php?rest_route=%2Fwp%2Fv2%2Ftags&post=41418"}],"curies":[{"name":"wp","href":"https:\/\/api.w.org\/{rel}","templated":true}]}}