{"id":41397,"date":"2024-09-03T09:34:58","date_gmt":"2024-09-03T09:34:58","guid":{"rendered":"https:\/\/dekkbi.com\/?p=41397"},"modified":"2024-09-03T09:34:58","modified_gmt":"2024-09-03T09:34:58","slug":"en-guinee-les-autorites-suspendent-la-delivrance-des-agrements-aux-ong-et-associations","status":"publish","type":"post","link":"https:\/\/dekkbi.com\/?p=41397","title":{"rendered":"En Guin\u00e9e, les autorit\u00e9s suspendent la \u00abd\u00e9livrance des agr\u00e9ments \u00bb aux ONG et associations"},"content":{"rendered":"\n<p>En\u00a0Guin\u00e9e,\u00a0les autorit\u00e9s ont suspendu, lundi 2 septembre, la d\u00e9livrance des agr\u00e9ments aux associations et aux organisations non-gouvernementales \u00e0 l\u2019approche d\u2019une manifestation de l\u2019opposition co\u00efncidant avec le troisi\u00e8me anniversaire de l\u2019arriv\u00e9e des militaires au pouvoir. Une mesure cens\u00e9e durer quatre mois en raison des \u00ab\u00a0actions de trouble \u00e0 l\u2019ordre public men\u00e9es sur le terrain par plusieurs ONG et mouvements associatifs\u00a0\u00bb, a indiqu\u00e9 le ministre de l\u2019Administration du territoire, le g\u00e9n\u00e9ral Ibrahima Kalil Cond\u00e9, dans une d\u00e9cision publi\u00e9e sur les r\u00e9seaux sociaux<a href=\"https:\/\/account.microsoft.com\/privacy\/ad-settings\" target=\"_blank\" rel=\"noreferrer noopener\"><\/a><\/p>\n\n\n\n<h2 class=\"wp-block-heading\">Nouvelle \u00e9valuation dans six mois<\/h2>\n\n\n\n<p>Le renouvellement des agr\u00e9ments sera subordonn\u00e9 \u00e0 l\u2019\u00e9valuation par les autorit\u00e9s de l\u2019action de ces associations et ONG. Le texte ne dit pas clairement si les agr\u00e9ments en cours de validit\u00e9 restent valables ou si eux aussi sont suspendus.<\/p>\n\n\n\n<p>Le 5 septembre 2021, des militaires, emmen\u00e9s par le colonel\u00a0Mamadi Doumbouya, depuis investi pr\u00e9sident et promu g\u00e9n\u00e9ral, ont renvers\u00e9 Alpha Cond\u00e9. L\u2019opposition\u00a0a appel\u00e9 \u00e0 manifester\u00a0ce mercredi pour demander le retour des civils au pouvoir, le r\u00e9tablissement des libert\u00e9s, l\u2019arr\u00eat de la r\u00e9pression et la lib\u00e9ration de deux acteurs de la contestation, Fonik\u00e9 Mengu\u00e8 et Mamadou Billo Bah, disparus depuis leur arrestation le 9 juillet dernier.<\/p>\n\n\n\n<p>Mamadi Doumbouya se trouve actuellement \u00e0 P\u00e9kin\u00a0pour participer au sommet Chine-Afrique\u00a0en compagnie de dizaines de dirigeants africains. En 2022, son pouvoir a interdit toute manifestation et prononc\u00e9 la dissolution d\u2019un collectif de la soci\u00e9t\u00e9 civile d\u00e9fendant le retour des civils \u00e0 la t\u00eate du pays.<\/p>\n\n\n\n<p>La\u00a0r\u00e9pression\u00a0de manifestations non autoris\u00e9es a caus\u00e9 la mort d\u2019au moins 47 personnes entre septembre 2021 et avril 2024, selon Amnesty International. Plusieurs dirigeants de l\u2019opposition ont \u00e9t\u00e9 arr\u00eat\u00e9s, mis en cause devant les juges ou pouss\u00e9s \u00e0 l\u2019exil.<\/p>\n\n\n\n<p><strong>(Avec AFP)<\/strong><\/p>\n","protected":false},"excerpt":{"rendered":"<p>En\u00a0Guin\u00e9e,\u00a0les autorit\u00e9s ont suspendu, lundi 2 septembre, la d\u00e9livrance des agr\u00e9ments aux associations et aux organisations non-gouvernementales \u00e0 l\u2019approche d\u2019une<\/p>\n","protected":false},"author":1,"featured_media":7846,"comment_status":"open","ping_status":"open","sticky":false,"template":"","format":"standard","meta":{"footnotes":""},"categories":[51],"tags":[],"class_list":["post-41397","post","type-post","status-publish","format-standard","has-post-thumbnail","hentry","category-general"],"_links":{"self":[{"href":"https:\/\/dekkbi.com\/index.php?rest_route=\/wp\/v2\/posts\/41397","targetHints":{"allow":["GET"]}}],"collection":[{"href":"https:\/\/dekkbi.com\/index.php?rest_route=\/wp\/v2\/posts"}],"about":[{"href":"https:\/\/dekkbi.com\/index.php?rest_route=\/wp\/v2\/types\/post"}],"author":[{"embeddable":true,"href":"https:\/\/dekkbi.com\/index.php?rest_route=\/wp\/v2\/users\/1"}],"replies":[{"embeddable":true,"href":"https:\/\/dekkbi.com\/index.php?rest_route=%2Fwp%2Fv2%2Fcomments&post=41397"}],"version-history":[{"count":1,"href":"https:\/\/dekkbi.com\/index.php?rest_route=\/wp\/v2\/posts\/41397\/revisions"}],"predecessor-version":[{"id":41398,"href":"https:\/\/dekkbi.com\/index.php?rest_route=\/wp\/v2\/posts\/41397\/revisions\/41398"}],"wp:featuredmedia":[{"embeddable":true,"href":"https:\/\/dekkbi.com\/index.php?rest_route=\/wp\/v2\/media\/7846"}],"wp:attachment":[{"href":"https:\/\/dekkbi.com\/index.php?rest_route=%2Fwp%2Fv2%2Fmedia&parent=41397"}],"wp:term":[{"taxonomy":"category","embeddable":true,"href":"https:\/\/dekkbi.com\/index.php?rest_route=%2Fwp%2Fv2%2Fcategories&post=41397"},{"taxonomy":"post_tag","embeddable":true,"href":"https:\/\/dekkbi.com\/index.php?rest_route=%2Fwp%2Fv2%2Ftags&post=41397"}],"curies":[{"name":"wp","href":"https:\/\/api.w.org\/{rel}","templated":true}]}}