{"id":41390,"date":"2024-09-03T09:24:52","date_gmt":"2024-09-03T09:24:52","guid":{"rendered":"https:\/\/dekkbi.com\/?p=41390"},"modified":"2024-09-03T09:24:52","modified_gmt":"2024-09-03T09:24:52","slug":"mercato-ismail-jakobs-quitte-officiellement-monaco-pour-galatasaray","status":"publish","type":"post","link":"https:\/\/dekkbi.com\/?p=41390","title":{"rendered":"Mercato : Ismail Jakobs quitte officiellement Monaco pour Galatasaray"},"content":{"rendered":"\n<p>C\u2019\u00e9tait annonc\u00e9, c\u2019est d\u00e9sormais officiel : le lat\u00e9ral gauche international s\u00e9n\u00e9galais de l\u2019As Monaco, Ismail Jakobs, rejoint le club turc de Galatasaray. Il y est pr\u00eat\u00e9 pour une saison avec option d\u2019achat.<\/p>\n\n\n\n<p>Ce dimanche apr\u00e8s-midi \u00e0 l\u2019issue du match face \u00e0 Lens, le Directeur g\u00e9n\u00e9ral de l\u2019As Monaco, Thiago Scuro, avait indiqu\u00e9 que le d\u00e9nouement du dossier \u00e9tait proche. Autoris\u00e9 \u00e0 voyager sur les bords du Bosphore pour finaliser les derniers d\u00e9tails de la transaction le week-end dernier, l\u2019international s\u00e9n\u00e9galais rejoint le club stambouliote sous forme de pr\u00eat avec option d\u2019achat. Le co\u00fbt de l\u2019op\u00e9ration atteint les 10 millions d\u2019euros avec les bonus.<\/p>\n\n\n\n<p>Arriv\u00e9 en Principaut\u00e9 il y a trois ans en provenance de Cologne pour 6, 5 millions d\u2019euros, le joueur de 25 ans a disput\u00e9 105 matchs sous les couleurs de l\u2019Asm. Il avait \u00e9t\u00e9 titularis\u00e9 par Adi H\u00fctter lors des deux premi\u00e8res journ\u00e9es de la saison, face \u00e0 Saint-Etienne et \u00e0 Lyon, et semblait aff\u00fbt\u00e9 pour encha\u00eener les rencontres. Il va d\u00e9sormais d\u00e9couvrir un nouveau challenge chez les Sang et Or, avec lesquels il disputera l\u2019Europa League cette saison, et sera en concurrence avec le jeune Danois Elias Jelert (21 ans), arriv\u00e9 cet \u00e9t\u00e9 du Fc Copenhague.<\/p>\n\n\n\n<p>SOURCE WIWSPORT <\/p>\n","protected":false},"excerpt":{"rendered":"<p>C\u2019\u00e9tait annonc\u00e9, c\u2019est d\u00e9sormais officiel : le lat\u00e9ral gauche international s\u00e9n\u00e9galais de l\u2019As Monaco, Ismail Jakobs, rejoint le club turc<\/p>\n","protected":false},"author":1,"featured_media":41391,"comment_status":"open","ping_status":"open","sticky":false,"template":"","format":"standard","meta":{"footnotes":""},"categories":[9],"tags":[],"class_list":["post-41390","post","type-post","status-publish","format-standard","has-post-thumbnail","hentry","category-sports"],"_links":{"self":[{"href":"https:\/\/dekkbi.com\/index.php?rest_route=\/wp\/v2\/posts\/41390","targetHints":{"allow":["GET"]}}],"collection":[{"href":"https:\/\/dekkbi.com\/index.php?rest_route=\/wp\/v2\/posts"}],"about":[{"href":"https:\/\/dekkbi.com\/index.php?rest_route=\/wp\/v2\/types\/post"}],"author":[{"embeddable":true,"href":"https:\/\/dekkbi.com\/index.php?rest_route=\/wp\/v2\/users\/1"}],"replies":[{"embeddable":true,"href":"https:\/\/dekkbi.com\/index.php?rest_route=%2Fwp%2Fv2%2Fcomments&post=41390"}],"version-history":[{"count":1,"href":"https:\/\/dekkbi.com\/index.php?rest_route=\/wp\/v2\/posts\/41390\/revisions"}],"predecessor-version":[{"id":41392,"href":"https:\/\/dekkbi.com\/index.php?rest_route=\/wp\/v2\/posts\/41390\/revisions\/41392"}],"wp:featuredmedia":[{"embeddable":true,"href":"https:\/\/dekkbi.com\/index.php?rest_route=\/wp\/v2\/media\/41391"}],"wp:attachment":[{"href":"https:\/\/dekkbi.com\/index.php?rest_route=%2Fwp%2Fv2%2Fmedia&parent=41390"}],"wp:term":[{"taxonomy":"category","embeddable":true,"href":"https:\/\/dekkbi.com\/index.php?rest_route=%2Fwp%2Fv2%2Fcategories&post=41390"},{"taxonomy":"post_tag","embeddable":true,"href":"https:\/\/dekkbi.com\/index.php?rest_route=%2Fwp%2Fv2%2Ftags&post=41390"}],"curies":[{"name":"wp","href":"https:\/\/api.w.org\/{rel}","templated":true}]}}