{"id":41385,"date":"2024-09-03T09:21:57","date_gmt":"2024-09-03T09:21:57","guid":{"rendered":"https:\/\/dekkbi.com\/?p=41385"},"modified":"2024-09-03T09:21:57","modified_gmt":"2024-09-03T09:21:57","slug":"gamou-de-tivaoune-jean-baptiste-tine-invite-les-services-de-letat-a-respecter-les-engagements-pris","status":"publish","type":"post","link":"https:\/\/dekkbi.com\/?p=41385","title":{"rendered":"Gamou de Tivaoune: Jean Baptiste Tine invite les services de l\u2019\u00c9tat \u00e0 respecter les engagements pris"},"content":{"rendered":"\n<p>Dakar,  (APS) \u2013 Le ministre de l\u2019Int\u00e9rieur et de la S\u00e9curit\u00e9 publique, Jean Baptiste Tine, a invit\u00e9, lundi, tous les services de l\u2019\u00c9tat intervenant dans l\u2019organisation du Gamou de Tivaouane, \u00e9v\u00e9nement religieux comm\u00e9morant l\u2019anniversaire de la naissance du proph\u00e8te Mahomet (PSL), \u00e0 respecter les engagements pris.<\/p>\n\n\n\n<p>\u201dJe demande aux repr\u00e9sentants des diff\u00e9rentes structures de l\u2019Etat qui sont impliqu\u00e9es dans l\u2019organisation du Gamou de Tivaouane de veiller au respect des engagements pris\u201d, a-t-il d\u00e9clar\u00e9 \u00e0 l\u2019issue de la r\u00e9union nationale consacr\u00e9e aux pr\u00e9paratifs de cet \u00e9v\u00e9nement religieux.<\/p>\n\n\n\n<p>Les demandes formul\u00e9es par le comit\u00e9 d\u2019organisation dirig\u00e9 par Serigne Mansour Sy Djiamil ont port\u00e9 principalement sur la s\u00e9curit\u00e9, la sant\u00e9 et l\u2019assainissement.<\/p>\n\n\n\n<p>A ce sujet, le ministre de l\u2019Int\u00e9rieur a assur\u00e9 que les diff\u00e9rents services interpel\u00e9s feront tout leur possible pour que le Gamou se d\u00e9roule dans les meilleures conditions.<\/p>\n\n\n\n<p>Aussi, a-t-il instruit le gouverneur de la r\u00e9gion de Thi\u00e8s d\u2019assurer le suivi des d\u00e9cisions arr\u00eat\u00e9es \u00e0 l\u2019occasion de cette r\u00e9union nationale.<\/p>\n\n\n\n<p>\u201dAu directeur g\u00e9n\u00e9ral de l\u2019administration territoriale, je vous demande d\u2019assurer le suivi au quotidien de la mise en \u0153uvre des d\u00e9cisions arr\u00eat\u00e9es au niveau central et territorial, de m\u2019en rendre compte r\u00e9guli\u00e8rement en mettant l\u2019accent sur les difficult\u00e9s \u00e9ventuelles, et cela jusqu\u2019\u00e0 la fin du Gamou\u201d, a-t-il d\u00e9clar\u00e9.<\/p>\n\n\n\n<p>Le gamou ou Mawlid, \u00e9v\u00e8nement comm\u00e9morant l\u2019anniversaire de la naissance du Proph\u00e8te de l\u2019Islam, sera c\u00e9l\u00e9br\u00e9e dans la nuit du 15 au 16 septembre.<\/p>\n\n\n\n<p>La cellule zawiya tidjane de Tivaouane va organiser le \u2018\u2019gamou\u2019\u2019 sur le th\u00e8me : \u2018\u2019J\u2019ai \u00e9t\u00e9 envoy\u00e9 pour parfaire les nobles valeurs\u2019\u2019, en r\u00e9f\u00e9rence \u00e0 un hadith proph\u00e9tique, a annonc\u00e9, dimanche, son coordonnateur, Abdoul Hamid Sy Al Amine.<\/p>\n\n\n\n<p>\u201dTivaouane compte, sous l\u2019autorisation et la b\u00e9n\u00e9diction du khalife g\u00e9n\u00e9ral des tidjanes, revisiter l\u2019ensemble des valeurs du proph\u00e8te de l\u2019islam afin d\u2019en faire une large diffusion\u2019\u2019, a dit Abdoul Hamid Sy Al Amine en parlant du th\u00e8me choisi, lors d\u2019un point de presse.<\/p>\n\n\n\n<figure class=\"wp-block-image size-full\"><img loading=\"lazy\" decoding=\"async\" width=\"701\" height=\"392\" src=\"https:\/\/dekkbi.com\/wp-content\/uploads\/2024\/09\/Tiv24_Tine-1.png\" alt=\"\" class=\"wp-image-41387\" srcset=\"https:\/\/dekkbi.com\/wp-content\/uploads\/2024\/09\/Tiv24_Tine-1.png 701w, https:\/\/dekkbi.com\/wp-content\/uploads\/2024\/09\/Tiv24_Tine-1-300x168.png 300w\" sizes=\"auto, (max-width: 701px) 100vw, 701px\" \/><\/figure>\n\n\n\n<p>\u2018\u2019Ce th\u00e8me vient \u00e0 son heure, dans une soci\u00e9t\u00e9 d\u00e9sincarn\u00e9e, domin\u00e9e par les passions et les pulsions, o\u00f9 le substrat moral du vicariat est rel\u00e9gu\u00e9 au second plan, s\u2019il n\u2019est pas tout simplement annihil\u00e9\u2019\u2019, a-t-il affirm\u00e9 en pr\u00e9sence de dignitaires de la tidjaniya, dont Serigne Cheikh Ahmad Tidiane Sy Dabakh, le repr\u00e9sentant du khalife g\u00e9n\u00e9ral des tidjiane.<\/p>\n\n\n\n<p>Abdoul Hamid Sy Al Amine a ajout\u00e9 que \u2018\u2019le khalife veut, avec ce th\u00e8me, nous rappeler nos responsabilit\u00e9s, pour que soit r\u00e9affirm\u00e9 le message de l\u2019islam\u2019\u2019.<\/p>\n\n\n\n<p>Un atelier consacr\u00e9 aux \u2018\u2019le\u00e7ons et lumi\u00e8res de Ndiarnd\u00e9\u2019\u2019 se tiendra aussi \u00e0 Tivaouane, en plus des traditionnels \u2018\u2019bourd populaires\u2019\u2019, qui sont des s\u00e9ances de r\u00e9citation de po\u00e8mes d\u00e9di\u00e9s au proph\u00e8te Mohamed&nbsp; et de vulgarisation des enseignements d\u2019El Hadji Malick Sy (1855-1922), qui a largement contribu\u00e9 \u00e0 l\u2019expansion de l\u2019Islam et de la tidjaniya au S\u00e9n\u00e9gal.<\/p>\n\n\n\n<figure class=\"wp-block-image size-full\"><img loading=\"lazy\" decoding=\"async\" width=\"698\" height=\"391\" src=\"https:\/\/dekkbi.com\/wp-content\/uploads\/2024\/09\/Tiv24_Tine-2.png\" alt=\"\" class=\"wp-image-41388\" srcset=\"https:\/\/dekkbi.com\/wp-content\/uploads\/2024\/09\/Tiv24_Tine-2.png 698w, https:\/\/dekkbi.com\/wp-content\/uploads\/2024\/09\/Tiv24_Tine-2-300x168.png 300w\" sizes=\"auto, (max-width: 698px) 100vw, 698px\" \/><\/figure>\n","protected":false},"excerpt":{"rendered":"<p>Dakar, (APS) \u2013 Le ministre de l\u2019Int\u00e9rieur et de la S\u00e9curit\u00e9 publique, Jean Baptiste Tine, a invit\u00e9, lundi, tous les<\/p>\n","protected":false},"author":1,"featured_media":41386,"comment_status":"open","ping_status":"open","sticky":false,"template":"","format":"standard","meta":{"footnotes":""},"categories":[21],"tags":[],"class_list":["post-41385","post","type-post","status-publish","format-standard","has-post-thumbnail","hentry","category-societe"],"_links":{"self":[{"href":"https:\/\/dekkbi.com\/index.php?rest_route=\/wp\/v2\/posts\/41385","targetHints":{"allow":["GET"]}}],"collection":[{"href":"https:\/\/dekkbi.com\/index.php?rest_route=\/wp\/v2\/posts"}],"about":[{"href":"https:\/\/dekkbi.com\/index.php?rest_route=\/wp\/v2\/types\/post"}],"author":[{"embeddable":true,"href":"https:\/\/dekkbi.com\/index.php?rest_route=\/wp\/v2\/users\/1"}],"replies":[{"embeddable":true,"href":"https:\/\/dekkbi.com\/index.php?rest_route=%2Fwp%2Fv2%2Fcomments&post=41385"}],"version-history":[{"count":1,"href":"https:\/\/dekkbi.com\/index.php?rest_route=\/wp\/v2\/posts\/41385\/revisions"}],"predecessor-version":[{"id":41389,"href":"https:\/\/dekkbi.com\/index.php?rest_route=\/wp\/v2\/posts\/41385\/revisions\/41389"}],"wp:featuredmedia":[{"embeddable":true,"href":"https:\/\/dekkbi.com\/index.php?rest_route=\/wp\/v2\/media\/41386"}],"wp:attachment":[{"href":"https:\/\/dekkbi.com\/index.php?rest_route=%2Fwp%2Fv2%2Fmedia&parent=41385"}],"wp:term":[{"taxonomy":"category","embeddable":true,"href":"https:\/\/dekkbi.com\/index.php?rest_route=%2Fwp%2Fv2%2Fcategories&post=41385"},{"taxonomy":"post_tag","embeddable":true,"href":"https:\/\/dekkbi.com\/index.php?rest_route=%2Fwp%2Fv2%2Ftags&post=41385"}],"curies":[{"name":"wp","href":"https:\/\/api.w.org\/{rel}","templated":true}]}}