{"id":41377,"date":"2024-09-03T09:05:34","date_gmt":"2024-09-03T09:05:34","guid":{"rendered":"https:\/\/dekkbi.com\/?p=41377"},"modified":"2024-09-03T09:05:35","modified_gmt":"2024-09-03T09:05:35","slug":"note-de-conjoncture-btp-et-industries-sous-le-cout-de-la-fiscalite","status":"publish","type":"post","link":"https:\/\/dekkbi.com\/?p=41377","title":{"rendered":"Note de conjoncture: Btp et industries sous le co\u00fbt de la fiscalit\u00e9"},"content":{"rendered":"\n<p><strong>Dans les sous-secteurs de l\u2019industrie, du b\u00e2timent et travaux publics, des services, beaucoup de chefs d\u2019entreprise sont confront\u00e9s \u00e0 d\u2019\u00e9normes difficult\u00e9s au cours du mois de juin 2024. Ce qui traduit un environnement des affaires peu favorable, d\u00e9grad\u00e9, d\u2019apr\u00e8s la Direction de la pr\u00e9vision et des \u00e9tudes \u00e9conomiques (Dpee).<\/strong><\/p>\n\n\n\n<p>En juin 2024, le climat des affaires s\u2019est d\u00e9grad\u00e9, en rythme mensuel, selon l\u2019enqu\u00eate d\u2019opinion men\u00e9e par la Direction de la pr\u00e9vision et des \u00e9tudes \u00e9conomiques (Dpee) aupr\u00e8s des chefs d\u2019entreprise dans les secteurs du secondaire et du tertiaire. \u00abL\u2019indicateur synth\u00e9tique, calcul\u00e9 sur la base des soldes d\u2019opinion des chefs d\u2019entreprise, a fl\u00e9chi de 0, 9 point par rapport \u00e0 mai 2024. Cette situation traduit essentiellement le pessimisme des prestataires de services sur la p\u00e9riode sous revue. Compa\u00adrativement au mois de juin 2023, l\u2019indicateur du climat des affaires s\u2019est renforc\u00e9 d\u20191, 4 point\u00bb, mentionne la Dpee dans sa derni\u00e8re note de conjoncture publi\u00e9e au mois d\u2019ao\u00fbt 2024.<\/p>\n\n\n\n<p>Dans le sous-secteur de l\u2019industrie, 42% des chefs d\u2019entreprise interrog\u00e9s ont soulev\u00e9 comme contraintes li\u00e9es \u00e0 l\u2019activit\u00e9, \u00abla concurrence jug\u00e9e d\u00e9loyale\u00bb, 36% des interview\u00e9s ont invoqu\u00e9 le&nbsp; \u00abrecouvrement difficile des cr\u00e9ances\u00bb, 36% la demande, 28% \u00abl\u2019approvisionnement difficile en mati\u00e8res premi\u00e8res\u00bb et 14% des interrog\u00e9s ont point\u00e9 du doigt \u00abla fiscalit\u00e9\u00bb. \u00abEn variation mensuelle, le climat des affaires du sous-secteur s\u2019est l\u00e9g\u00e8rement am\u00e9lior\u00e9 de 0, 5 point en liaison avec l\u2019orientation positive des opinions des industriels sur les stocks de produits finis et les perspectives des carnets de commandes\u00bb, note le document de ce d\u00e9partement du minist\u00e8re de l\u2019Economie, du plan et de la coop\u00e9ration. S\u2019agissant du sous-secteur des b\u00e2timents et travaux publics, 86% des acteurs ont d\u00e9plor\u00e9 le retard not\u00e9 dans \u00able recouvrement des cr\u00e9ances\u00bb, 71% \u00abla fiscalit\u00e9\u00bb, 43% \u00abla concurrence suppos\u00e9e d\u00e9loyale\u00bb, 43% \u00abl\u2019insuffisance de la demande\u00bb&nbsp;; tandis que 29% des enqu\u00eat\u00e9s ont relev\u00e9 \u00abl\u2019acc\u00e8s difficile au foncier\u00bb, la \u00abcorruption et fraude\u00bb&nbsp; et \u00able co\u00fbt des in\u00adtrants\u00bb. Par ailleurs, l\u2019indicateur du climat des affaires a gagn\u00e9 1, 1 point, en relation avec l\u2019optimisme des entrepreneurs par rapport aux commandes attendues, d\u2019apr\u00e8s l\u2019enqu\u00eate.<br>Au titre des services, les prestataires ont majoritairement cit\u00e9 la concurrence. C\u2019est-\u00e0-dire 50% en ont parl\u00e9. 40% ont cit\u00e9 le recouvrement des cr\u00e9ances, la demande comme contraintes majeures, la fiscalit\u00e9 (30%), la corruption et la fraude. Tandis 10% ont relev\u00e9 l\u2019acc\u00e8s au cr\u00e9dit comme principales entraves \u00e0 l\u2019activit\u00e9. En rythme mensuel, l\u2019indicateur de ce sous-secteur s\u2019est d\u00e9t\u00e9rior\u00e9 de 2, 3 points, suite au pessimisme des prestataires relativement aux tarifs appliqu\u00e9s, aux commandes et au chiffre d\u2019affaires.<\/p>\n\n\n\n<p>S\u2019agissant du commerce, les contraintes observ\u00e9es par 71% des interview\u00e9s sont la demande, 57% la concurrence jug\u00e9e d\u00e9loyale, 57% le recouvrement des cr\u00e9ances, 43% les difficult\u00e9s d\u2019approvisionnement de marchandises, 29% la fiscalit\u00e9 et l\u2019acc\u00e8s aux cr\u00e9dits. En variation mensuelle, le climat des affaires du sous-secteur s\u2019est renforc\u00e9 de 0,7 point, refl\u00e9tant l\u2019opinion favorable des commer\u00e7ants sur le chiffre d\u2019affaires (r\u00e9alis\u00e9 et pr\u00e9vu) et les commandes.<\/p>\n\n\n\n<p>Sous ce rapport, le gouvernement du S\u00e9n\u00e9gal devra consentir beaucoup d\u2019efforts pour faire face \u00e0 toutes ces contraintes. Le climat des affaires m\u00e9rite d\u2019\u00eatre peaufin\u00e9 en vue de l\u2019\u00e9valuation Business Redy (B-Ready) pr\u00e9vue pour 2025. Ce nouveau barom\u00e8tre global, qui remplace le Doing Business de la Banque mondiale, a comme indicateurs la \u00abfiscalit\u00e9, le r\u00e8glement des diff\u00e9rends, la concurrence sur le march\u00e9, l\u2019insolvabilit\u00e9 commerciale\u00bb, entre autres.<br>Dans le cadre de la pr\u00e9paration \u00e0 cette notation, le Directeur g\u00e9n\u00e9ral de l\u2019Apix-Sa, Bakary S\u00e9ga Bathily, sous les directives du Premier ministre, a r\u00e9uni, la semaine derni\u00e8re, les diff\u00e9rentes parties prenantes et les experts locaux pour un atelier d\u2019auto-\u00e9valuation. Un atelier pr\u00e9sid\u00e9 par le conseiller du Premier ministre charg\u00e9 des questions \u00e9conomiques, Sey\u00addina Ababacar Sadikh Ndiaye. \u00abC\u2019est un exercice n\u00e9cessaire pour repositionner notre pays comme un acteur-cl\u00e9 sur la sc\u00e8ne \u00e9conomique r\u00e9gionale et internationale\u00bb,&nbsp;a soulign\u00e9 le Directeur g\u00e9n\u00e9ral de l\u2019Apix lors de cette rencontre.<\/p>\n\n\n\n<p>D\u2019apr\u00e8s les initiateurs du projet, le B-Ready vise \u00e0 renforcer l\u2019investissement priv\u00e9, cr\u00e9er des emplois et am\u00e9liorer la productivit\u00e9 pour soutenir un d\u00e9veloppement inclusif et durable.<\/p>\n\n\n\n<p>Par Dialigu\u00e9 FAYE \u2013 <strong>dialigue@lequotidien.sn<\/strong><\/p>\n\n\n\n<p>SOURCE LEQUOTIDIEN<\/p>\n","protected":false},"excerpt":{"rendered":"<p>Dans les sous-secteurs de l\u2019industrie, du b\u00e2timent et travaux publics, des services, beaucoup de chefs d\u2019entreprise sont confront\u00e9s \u00e0 d\u2019\u00e9normes<\/p>\n","protected":false},"author":1,"featured_media":35959,"comment_status":"open","ping_status":"open","sticky":false,"template":"","format":"standard","meta":{"footnotes":""},"categories":[3],"tags":[],"class_list":["post-41377","post","type-post","status-publish","format-standard","has-post-thumbnail","hentry","category-event-more-news"],"_links":{"self":[{"href":"https:\/\/dekkbi.com\/index.php?rest_route=\/wp\/v2\/posts\/41377","targetHints":{"allow":["GET"]}}],"collection":[{"href":"https:\/\/dekkbi.com\/index.php?rest_route=\/wp\/v2\/posts"}],"about":[{"href":"https:\/\/dekkbi.com\/index.php?rest_route=\/wp\/v2\/types\/post"}],"author":[{"embeddable":true,"href":"https:\/\/dekkbi.com\/index.php?rest_route=\/wp\/v2\/users\/1"}],"replies":[{"embeddable":true,"href":"https:\/\/dekkbi.com\/index.php?rest_route=%2Fwp%2Fv2%2Fcomments&post=41377"}],"version-history":[{"count":1,"href":"https:\/\/dekkbi.com\/index.php?rest_route=\/wp\/v2\/posts\/41377\/revisions"}],"predecessor-version":[{"id":41378,"href":"https:\/\/dekkbi.com\/index.php?rest_route=\/wp\/v2\/posts\/41377\/revisions\/41378"}],"wp:featuredmedia":[{"embeddable":true,"href":"https:\/\/dekkbi.com\/index.php?rest_route=\/wp\/v2\/media\/35959"}],"wp:attachment":[{"href":"https:\/\/dekkbi.com\/index.php?rest_route=%2Fwp%2Fv2%2Fmedia&parent=41377"}],"wp:term":[{"taxonomy":"category","embeddable":true,"href":"https:\/\/dekkbi.com\/index.php?rest_route=%2Fwp%2Fv2%2Fcategories&post=41377"},{"taxonomy":"post_tag","embeddable":true,"href":"https:\/\/dekkbi.com\/index.php?rest_route=%2Fwp%2Fv2%2Ftags&post=41377"}],"curies":[{"name":"wp","href":"https:\/\/api.w.org\/{rel}","templated":true}]}}