{"id":41342,"date":"2024-09-02T11:14:36","date_gmt":"2024-09-02T11:14:36","guid":{"rendered":"https:\/\/dekkbi.com\/?p=41342"},"modified":"2024-09-02T11:14:36","modified_gmt":"2024-09-02T11:14:36","slug":"elections-aux-etats-unis-les-democrates-en-quete-du-vote-ouvrier-dans-le-michigan","status":"publish","type":"post","link":"https:\/\/dekkbi.com\/?p=41342","title":{"rendered":"\u00c9lections aux \u00c9tats-Unis: les d\u00e9mocrates en qu\u00eate du vote ouvrier dans le Michigan"},"content":{"rendered":"\n<p>Ce lundi 2 septembre, les \u00c9tats-Unis c\u00e9l\u00e8brent la&nbsp;f\u00eate du Travail, en pleine campagne pour les prochaines \u00e9lections pr\u00e9sidentielles. Dans les rangs des rassemblements, de nombreux ouvriers se mobilisent, notamment dans le Michigan, \u00c9tat situ\u00e9 dans la \u00ab<em>&nbsp;ceinture de la rouille&nbsp;<\/em>\u00bb, la \u00ab<em>&nbsp;rust bell&nbsp;<\/em>\u00bb. Dans la ville de D\u00e9troit, berceau de l&rsquo;industrie automobile, le vote de ces travailleurs est un enjeu crucial pour l\u2019\u00e9lection car il pourrait bien faire basculer ce bastion d\u00e9mocrate vers le camp r\u00e9publicain. &nbsp;<\/p>\n\n\n\n<p><strong><em>Avec Anne Verdaguer, envoy\u00e9e sp\u00e9ciale RFI \u00e0 D\u00e9troit<\/em>,\u00a0\u00a0<\/strong><\/p>\n\n\n\n<p>Dans les rangs des manifestations organis\u00e9es \u00e0 D\u00e9troit pour le \u00ab\u00a0<em>labor day\u00a0<\/em>\u00bb, lundi 2 septembre, les revendications tournent autour des promesses faites par les trois g\u00e9ants de l\u2019industrie automobiles,\u00a0<strong>lors des gr\u00e8ves de 2023<\/strong>. \u00c0 l\u2019\u00e9poque, le bras de fer qui a oppos\u00e9 les syndicats et les trois grands de l&rsquo;industrie automobile (Ford, General Motors et Chrysler) a permis d&rsquo;obtenir des avanc\u00e9es pour les ouvriers, notamment des hausses de salaires de 23\u00a0%. \u00a0<\/p>\n\n\n\n<p>Mais aujourd&rsquo;hui, certains grands groupes font marche arri\u00e8re et certaines usines qui devaient rouvrir sont toujours ferm\u00e9es. Pire encore,\u00a0<strong>Stellantis &#8211; qui a rachet\u00e9 Chrysler-<\/strong>\u00a0a annonc\u00e9 le licenciement de 2\u00a0500 personnes dans son usine de D\u00e9troit, en raison des baisses de vente de v\u00e9hicules aux\u00a0<strong>\u00c9tats-Unis<\/strong>. \u00a0<\/p>\n\n\n\n<h2 class=\"wp-block-heading\">Un enjeu crucial pour les d\u00e9mocrates &nbsp;<\/h2>\n\n\n\n<p>Cette annonce a mis le feu aux poudres et de nouvelles menaces de gr\u00e8ves planent sur cet \u00c9tat traditionnellement d\u00e9mocrate mais qui pourrait bien basculer dans le camp r\u00e9publicain lors de la prochaine \u00e9lection. Cet \u00c9tat avait d\u00e9j\u00e0 cr\u00e9\u00e9 la surprise en 2016 en \u00e9lisant\u00a0<strong>Donald Trump<\/strong>\u00a0avec seulement 10 000 voix d&rsquo;avance.\u00a0<strong>Joe Biden<\/strong>\u00a0a ensuite ramen\u00e9 le Michigan dans le giron d\u00e9mocrate en 2020 mais cette ann\u00e9e reste la grande inconnue.<\/p>\n\n\n\n<p>Beaucoup d&rsquo;\u00e9lecteurs se disent encore ind\u00e9cis. \u00ab&nbsp;<em>Les choses vont vraiment tr\u00e8s mal depuis un an, je ne sais pas si j&rsquo;aurai encore un travail en octobre prochain, et honn\u00eatement, je ne sais pas pour qui je vais voter&nbsp;<\/em>\u00bb, soupire Andrea, 37 ans,&nbsp;ouvri\u00e8re chez Stellantis. &nbsp;<\/p>\n\n\n\n<p>\u00ab<em>\u00a0En 2016, j&rsquo;avais vot\u00e9\u00a0<strong>Hillary Clinton<\/strong>\u00a0face \u00e0 Donald Trump mais elle a perdu,<\/em>\u00a0reprend-elle.\u00a0<em>Pour moi, maintenant, il n&rsquo;y a pas de meilleur candidat. Certains disent qu&rsquo;il faut aller vers le moins pire des deux mais je ne saurais pas dire ce que Biden a fait de bien pendant son mandat. Il n&rsquo;est peut-\u00eatre pas responsable de l&rsquo;inflation, qui est venue apr\u00e8s le covid, mais il faut bien que quelqu&rsquo;un en assume la responsabilit\u00e9. Moi, je d\u00e9pense 200 dollars en courses et j&rsquo;ai deux fois moins de choses dans mon panier qu&rsquo;il y a un an. Si je me retrouve sans travail, il faudra bien continuer \u00e0 payer les factures.<\/em>\u00a0\u00bb\u00a0<\/p>\n\n\n\n<h2 class=\"wp-block-heading\">Des habitants pr\u00e9caris\u00e9s &nbsp;<\/h2>\n\n\n\n<p>Depuis les derni\u00e8res \u00e9lections pr\u00e9sidentielles aux \u00c9tats-Unis,\u00a0<strong>les prix des denr\u00e9es alimentaires ont augment\u00e9 de pr\u00e8s de 25\u00a0%<\/strong>.\u00a0\u00c0 D\u00e9troit, en\u00a0face de l\u2019usine de Stellantis, le pasteur Curtiss, qui chapeaute la distribution alimentaire apr\u00e8s la messe du dimanche, constate les effets de cette hausse des prix.\u00a0\u00ab\u00a0<em>Avant nous donnions \u00e0 manger \u00e0 2<\/em>\u00a0<em>000 personnes par mois maximum. Mais depuis la pand\u00e9mie, c\u2019est 6<\/em>\u00a0<em>000 personnes par mois<\/em>\u00a0\u00bb, regrette-t-il. \u00a0<\/p>\n\n\n\n<p>Pour lui, cette paup\u00e9risation de la population risque fortement de peser lors de l\u2019\u00e9lection pr\u00e9sidentielle : \u00ab<em>&nbsp;Le Michigan est un \u00c9tat syndicaliste et donc traditionnellement d\u00e9mocrate mais tout cela est en train de changer, car les gens se rendent compte que les d\u00e9mocrates les ont laiss\u00e9s tomber, rien qu\u2019avec l\u2019inflation et le prix des denr\u00e9es. C\u2019est de plus en plus difficile pour eux<\/em>&nbsp;\u00bb, constate-t-il, amer.<\/p>\n\n\n\n<p>&nbsp;\u00c0 l&rsquo;ext\u00e9rieur de l\u2019\u00e9glise, Denise tire nerveusement sur sa cigarette, elle est employ\u00e9e depuis quatre ans \u00e0 Stellantis. \u00ab&nbsp;<em>Je travaille de 70 \u00e0 80 heures par semaine et j\u2019arrive \u00e0 peine \u00e0 mon sortir<\/em>&nbsp;\u00bb, confie-t-elle. Comme Andrea, elle risque d\u2019\u00eatre bient\u00f4t licenci\u00e9e, \u00e0 66 ans. Elle a donc choisi son camp : \u00ab&nbsp;<em>Mon vote, ira \u00e0 celui en qui j\u2019ai le plus confiance, c\u2019est \u00e0 dire Trump ! Il ne va pas augmenter le prix de l\u2019essence ou de la nourriture pour nous les ouvriers qui travaillons si dur<\/em>&nbsp;\u00bb, s\u2019emporte-t-elle.<\/p>\n\n\n\n<p>Selon un dernier sondage pour la presse locale, Donald Trump devance de 1\u00a0%\u00a0<strong>Kamala Harris\u00a0<\/strong>dans les intentions de vote dans le Michigan. Si la candidate d\u00e9mocrate a r\u00e9ussi \u00e0 r\u00e9duire l\u2019\u00e9cart, cela pourrait ne pas suffire pour remporter le vote ouvrier et les 17 grands \u00e9lecteurs de cet \u00c9tat cl\u00e9. \u00a0<\/p>\n","protected":false},"excerpt":{"rendered":"<p>Ce lundi 2 septembre, les \u00c9tats-Unis c\u00e9l\u00e8brent la&nbsp;f\u00eate du Travail, en pleine campagne pour les prochaines \u00e9lections pr\u00e9sidentielles. Dans les<\/p>\n","protected":false},"author":1,"featured_media":41343,"comment_status":"open","ping_status":"open","sticky":false,"template":"","format":"standard","meta":{"footnotes":""},"categories":[51],"tags":[],"class_list":["post-41342","post","type-post","status-publish","format-standard","has-post-thumbnail","hentry","category-general"],"_links":{"self":[{"href":"https:\/\/dekkbi.com\/index.php?rest_route=\/wp\/v2\/posts\/41342","targetHints":{"allow":["GET"]}}],"collection":[{"href":"https:\/\/dekkbi.com\/index.php?rest_route=\/wp\/v2\/posts"}],"about":[{"href":"https:\/\/dekkbi.com\/index.php?rest_route=\/wp\/v2\/types\/post"}],"author":[{"embeddable":true,"href":"https:\/\/dekkbi.com\/index.php?rest_route=\/wp\/v2\/users\/1"}],"replies":[{"embeddable":true,"href":"https:\/\/dekkbi.com\/index.php?rest_route=%2Fwp%2Fv2%2Fcomments&post=41342"}],"version-history":[{"count":1,"href":"https:\/\/dekkbi.com\/index.php?rest_route=\/wp\/v2\/posts\/41342\/revisions"}],"predecessor-version":[{"id":41344,"href":"https:\/\/dekkbi.com\/index.php?rest_route=\/wp\/v2\/posts\/41342\/revisions\/41344"}],"wp:featuredmedia":[{"embeddable":true,"href":"https:\/\/dekkbi.com\/index.php?rest_route=\/wp\/v2\/media\/41343"}],"wp:attachment":[{"href":"https:\/\/dekkbi.com\/index.php?rest_route=%2Fwp%2Fv2%2Fmedia&parent=41342"}],"wp:term":[{"taxonomy":"category","embeddable":true,"href":"https:\/\/dekkbi.com\/index.php?rest_route=%2Fwp%2Fv2%2Fcategories&post=41342"},{"taxonomy":"post_tag","embeddable":true,"href":"https:\/\/dekkbi.com\/index.php?rest_route=%2Fwp%2Fv2%2Ftags&post=41342"}],"curies":[{"name":"wp","href":"https:\/\/api.w.org\/{rel}","templated":true}]}}