{"id":41336,"date":"2024-09-02T11:03:47","date_gmt":"2024-09-02T11:03:47","guid":{"rendered":"https:\/\/dekkbi.com\/?p=41336"},"modified":"2024-09-02T11:03:47","modified_gmt":"2024-09-02T11:03:47","slug":"allemagne-lextreme-droite-provoque-un-seisme-politique-a-lest-et-fragilise-scholz","status":"publish","type":"post","link":"https:\/\/dekkbi.com\/?p=41336","title":{"rendered":"Allemagne: l&rsquo;extr\u00eame droite provoque un s\u00e9isme politique \u00e0 l&rsquo;est et fragilise Scholz"},"content":{"rendered":"\n<p>L&rsquo;extr\u00eame droite allemande se pose comme incontournable apr\u00e8s des r\u00e9sultats record ce dimanche 1er septembre dans deux \u00e9lections r\u00e9gionales dans l&rsquo;est du pays, fragilisant davantage la coalition de centre gauche d&rsquo;Olaf Scholz, un an avant les l\u00e9gislatives.<\/p>\n\n\n\n<p>L&rsquo;Alternative pour\u00a0<strong>l&rsquo;Allemagne<\/strong>\u00a0(AfD) devient la premi\u00e8re force politique en Thuringe et talonne les conservateurs en Saxe, deux L\u00e4nder de l&rsquo;ex-RDA.<\/p>\n\n\n\n<p>En Saxe, l&rsquo;AfD progresse de 3 points (30,6%), juste derri\u00e8re les conservateurs de la CDU (31,9%), qui excluent toute alliance avec l&rsquo;extr\u00eame droite. Ils auront de ce fait du mal \u00e0 trouver une majorit\u00e9 au Parlement r\u00e9gional de Dresde.<\/p>\n\n\n\n<p>En Thuringe,\u00a0<strong>le parti d&rsquo;extr\u00eame droite<\/strong>\u00a0revendique de diriger la r\u00e9gion o\u00f9 il est arriv\u00e9 en t\u00eate avec 32,8% des voix, men\u00e9 par\u00a0<strong>Bj\u00f6rn H\u00f6cke<\/strong>, l&rsquo;une des figures les plus radicales de la formation. \u00ab<em>\u00a0Il n&rsquo;y aura plus de politique sans l&rsquo;AfD<\/em>\u00a0\u00bb, a pr\u00e9venu Tino Chrupalla, le copr\u00e9sident de ce parti anti-migrants, aux positions pro-russes. Le SPD d&rsquo;Olaf Scholz y enregistre son pire r\u00e9sultat dans un scrutin r\u00e9gional, avec un score de 6,1%. De quoi craindre le pire pour l&rsquo;\u00e9lection r\u00e9gionale qui se tiendra le 22 septembre dans le Brandebourg, la r\u00e9gion autour de Berlin, actuellement dirig\u00e9e par les sociaux-d\u00e9mocrates.<\/p>\n\n\n\n<p><strong>\u00ab&nbsp;<em>Une c\u00e9sure<\/em>&nbsp;\u00bb, les \u00e9lections r\u00e9gionales \u00e0 la Une de la presse<\/strong><\/p>\n\n\n\n<p>\u00ab&nbsp;<em>Cette soir\u00e9e est une c\u00e9sure<\/em>&nbsp;\u00bb analyse le magazine&nbsp;<em>Der Spiegel<\/em>. \u00ab<em>&nbsp;C\u00e9sure<\/em>&nbsp;\u00bb, le mot revient souvent dans les commentaires ce matin. Le quotidien berlinois&nbsp;<em>Tagesspiegel<\/em>&nbsp;titre en une sur un \u00ab&nbsp;<em>tremblement de terre \u00e0 l\u2019Est&nbsp;<\/em>\u00bb avec les photos du leader radical de l\u2019AfD en Thuringe et de la cheffe du nouveau mouvement BSW, Sahra Wagenknecht, les grands vainqueurs d\u2019hier. Ces deux forces rassemblent plus de 40% des voix.&nbsp;<em>Der Spiegel<\/em>&nbsp;parle d\u2019une \u00ab&nbsp;<em>d\u00e9b\u00e2cle pour la d\u00e9mocratie llib\u00e9rale<\/em>&nbsp;\u00bb. Le quotidien conservateur&nbsp;<em>FAZ<\/em>&nbsp;titre \u00ab&nbsp;<em>L\u2019empire des populistes<\/em>&nbsp;\u00bb.<\/p>\n\n\n\n<p>Le quotidien berlinois&nbsp;<em>Berliner Zeitung<\/em>&nbsp;devenu un peu l\u2019organe centrale des voix critiques \u00e0 l\u2019Est joue sa partition : \u00ab&nbsp;<em>la diabolisation de l\u2019AfD a \u00e9chou\u00e9. La strat\u00e9gie de la peur des responsables politiques et des m\u00e9dias est rest\u00e9e sans \u00e9cho. D\u00e9noncer en permanence l\u2019AfD comme un parti nazi et le BSW comme des agents de Poutine constitue une impasse<\/em>&nbsp;\u00bb.<\/p>\n\n\n\n<p>La presse cherche des explications comme le quotidien&nbsp;<em>Allgemeine Zeitung<\/em>&nbsp;de Mayence : \u00ab&nbsp;<em>Les partis \u00e9tablis ont trop longtemps n\u00e9glig\u00e9 les th\u00e8mes centraux comme l\u2018immigration, le logement, la guerre en Ukraine ou l\u2019\u00e9ducation&nbsp;<\/em>\u00bb.<\/p>\n\n\n\n<p>\u00ab&nbsp;<em>Un changement s\u2019impose<\/em>&nbsp;\u00bb estime le quotidien conservateur&nbsp;<em>Die Welt<\/em>&nbsp;et ajoute : \u00ab&nbsp;<em>La sanction contre les partis au pouvoir est sans exemple depuis la guerre. Si Scholz \u00e9tait Macron, il organiserait de nouvelles \u00e9lections<\/em>&nbsp;\u00bb<\/p>\n\n\n\n<h2 class=\"wp-block-heading\">Scholz appelle \u00e0 des coalitions \u00ab<em>sans l&rsquo;extr\u00eame droite<\/em>\u00bb<\/h2>\n\n\n\n<p>Le chancelier allemand\u00a0<strong>Olaf Scholz<\/strong>\u00a0a appel\u00e9 ce lundi \u00ab<em>\u00a0tous les partis d\u00e9mocratiques\u00a0<\/em>\u00bb \u00e0 former \u00ab\u00a0<em>des gouvernements stables sans l&rsquo;extr\u00eame droite<\/em>\u00a0\u00bb. \u00ab<em>\u00a0L&rsquo;AfD nuit \u00e0 l&rsquo;Allemagne. Elle affaiblit l&rsquo;\u00e9conomie, elle divise la soci\u00e9t\u00e9 et elle ruine la r\u00e9putation de notre pays<\/em>\u00a0\u00bb, a dit le dirigeant social-d\u00e9mocrate, dans un message post\u00e9 sur Facebook, qualifiant d&rsquo;\u00a0\u00ab\u00a0<em>amers\u00a0<\/em>\u00bb les r\u00e9sultats des \u00e9lections.<\/p>\n\n\n\n<p>Si tous les autres partis ont d\u00e9j\u00e0 refus\u00e9 de s&rsquo;allier avec l&rsquo;extr\u00eame droite, \u00ab&nbsp;<em>ce pare-feu antid\u00e9mocratique ne pourra \u00eatre maintenu \u00e0 long terme&nbsp;<\/em>\u00bb, a assur\u00e9 ce lundi Alice Weidel, copr\u00e9sidente du parti. \u00ab&nbsp;<em>L&rsquo;\u00e9lecteur a clairement tranch\u00e9 et il souhaite que l&rsquo;AfD participe au gouvernement<\/em>&nbsp;\u00bb, a-t-elle dit sur la cha\u00eene ARD.<\/p>\n\n\n\n<h2 class=\"wp-block-heading\">Un nouveau revers pour les trois partis de la coalition au pouvoir<\/h2>\n\n\n\n<p>En Thuringe, qui avait \u00e9t\u00e9 la premi\u00e8re \u00e0 porter au pouvoir des nazis, en 1932, l&rsquo;AfD disposerait d&rsquo;une minorit\u00e9 de blocage, lui permettant notamment d&#8217;emp\u00eacher la nomination de juges.&nbsp;Outre l&rsquo;AfD, le camp des opposants aux livraisons d&rsquo;armes \u00e0 l&rsquo;Ukraine est renforc\u00e9 par le succ\u00e8s du nouveau parti BSW, \u00e9galement tr\u00e8s virulent contre l&rsquo;immigration. Fond\u00e9 avant les \u00e9lections autour d&rsquo;une personnalit\u00e9 de la gauche radicale, Sahra Wagenknecht, il obtient 11,8% en Saxe et 15,8% en Thuringe.<\/p>\n\n\n\n<p><strong>Les scores de l&rsquo;extr\u00eame droite<\/strong>\u00a0dans ces r\u00e9gions o\u00f9 elle s&rsquo;est enracin\u00e9e ces dix derni\u00e8res ann\u00e9es constituent un nouveau revers pour les trois partis de la coalition au pouvoir, sociaux-d\u00e9mocrates, verts et lib\u00e9raux, avant les l\u00e9gislatives de septembre 2025. Aux \u00e9lections europ\u00e9ennes de juin, ils avaient \u00e9t\u00e9 s\u00e9v\u00e8rement battus par l&rsquo;opposition conservatrice et l&rsquo;extr\u00eame droite.<\/p>\n\n\n\n<p>La perc\u00e9e spectaculaire du parti BSW ajoute \u00e0 la fragmentation du paysage politique. Le mouvement tente de combiner politiques \u00e9conomiques de gauche et conservatisme sur les questions de soci\u00e9t\u00e9 comme l&rsquo;immigration et l&rsquo;environnement. Il&nbsp;se pose en faiseur de rois dans la formation des gouvernements locaux, avec des exigences bien au-del\u00e0 de la politique r\u00e9gionale. Ses responsables ont r\u00e9affirm\u00e9 ce lundi que toute alliance sera conditionn\u00e9e au refus du d\u00e9ploiement de missiles am\u00e9ricains de moyenne port\u00e9e en Allemagne et au soutien \u00e0 des n\u00e9gociations de paix entre l&rsquo;Ukraine et la Russie.<\/p>\n\n\n\n<p>Par : RFI avec AFP<\/p>\n","protected":false},"excerpt":{"rendered":"<p>L&rsquo;extr\u00eame droite allemande se pose comme incontournable apr\u00e8s des r\u00e9sultats record ce dimanche 1er septembre dans deux \u00e9lections r\u00e9gionales dans<\/p>\n","protected":false},"author":1,"featured_media":41337,"comment_status":"open","ping_status":"open","sticky":false,"template":"","format":"standard","meta":{"footnotes":""},"categories":[51],"tags":[],"class_list":["post-41336","post","type-post","status-publish","format-standard","has-post-thumbnail","hentry","category-general"],"_links":{"self":[{"href":"https:\/\/dekkbi.com\/index.php?rest_route=\/wp\/v2\/posts\/41336","targetHints":{"allow":["GET"]}}],"collection":[{"href":"https:\/\/dekkbi.com\/index.php?rest_route=\/wp\/v2\/posts"}],"about":[{"href":"https:\/\/dekkbi.com\/index.php?rest_route=\/wp\/v2\/types\/post"}],"author":[{"embeddable":true,"href":"https:\/\/dekkbi.com\/index.php?rest_route=\/wp\/v2\/users\/1"}],"replies":[{"embeddable":true,"href":"https:\/\/dekkbi.com\/index.php?rest_route=%2Fwp%2Fv2%2Fcomments&post=41336"}],"version-history":[{"count":1,"href":"https:\/\/dekkbi.com\/index.php?rest_route=\/wp\/v2\/posts\/41336\/revisions"}],"predecessor-version":[{"id":41338,"href":"https:\/\/dekkbi.com\/index.php?rest_route=\/wp\/v2\/posts\/41336\/revisions\/41338"}],"wp:featuredmedia":[{"embeddable":true,"href":"https:\/\/dekkbi.com\/index.php?rest_route=\/wp\/v2\/media\/41337"}],"wp:attachment":[{"href":"https:\/\/dekkbi.com\/index.php?rest_route=%2Fwp%2Fv2%2Fmedia&parent=41336"}],"wp:term":[{"taxonomy":"category","embeddable":true,"href":"https:\/\/dekkbi.com\/index.php?rest_route=%2Fwp%2Fv2%2Fcategories&post=41336"},{"taxonomy":"post_tag","embeddable":true,"href":"https:\/\/dekkbi.com\/index.php?rest_route=%2Fwp%2Fv2%2Ftags&post=41336"}],"curies":[{"name":"wp","href":"https:\/\/api.w.org\/{rel}","templated":true}]}}