{"id":41319,"date":"2024-09-02T10:47:52","date_gmt":"2024-09-02T10:47:52","guid":{"rendered":"https:\/\/dekkbi.com\/?p=41319"},"modified":"2024-09-02T11:46:07","modified_gmt":"2024-09-02T11:46:07","slug":"dr-pascal-oudiane-de-lugb-sociologue-nous-pouvons-nous-preparer-a-etre-dans-une-situation-dinsecurite","status":"publish","type":"post","link":"https:\/\/dekkbi.com\/?p=41319","title":{"rendered":"Dr Pascal Oudiane : \u00ab Nous pouvons nous pr\u00e9parer \u00e0 \u00eatre dans une situation d\u2019ins\u00e9curit\u00e9 \u00bb"},"content":{"rendered":"\n<p><strong>Au rythme de la fr\u00e9quence \u00e9lev\u00e9e des morts violentes provoqu\u00e9es ces derniers jours, hors suicides et accidents de la route, le S\u00e9n\u00e9gal est en \u00e9tat d\u2019ins\u00e9curit\u00e9 r\u00e9elle,&nbsp; selon le sociologue Pascal Oudiane, de l\u2019universit\u00e9 Gaston Berger de Saint-Louis.&nbsp;Pour l\u2019enseignant-chercheur, \u00ab&nbsp;<em>nous pouvons nous pr\u00e9parer \u00e0 \u00eatre dans une situation d\u2019ins\u00e9curit\u00e9 et non plus de peur de l\u2019ins\u00e9curit\u00e9<\/em>&nbsp;\u00bb.&nbsp;&nbsp;Il est aussi revenu dans cet entretien sur les causes qui peuvent pousser \u00e0 commettre ces meurtres tr\u00e8s violents. &nbsp;<\/strong><\/p>\n\n\n\n<p><strong>Le S\u00e9n\u00e9gal pas encore en \u00e9tat d\u2019urgence &nbsp;<\/strong><\/p>\n\n\n\n<p>\u00ab&nbsp;Des actes isol\u00e9s ne peuvent pas soutenir un \u00e9tat d\u2019urgence et d\u2019ins\u00e9curit\u00e9.&nbsp;&nbsp;Par contre, l\u2019organisation qui s\u2019appr\u00e9cie dans le cadre du d\u00e9cisionnel peut et doit \u00eatre en alerte orange en termes de criticit\u00e9 risque.&nbsp;&nbsp; Le niveau de fr\u00e9quence d\u2019un risque est un indicateur fort de pr\u00e9sence du ph\u00e9nom\u00e8ne. Pour les agressions criminelles, la fr\u00e9quence est \u00e9lev\u00e9e m\u00eame si elle fluctue au gr\u00e9 des p\u00e9riodes comme un \u00e9v\u00e9nement religieux national, des \u00e9lections politiques, les vacances d\u2019\u00e9t\u00e9, les nav\u00e9tanes, la lutte. Il y a lieu de tenir des statistiques en collectant le nombre de plaintes d\u00e9pos\u00e9es par jour et par semaine dans la r\u00e9gion de Dakar et sur le territoire national au sein des services de police et de gendarmerie, entre autres. Cependant, il faut associer \u00e0 cette r\u00e9currence, l\u2019indicateur \u00ab impact \u00bb de la survenue de l\u2019\u00e9v\u00e9nement criminel notamment sa gravit\u00e9 sur les hommes, leurs activit\u00e9s \u00e0 se rendre au travail ou au march\u00e9, leurs sorties nocturnes ou matinales et les institutions sociales,&nbsp;parent\u00e9 et famille, communaut\u00e9, citoyen et de quartier.&nbsp;&nbsp;Le niveau d\u2019irr\u00e9versibilit\u00e9 des impacts des agressions criminelles n\u2019est plus loin d\u2019atteindre, pour la ville de Dakar comme pour le S\u00e9n\u00e9gal, un niveau critique notamment le niveau rouge. Nous pouvons nous pr\u00e9parer \u00e0 \u00eatre dans une situation d\u2019ins\u00e9curit\u00e9 et non plus de peur de l\u2019ins\u00e9curit\u00e9. Le d\u00e9cisionnel doit anticiper. Autrement dit, l\u2019Etat peut anticiper pour mettre en place un plan d\u2019action de niveau orange&nbsp;\u00bb.<\/p>\n\n\n\n<p><strong>Les aspects de lecture de la gravit\u00e9 &nbsp;<\/strong><\/p>\n\n\n\n<p>\u00ab&nbsp;Cette gravit\u00e9 se lit sur trois aspects. D\u2019abord sur la base de r\u00e9actions individuelles qui peuvent accro\u00eetre les crimes isol\u00e9s \u00e0 cause de l\u2019effet d\u2019imitation. Nous savons que le devenir criminel est contagieux. Ensuite, la gravit\u00e9 se lit sur la base des r\u00e9actions populaires en termes de vindicte populaire pour se faire justice. Et enfin, elle se lit sur la base d\u2019une d\u00e9sagr\u00e9gation des r\u00e9f\u00e9rents sociaux, par exemple un oncle qui tue volontairement ou involontairement \u00e0 l\u2019issue d\u2019une altercation son neveu \u00e0 coup de couteau. Celui-ci ne tient plus compte des institutions d\u2019orientation sociale&nbsp;\u00bb.<\/p>\n\n\n\n<p><strong>Tuer \u00e9quivaut \u00e0 briser un lien social &nbsp;<\/strong><\/p>\n\n\n\n<p>\u00ab&nbsp;Tuer un \u00eatre humain, c\u2019est tuer une soci\u00e9t\u00e9 car elle \u00e9quivaut \u00e0 briser le lien social. &nbsp; La soci\u00e9t\u00e9 est en danger. Pour tuer, il faut en recevoir le pouvoir de la soci\u00e9t\u00e9. En g\u00e9n\u00e9ral, il y a un statut qui encadre ce geste. C\u2019est la justice d\u2019Etat. &nbsp; Par contre, si elle n\u2019est pas couverte par la l\u00e9gitimit\u00e9 sociale, l\u2019action de tuer, de mani\u00e8re r\u00e9currente ou isol\u00e9e, fait sortir son titulaire actant de la soci\u00e9t\u00e9. Elle brise les liens qui relient l\u2019individu au reste de son groupe d\u2019appartenance. &nbsp; Comment comprendre la mort d\u2019Abdou N\u2019daffa Faye en 1967 qui est diff\u00e9rente de celle de l\u2019agresseur brul\u00e9 vif \u00e0 Thi\u00e8s au matin du 15 Ao\u00fbt 2024,&nbsp;&nbsp;et de celle&nbsp;d\u2019Aziz Dabala avec son neveu&nbsp;&nbsp;Wally \u00e0 Pikine le dimanche 24 Ao\u00fbt 2024, ou de celle du jeune taximan Diallo \u00e0 Grand Yoff qui a re\u00e7u une balle dans la nuit du 28 au 29 Ao\u00fbt 2024 ? Ce sont des morts provoqu\u00e9es dont une seule est l\u00e9gitime. C\u2019est celle de Abdou N\u2019daffa. Elle a \u00e9t\u00e9 ex\u00e9cut\u00e9e par la justice d\u2019Etat. Par contre, une victime morte sous le feu d\u2019une vindicte populaire n\u2019est point appr\u00e9ci\u00e9e comme une mort l\u00e9gitime au m\u00eame titre que les autres pr\u00e9cit\u00e9s. Les causes de ces morts provoqu\u00e9es non l\u00e9gitim\u00e9es cr\u00e9ent des \u00e9v\u00e9nements criminels. Nous en sommes l\u00e0&nbsp;\u00bb.<\/p>\n\n\n\n<p><strong>Analyse de ces actes dans la soci\u00e9t\u00e9 &nbsp;<\/strong><\/p>\n\n\n\n<p>\u00ab&nbsp;Les actes en soci\u00e9t\u00e9 ont un sens. Infliger une sanction punitive reste un lien social. Elle cr\u00e9e depuis la personne punie une r\u00e9action appr\u00e9ciable de la part de celui qui fait l\u2019action de punir. Par contre, tuer voire \u00e9liminer une vie, c\u2019est briser le lien social qui permet l\u2019opportunit\u00e9 de recevoir une action significative venant d\u2019un autrui, d\u2019un \u00eatre vivant socialis\u00e9 et \u00e9voluant dans un environnement donn\u00e9, que celle-ci soit porteuse de douleur, de col\u00e8re ou non. Un tueur ne re\u00e7oit jamais la r\u00e9action de sa victime. Ce qui peut le faire souffrir, c\u2019est le sens qu\u2019il donne \u00e0 son acte&nbsp;\u00bb.<\/p>\n\n\n\n<p><strong>Pr\u00e9carit\u00e9 et \u00e9chec de l\u2019\u00e9ducation, des causes plus en vue &nbsp;<\/strong><strong>&nbsp;<\/strong><\/p>\n\n\n\n<p>\u00ab&nbsp;La pr\u00e9carit\u00e9 pousse \u00e0 la violence et au crime sur quatre points de pr\u00e9texte. D\u2019abord le pr\u00e9texte de la reproduction d\u2019une \u00e9conomie criminelle. Celle-ci se fait avec une organisation notamment des bandes portant des strat\u00e9gies et plans d\u2019action. Ensuite la jalousie entre des individus d\u2019une m\u00eame famille ou non, qui d\u00e9coule de la diff\u00e9rence de capitaux d\u00e9tenus de part et d\u2019autre. Celle-ci suscite une f\u00e9rocit\u00e9 dans l\u2019appropriation du capital qui peut \u00eatre bien entendu \u00e0 l\u2019origine d\u2019un crime. En troisi\u00e8me, la pression familiale et communautaire. La premi\u00e8re bouscule notre \u00e9go \u00e0 partir de nos responsabilit\u00e9s difficiles \u00e0 assumer du fait de la conjoncture. La seconde nous impose le regard social punitif sur notre \u00e9ventuel \u00e9chec et nous pousse \u00e0 chercher des strat\u00e9gies de survie. En quatri\u00e8me, c\u2019est la longue attente pour acc\u00e9der aux ressources de la libert\u00e9 et \u00e0 la r\u00e9ussite. Cette longue attente est caus\u00e9e par le \u00ab conflit de g\u00e9n\u00e9ration \u00bb dans lequel les jeunes ont du mal \u00e0 percer, selon leurs talents et leur culte du travail.<\/p>\n\n\n\n<p>Nous devenons violents, parce que nous voulons r\u00e9ussir et nous lib\u00e9rer de la pr\u00e9carit\u00e9. L\u2019\u00e9chec de l\u2019\u00e9ducation &nbsp;doit assumer les instances d\u2019orientation que sont la famille et l\u2019\u00e9cole. Les jeunes ne veulent plus durer sur les bancs de l\u2019\u00e9cole. Ils veulent travailler. La perception change car l\u2019\u00e9cole produit beaucoup plus de ch\u00f4meurs ou de d\u00e9pendance \u00e9conomique que d\u2019entrepreneurs riches. Les parents sous la pression de la conjoncture se d\u00e9sengagent de l\u2019\u00e9ducation des enfants&nbsp;\u00bb.<\/p>\n\n\n\n<p><strong>Propos recueillis par\u00a0\u00a0Denise ZAROUR MEDANG \u00a0<\/strong><\/p>\n\n\n\n<p>SOURCE SUDQUOTIDIEN<\/p>\n","protected":false},"excerpt":{"rendered":"<p>Au rythme de la fr\u00e9quence \u00e9lev\u00e9e des morts violentes provoqu\u00e9es ces derniers jours, hors suicides et accidents de la route,<\/p>\n","protected":false},"author":1,"featured_media":41320,"comment_status":"open","ping_status":"open","sticky":false,"template":"","format":"standard","meta":{"footnotes":""},"categories":[26],"tags":[],"class_list":["post-41319","post","type-post","status-publish","format-standard","has-post-thumbnail","hentry","category-fait-divers"],"_links":{"self":[{"href":"https:\/\/dekkbi.com\/index.php?rest_route=\/wp\/v2\/posts\/41319","targetHints":{"allow":["GET"]}}],"collection":[{"href":"https:\/\/dekkbi.com\/index.php?rest_route=\/wp\/v2\/posts"}],"about":[{"href":"https:\/\/dekkbi.com\/index.php?rest_route=\/wp\/v2\/types\/post"}],"author":[{"embeddable":true,"href":"https:\/\/dekkbi.com\/index.php?rest_route=\/wp\/v2\/users\/1"}],"replies":[{"embeddable":true,"href":"https:\/\/dekkbi.com\/index.php?rest_route=%2Fwp%2Fv2%2Fcomments&post=41319"}],"version-history":[{"count":2,"href":"https:\/\/dekkbi.com\/index.php?rest_route=\/wp\/v2\/posts\/41319\/revisions"}],"predecessor-version":[{"id":41361,"href":"https:\/\/dekkbi.com\/index.php?rest_route=\/wp\/v2\/posts\/41319\/revisions\/41361"}],"wp:featuredmedia":[{"embeddable":true,"href":"https:\/\/dekkbi.com\/index.php?rest_route=\/wp\/v2\/media\/41320"}],"wp:attachment":[{"href":"https:\/\/dekkbi.com\/index.php?rest_route=%2Fwp%2Fv2%2Fmedia&parent=41319"}],"wp:term":[{"taxonomy":"category","embeddable":true,"href":"https:\/\/dekkbi.com\/index.php?rest_route=%2Fwp%2Fv2%2Fcategories&post=41319"},{"taxonomy":"post_tag","embeddable":true,"href":"https:\/\/dekkbi.com\/index.php?rest_route=%2Fwp%2Fv2%2Ftags&post=41319"}],"curies":[{"name":"wp","href":"https:\/\/api.w.org\/{rel}","templated":true}]}}