{"id":41316,"date":"2024-09-02T10:43:54","date_gmt":"2024-09-02T10:43:54","guid":{"rendered":"https:\/\/dekkbi.com\/?p=41316"},"modified":"2024-09-02T10:43:55","modified_gmt":"2024-09-02T10:43:55","slug":"gestion-et-suivi-du-budget-des-elus-locaux-outilles","status":"publish","type":"post","link":"https:\/\/dekkbi.com\/?p=41316","title":{"rendered":"Gestion et suivi du budget : Des \u00e9lus locaux outill\u00e9s"},"content":{"rendered":"\n<p><strong>Les \u00e9lus de la r\u00e9gion de Ziguinchor ont b\u00e9n\u00e9fici\u00e9 d\u2019un renforcement de capacit\u00e9s sur l\u2019utilisation du Gfiloc. Un logiciel permettant une gestion et un suivi \u00e0 distance du budget des collectivit\u00e9s territoriales.<\/strong><strong>Par Khady SONKO \u2013<\/strong><\/p>\n\n\n\n<p>Les maires de la r\u00e9gion de Ziguinchor ont \u00e9t\u00e9 initi\u00e9s, le week-end dernier, \u00e0 l\u2019utilisation du Gfiloc. Il s\u2019agit d\u2019un logiciel innovant permettant la gestion \u00e0 distance du budget. L\u2019outil a \u00e9t\u00e9 constitu\u00e9 par le minist\u00e8re des Finances et du budget, en rapport avec la Direction g\u00e9n\u00e9rale du Tr\u00e9sor, pour faciliter la gestion des budgets. \u00abBeaucoup de maires ne sont pas r\u00e9sidents, mais on n\u2019aura plus l\u2019obligation de faire le d\u00e9placement jusqu\u2019\u00e0 la commune pour initier certaines op\u00e9rations ou bien suivre son budget\u00bb, s\u2019est f\u00e9licit\u00e9 le pr\u00e9sident de l\u2019Association des maires du S\u00e9n\u00e9gal (Ams). Oumar Ba affirme que beaucoup de maires ne sont pas encore outill\u00e9s pour utiliser le logiciel, d\u2019o\u00f9 l\u2019organisation d\u2019ateliers de renforcement de capacit\u00e9s dans toutes les r\u00e9gions. Cette formation a ainsi d\u00e9but\u00e9 par Ziguinchor.<br>Les pr\u00e9sidents de conseil d\u00e9partemental ont pris part \u00e0 la rencontre de l\u2019Ams. \u00abC\u2019est une formation qui est arriv\u00e9e \u00e0 son heure, qui va permettre de mieux comprendre l\u2019outil de gestion des d\u00e9penses au niveau des collectivit\u00e9s territoriales, mais \u00e9galement permettre le suivi de toutes les op\u00e9rations\u00bb, a soutenu Souleymane Goudiaby, pr\u00e9sident du Conseil d\u00e9partemental de Bignona.<\/p>\n\n\n\n<p>Par rapport au mouvement de grogne des collectivit\u00e9s territoriales, le pr\u00e9sident de l\u2019Ams indique qu\u2019il y a une n\u00e9gociation qui a \u00e9t\u00e9 enclench\u00e9 entre les collectivit\u00e9s, \u00e0 travers l\u2019Ams, et le minist\u00e8re de l\u2019Urbanisme, des collectivit\u00e9s territoriales et de l\u2019am\u00e9nagement des territoires pour trouver une solution \u00e0 ce mouvement qui a beaucoup dur\u00e9. \u00abNous sommes dans une tr\u00e8s bonne dynamique de n\u00e9gociation et on est en train de se retrouver, puisque le probl\u00e8me qui se pose, c\u2019est que les collectivit\u00e9s r\u00e9clament l\u2019application de la loi qui veut qu\u2019\u00e0 chaque fois qu\u2019on augmente le salaire d\u2019un agent de la Fonction publique centrale dans les m\u00eames proportions, on puisse augmenter l\u2019agent qui a le m\u00eame profil et les m\u00eames comp\u00e9tences, mais qui se trouve dans les collectivit\u00e9s territoriales\u00bb, a expliqu\u00e9 le maire de Ndiob. L\u2019application de cette loi n\u00e9cessite des ressources qui seraient en train d\u2019\u00eatre mobilis\u00e9es. \u00abNous sommes en coh\u00e9rence avec les autorit\u00e9s pour trouver une solution heureuse \u00e0 ce probl\u00e8me qui n\u2019a que trop dur\u00e9\u00bb, rassure Oumar Ba.<\/p>\n\n\n\n<p>ksonko@lequotidien.sn<\/p>\n","protected":false},"excerpt":{"rendered":"<p>Les \u00e9lus de la r\u00e9gion de Ziguinchor ont b\u00e9n\u00e9fici\u00e9 d\u2019un renforcement de capacit\u00e9s sur l\u2019utilisation du Gfiloc. Un logiciel permettant<\/p>\n","protected":false},"author":1,"featured_media":41317,"comment_status":"open","ping_status":"open","sticky":false,"template":"","format":"standard","meta":{"footnotes":""},"categories":[3],"tags":[],"class_list":["post-41316","post","type-post","status-publish","format-standard","has-post-thumbnail","hentry","category-event-more-news"],"_links":{"self":[{"href":"https:\/\/dekkbi.com\/index.php?rest_route=\/wp\/v2\/posts\/41316","targetHints":{"allow":["GET"]}}],"collection":[{"href":"https:\/\/dekkbi.com\/index.php?rest_route=\/wp\/v2\/posts"}],"about":[{"href":"https:\/\/dekkbi.com\/index.php?rest_route=\/wp\/v2\/types\/post"}],"author":[{"embeddable":true,"href":"https:\/\/dekkbi.com\/index.php?rest_route=\/wp\/v2\/users\/1"}],"replies":[{"embeddable":true,"href":"https:\/\/dekkbi.com\/index.php?rest_route=%2Fwp%2Fv2%2Fcomments&post=41316"}],"version-history":[{"count":1,"href":"https:\/\/dekkbi.com\/index.php?rest_route=\/wp\/v2\/posts\/41316\/revisions"}],"predecessor-version":[{"id":41318,"href":"https:\/\/dekkbi.com\/index.php?rest_route=\/wp\/v2\/posts\/41316\/revisions\/41318"}],"wp:featuredmedia":[{"embeddable":true,"href":"https:\/\/dekkbi.com\/index.php?rest_route=\/wp\/v2\/media\/41317"}],"wp:attachment":[{"href":"https:\/\/dekkbi.com\/index.php?rest_route=%2Fwp%2Fv2%2Fmedia&parent=41316"}],"wp:term":[{"taxonomy":"category","embeddable":true,"href":"https:\/\/dekkbi.com\/index.php?rest_route=%2Fwp%2Fv2%2Fcategories&post=41316"},{"taxonomy":"post_tag","embeddable":true,"href":"https:\/\/dekkbi.com\/index.php?rest_route=%2Fwp%2Fv2%2Ftags&post=41316"}],"curies":[{"name":"wp","href":"https:\/\/api.w.org\/{rel}","templated":true}]}}