{"id":41306,"date":"2024-09-02T10:34:16","date_gmt":"2024-09-02T10:34:16","guid":{"rendered":"https:\/\/dekkbi.com\/?p=41306"},"modified":"2024-09-02T10:34:17","modified_gmt":"2024-09-02T10:34:17","slug":"lutte-contre-la-criminalite-letat-sort-les-armes","status":"publish","type":"post","link":"https:\/\/dekkbi.com\/?p=41306","title":{"rendered":"Lutte contre la criminalit\u00e9 : L\u2019\u00c9tat sort les armes"},"content":{"rendered":"\n<p><strong>Si le double meurtre du danseur Aziz Dabala et de son jeune ami a \u00e9mu tout le monde, il y a aussi eu, entre les mois de juillet d\u2019ao\u00fbt, 16 cas dans ce pays. Ce qui pousse les autorit\u00e9s \u00e0 prendre des mesures de s\u00e9curit\u00e9 pour tenter de rassurer les populations transies de peur.<\/strong><strong>Par Cheikh NDIONGUE \u2013<\/strong><\/p>\n\n\n\n<p>A Saint-Louis pour installer le nouveau Gouverneur de la r\u00e9gion, le ministre de l\u2019Int\u00e9\u00adrieur et de la s\u00e9curit\u00e9 publique a fait savoir qu\u2019une s\u00e9rie de 16 meurtres a \u00e9t\u00e9 comptabilis\u00e9e en deux mois au S\u00e9n\u00e9gal. Jean-Baptiste Tine, qui a d\u00e9plor\u00e9 cette situation, a fait savoir que l\u2019Etat ne restera pas les bras crois\u00e9s. Il a annonc\u00e9 le renforcement de la pr\u00e9sence des Forces de d\u00e9fense et de s\u00e9curit\u00e9 sur le terrain pour s\u00e9curiser les populations. \u00abLa police et la gendarmerie, les autorit\u00e9s en g\u00e9n\u00e9ral, ne sont pas inactives face \u00e0 ce ph\u00e9nom\u00e8ne. Nous luttons farouchement contre l\u2019ins\u00e9curit\u00e9. Il n\u2019y a pas d\u2019impunit\u00e9 et nous allons redoubler d\u2019efforts pour ramener la s\u00e9r\u00e9nit\u00e9 sur l\u2019ensemble du territoire national\u00bb, l\u00e2che-t-il, avant de promettre \u00abl\u2019intensification de la pr\u00e9sence des Forces de d\u00e9fense et de s\u00e9curit\u00e9 sur le terrain. J\u2019ai donn\u00e9 des instructions, cela a d\u00e9j\u00e0 commenc\u00e9, nous allons redoubler d\u2019efforts pour renforcer les actions avec la pr\u00e9sence permanente des Forces de l\u2019ordre, police et gendarmerie, sur le terrain\u00bb, note Jean-Baptiste Tine.<\/p>\n\n\n\n<p><br>Parall\u00e8lement \u00e0 cette mesure, le G\u00e9n\u00e9ral Tine tente de rassurer les populations sur la d\u00e9termination des autorit\u00e9s \u00e0 renforcer la s\u00e9curit\u00e9 publique. \u00abQue personne ne craigne de sortir, n\u2019ait peur de vaquer \u00e0 ses occupations, nous sommes l\u00e0 pour les prot\u00e9ger\u00bb, mart\u00e8le le ministre, qui a par ailleurs invit\u00e9 les S\u00e9n\u00e9galais \u00e0 \u00abplus de collaboration avec les Forces de s\u00e9curit\u00e9 pour pr\u00e9venir les commissions d\u2019infraction ou pour arr\u00eater \u00e0 temps les auteurs d\u2019infractions. Nous demandons aussi leur con\u00adcours, leur mobilisation, pour informer la commission d\u2019infraction afin que les Forces de l\u2019ordre puissent intervenir rapidement et \u00e0 temps, ou pr\u00e9venir \u00e0 temps la commission d\u2019infraction pour arr\u00eater les malfaiteurs\u00bb, appelle le ministre de l\u2019Int\u00e9rieur.<\/p>\n\n\n\n<p>Dans son discours, il rappelle que les Forces de l\u2019ordre, notamment la police, ont r\u00e9ussi, \u00e0 chaque fois qu\u2019il y a des meurtres, \u00ab\u00e0 identifier, interpeller, arr\u00eater et d\u00e9f\u00e9rer les auteurs dans des d\u00e9lais tr\u00e8s courts\u00bb. \u00abCela prouve \u00e0 suffisance qu\u2019il n\u2019y a pas d\u2019impunit\u00e9\u00bb, ajoute-t-il.<\/p>\n\n\n\n<p>Par ailleurs, le ministre de l\u2019Int\u00e9rieur et de la s\u00e9curit\u00e9 publique peut compter sur le nouveau Gouverneur de Saint-Louis, Al Hassan Sall, qui a remplac\u00e9 Alioune Badara Sambe. Jusqu\u2019ici, 9 gouverneurs ont \u00e9t\u00e9 install\u00e9s dans le courant de la semaine. Il s\u2019agit respectivement de ceux de Dakar, Thi\u00e8s, Fatick, Kaolack, S\u00e9dhiou, Kolda, Matam et Saint-Louis. Le G\u00e9n\u00e9ral Jean-Baptiste Dione a rappel\u00e9 que ce sont des c\u00e9r\u00e9monies solennelles d\u2019une grande importance qui permettent de faire prendre conscience \u00e0 tout le monde de l\u2019importance des autorit\u00e9s administratives dans les circonscriptions o\u00f9 elles sont d\u00e9ploy\u00e9es. Il a surtout soulign\u00e9 \u00abque le Gouverneur est le d\u00e9l\u00e9gu\u00e9 du pr\u00e9sident de la R\u00e9publique et repr\u00e9sente l\u2019ensemble du gouvernement dans sa r\u00e9gion, et est donc pratiquement le seul fonctionnaire qui est d\u00e9positaire d\u2019autant de pouvoirs au niveau local\u00bb. Selon le ministre de l\u2019Int\u00e9rieur, ces c\u00e9r\u00e9monies d\u2019installation des nouveaux gouverneurs lui ont aussi permis de rencontrer les autorit\u00e9s administratives, les populations et les \u00e9lus sur place pour \u00abprendre la temp\u00e9rature de terrain\u00bb et se faire \u00abune id\u00e9e pr\u00e9cise des pr\u00e9occupations et des attentes des uns et des autres, mais aussi et surtout des probl\u00e8mes qu\u2019il faut noter et auxquels il faut apporter des solutions\u00bb. Il r\u00e9v\u00e8le que le pr\u00e9sident de la R\u00e9publique en personne a tenu \u00e0 ce qu\u2019il fasse l\u2019installation de ces gouverneurs pour montrer l\u2019importance de leurs fonctions. \u00abCe mouvement observ\u00e9 dans le cadre de ces installations est un mouvement de respiration naturelle dans toute administration qui, dans le cas pr\u00e9sent, permet d\u2019insuffler un dynamisme nouveau \u00e0 l\u2019Administration territoriale\u00bb, promet-t-il.<\/p>\n\n\n\n<p>Al Hassane Sall, ancien Gouverneur de Dakar, est d\u00e9sormais \u00e0 la t\u00eate de l\u2019Ex\u00e9cutif r\u00e9gional \u00e0 Saint-Louis, \u00abcon\u00adfront\u00e9e \u00e0 de nombreux enjeux \u00e9conomiques et s\u00e9curitaires, entre autres\u00bb. Des enjeux que le nouveau Gouverneur a analys\u00e9s dans son discours comme des d\u00e9fis qu\u2019il compte relever dans l\u2019inclusion, avec la participation de toutes les forces vives de la r\u00e9gion.<\/p>\n\n\n\n<p><br><strong>cndiongue@lequotidien.sn<\/strong><\/p>\n","protected":false},"excerpt":{"rendered":"<p>Si le double meurtre du danseur Aziz Dabala et de son jeune ami a \u00e9mu tout le monde, il y<\/p>\n","protected":false},"author":1,"featured_media":41259,"comment_status":"open","ping_status":"open","sticky":false,"template":"","format":"standard","meta":{"footnotes":""},"categories":[21],"tags":[],"class_list":["post-41306","post","type-post","status-publish","format-standard","has-post-thumbnail","hentry","category-societe"],"_links":{"self":[{"href":"https:\/\/dekkbi.com\/index.php?rest_route=\/wp\/v2\/posts\/41306","targetHints":{"allow":["GET"]}}],"collection":[{"href":"https:\/\/dekkbi.com\/index.php?rest_route=\/wp\/v2\/posts"}],"about":[{"href":"https:\/\/dekkbi.com\/index.php?rest_route=\/wp\/v2\/types\/post"}],"author":[{"embeddable":true,"href":"https:\/\/dekkbi.com\/index.php?rest_route=\/wp\/v2\/users\/1"}],"replies":[{"embeddable":true,"href":"https:\/\/dekkbi.com\/index.php?rest_route=%2Fwp%2Fv2%2Fcomments&post=41306"}],"version-history":[{"count":1,"href":"https:\/\/dekkbi.com\/index.php?rest_route=\/wp\/v2\/posts\/41306\/revisions"}],"predecessor-version":[{"id":41307,"href":"https:\/\/dekkbi.com\/index.php?rest_route=\/wp\/v2\/posts\/41306\/revisions\/41307"}],"wp:featuredmedia":[{"embeddable":true,"href":"https:\/\/dekkbi.com\/index.php?rest_route=\/wp\/v2\/media\/41259"}],"wp:attachment":[{"href":"https:\/\/dekkbi.com\/index.php?rest_route=%2Fwp%2Fv2%2Fmedia&parent=41306"}],"wp:term":[{"taxonomy":"category","embeddable":true,"href":"https:\/\/dekkbi.com\/index.php?rest_route=%2Fwp%2Fv2%2Fcategories&post=41306"},{"taxonomy":"post_tag","embeddable":true,"href":"https:\/\/dekkbi.com\/index.php?rest_route=%2Fwp%2Fv2%2Ftags&post=41306"}],"curies":[{"name":"wp","href":"https:\/\/api.w.org\/{rel}","templated":true}]}}