{"id":41289,"date":"2024-09-02T10:19:17","date_gmt":"2024-09-02T10:19:17","guid":{"rendered":"https:\/\/dekkbi.com\/?p=41289"},"modified":"2024-09-02T10:50:40","modified_gmt":"2024-09-02T10:50:40","slug":"bassirou-diomaye-faye-a-quitte-dakar-pour-se-rendre-en-chine","status":"publish","type":"post","link":"https:\/\/dekkbi.com\/?p=41289","title":{"rendered":"Faut-il continuer \u00e0 entretenir nos anciens Chefs d\u2019\u00c9tat ? (Par Abdoulaye THIAM)"},"content":{"rendered":"\n<p>Le S\u00e9n\u00e9gal vient d\u2019\u00e9trenner sa souverainet\u00e9 spatiale. Le pari \u00e9tait loin d\u2019\u00eatre gagn\u00e9\u00a0: un peu plus d\u2019une chance sur deux. Car, le taux de r\u00e9ussite des premiers essais d\u2019un nouveau lanceur, quel qu\u2019il soit, n\u2019atteindrait p\u00e9niblement que 53 %. \u00abWell done\u00bb, dirait Trump. \u00ab<em>A la diff\u00e9rence des satellites, les institutions demeurent rarement sur l\u2019orbite o\u00f9 leur cr\u00e9ateur avait entendu les placer<\/em>\u00bb, notait par contre la fameuse formule de Jean Rivero, Laurent Fabius, alors pr\u00e9sident du Conseil constitutionnel fran\u00e7ais, qui souhaitait supprimer le droit \u00e0 vie des anciens pr\u00e9sidents de la R\u00e9publique \u00e0 si\u00e9ger parmi les Sages (Conseil constitutionnel), comme le pr\u00e9voit\u00a0l\u2019alin\u00e9a 2 de l\u2019article 56 de la loi fondamentale fran\u00e7aise.\u00a0En l\u2019\u00e9voquant ici, nous envisageons de poser le d\u00e9bat relatif aux privil\u00e8ges des anciens pr\u00e9sidents de la R\u00e9publique. Pour cela, quittons le ciel pour revenir sur le plancher des vaches.<\/p>\n\n\n\n<p>Les derni\u00e8res \u00e9lections l\u00e9gislatives fran\u00e7aises devraient nous parler, \u00e0 nous S\u00e9n\u00e9galais. Celles, pr\u00e9sidentielles, des Etats-Unis pr\u00e9vues au mois de novembre prochain entre Donald Trump et Kamala Harris aussi. Ces joutes devraient plus encore parler \u00e0 nos anciens chefs d\u2019\u00c9tat \u00e0 qui notre pays a tout donn\u00e9 et qu\u2019il continue encore d\u2019entretenir alors qu\u2019ils ont pr\u00e9f\u00e9r\u00e9 aller payer des imp\u00f4ts directs ou indirects en France, pour Feu Leopold S\u00e9dar Senghor, Abdou Diouf et Abdoulaye Wade ; et au Maroc pour Macky Sall.<\/p>\n\n\n\n<p>Le 24 juin dernier, la France toute enti\u00e8re a trembl\u00e9, mais comme une seule voix, les Fran\u00e7ais ont su dire NON \u00e0 l\u2019arriv\u00e9e du Front National au pouvoir, le 7 juillet dernier. Les Fran\u00e7ais ont vot\u00e9 contre le racisme, la x\u00e9nophobie, l\u2019islamophobie, bref toutes les formes de phobie visant \u00e0 diviser les Fran\u00e7ais. La France a opt\u00e9 pour l\u2019ouverture et l\u2019enracinement, pour l\u2019Europe dont elle est une des locomotives \u00e0 c\u00f4t\u00e9 de l\u2019Allemagne. La 5eme puissance mondiale a pr\u00e9f\u00e9r\u00e9 garder sa grandeur l\u00e9gendaire que lui avaient l\u00e9gu\u00e9e Napol\u00e9on, Jean Jaur\u00e8s, Charles De Gaulle, Simone Veil, Jeanne d\u2019Arc, etc.<\/p>\n\n\n\n<p>En premi\u00e8re ligne, on a vu l\u2019ancien pr\u00e9sident, Fran\u00e7ois Hollande. \u00ab<em>A situation exceptionnelle, d\u00e9cision exceptionnelle<\/em>\u00bb, avait d\u00e9clar\u00e9 l\u2019ancien chef de l\u2019Etat pour justifier son soutien \u00e0 la nouvelle alliance des partis de Gauche afin d\u2019emp\u00eacher l\u2019extr\u00eame droite d\u2019arriver au pouvoir, alors m\u00eame qu\u2019il \u00e9tait l\u2019une des voix critiques de la Nupes, en&nbsp;2022. Sans \u00eatre aussi offensif que son successeur, Nicolas Sarkozy est aussi entr\u00e9 en sc\u00e8ne en qualifiant l\u2019accord entre LR-RN \u00abd\u2019absorption\u00bb. \u00ab<em>\u00catre le suppl\u00e9tif du RN n\u2019est pas une ambition mais un constat de renoncement<\/em>\u00bb. Et de mettre en garde LR dans les m\u00e9dias fran\u00e7ais en ces termes&nbsp;: \u00ab<em>S\u2019allier au Rassemblement national aujourd\u2019hui consiste \u00e0 se mettre dans les roues d\u2019un jeune homme de 28 ans (<\/em>Jordan Bardella, Ndlr)<em>&nbsp;qui, s\u2019il r\u00e9ussit, ne vous laissera pas la place, et s\u2019il \u00e9choue, vous emportera avec lui<\/em>\u00bb.<\/p>\n\n\n\n<p>Aux Etats-Unis, pour emp\u00eacher le retour au pouvoir de Donald Trump, Joe Biden accepte l\u2019\u00e9vidence d\u2019une d\u00e9faite in\u00e9vitable et c\u00e8de sa place \u00e0 sa vice-pr\u00e9sidente Kamala Harris. Mais ce qui a encore frapp\u00e9 les esprits, c\u2019est cette fusion, cette coalition des anciens pr\u00e9sidents r\u00e9publicains. Barack Obama et Bill Clinton se succ\u00e9dant au pupitre, apr\u00e8s un discours m\u00e9morable de Michele Obama, pour \u00e9viter que l\u2019Am\u00e9rique ne revienne en arri\u00e8re avec le Trumpisme qui avait balafr\u00e9 l\u2019une des d\u00e9mocraties les plus respect\u00e9es au monde.<\/p>\n\n\n\n<p>Au Ghana voisin, l\u2019ancien pr\u00e9sident Jerry Rawlings (aujourd\u2019hui d\u00e9c\u00e9d\u00e9), retir\u00e9 de la vie politique en 2001 apr\u00e8s deux mandats \u00e9lectifs, \u00e9tait rest\u00e9 actif dans son pays&nbsp;comme en&nbsp;Afrique. Le soutien qu\u2019il apporta \u00e0 son dauphin et vice-pr\u00e9sident,&nbsp;<a href=\"https:\/\/www.lemonde.fr\/afrique\/article\/2012\/07\/24\/le-president-du-ghana-meurt-brusquement-de-maladie_1737858_3212.html\">John Atta-Mills<\/a>, ne lui permit pas d\u2019emporter l\u2019\u00e9lection face \u00e0&nbsp;<a href=\"https:\/\/www.lemonde.fr\/archives\/article\/2004\/12\/10\/john-kufuor-reelu-a-la-presidence-du-ghana_390349_1819218.html\">John Kufuor<\/a>, le candidat du parti d\u2019opposition New Patriotic Party (NPP).<\/p>\n\n\n\n<p>Autre pays, autre environnement, c\u2019est tout le contraire au S\u00e9n\u00e9gal o\u00f9 les anciens Chefs d\u2019Etat \u00ababandonnent\u00bb tout bonnement leur peuple, ou \u00e0 tout le moins, s\u2019enferment dans un mutisme profond, une fois les lambris dor\u00e9s du palais recouverts, se r\u00e9fugiant derri\u00e8re le fallacieux pr\u00e9texte : \u00ab<em>Je ne veux pas g\u00eaner mon pr\u00e9d\u00e9cesseur<\/em>\u00bb.<\/p>\n\n\n\n<p><strong>DIOUF S\u2019EMMURE DANS UN SILENCE COUPABLE<\/strong><\/p>\n\n\n\n<p>El Hadji Mansour Mbaye avait l\u2019habitude de rappeler qu\u2019Abdou Diouf a \u00e9t\u00e9 gouverneur \u00e0 25 ans, Premier ministre \u00e0 35 ans et Pr\u00e9sident de la R\u00e9publique \u00e0 45 ans. L\u2019un des plus grands paroliers de la musique s\u00e9n\u00e9galaise, Feu Thione Balago Seck a m\u00eame publi\u00e9 un album intitul\u00e9 \u00ab&nbsp;num\u00e9ro 10&nbsp;\u00bb en hommage \u00e0 l\u2019ancien pr\u00e9sident de la R\u00e9publique qui a dirig\u00e9 le S\u00e9n\u00e9gal de 1981 \u00e0 2000. Pour cet honneur, il sera d\u00e9sign\u00e9 Secr\u00e9taire de la Francophonie. Mais depuis qu\u2019il a quitt\u00e9 le Palais pour aller s\u2019installer en France, il semble tourner le dos \u00e0 ce pays qui lui a tout donn\u00e9 et qui continue encore de l\u2019entretenir. Ni les lois sc\u00e9l\u00e9rates vot\u00e9es sous le r\u00e9gime de Wade (lois Sada Ndiaye, Ezan) et autres r\u00e9visions de la constitution ayant d\u00e9bouch\u00e9 aux \u00e9meutes du 23 juin 2011, suivies de celles de l\u2019\u00e9lectricit\u00e9, ne parviendront \u00e0 faire sortir l\u2019ancien Chef de l\u2019Etat de son silence coupable. Son parti pouvait finir en lambeaux, cela le laissait de marbre. Pas un seul mot. La seule fois qu\u2019il sortira de sa torpeur, c\u2019est dans une lettre conjointe qu\u2019il aurait co-sign\u00e9e avec Me Abdoulaye Wade avant de se raviser sous la bronca de l\u2019opinion. Pour le reste, il se contentera d\u2019appr\u00e9cier des honneurs qui lui sont faits avec notamment le CICAD (Centre International de Conf\u00e9rences Abdou Diouf).<\/p>\n\n\n\n<p><strong>KARIM, LA RAISON D\u2019\u00caTRE DE WADE<\/strong><\/p>\n\n\n\n<p>Quant \u00e0 Maitre Abdoulaye Wade, il reste dans le jeu politique non pas par amour pour le pays qu\u2019il a dirig\u00e9 pendant 12 ans (2000 -2012) et qui a mis fin \u00e0 ses \u00ab<em>ennuis financiers<\/em>\u00bb. Mais plut\u00f4t pour veiller sur son fils Karim Meissa Wade dont il pr\u00e9dit un destin pr\u00e9sidentiel \u00e0 partir de son exil dor\u00e9 \u00e0 Doha au Qatar. C\u2019est d\u2019ailleurs pour cette raison qu\u2019il traitera Macky Sall de tous les noms d\u2019oiseaux. Toutefois, quand le pays a failli sombrer \u00e0 cause des douloureux \u00e9v\u00e8nements du mars 2021 et de juin 2023, Abdoulaye Wade qui avait fini de fumer le calumet de la paix avec son ancien Premier ministre, ne se fera pas remarquer. Comme Abdou Diouf, il va s\u2019engouffrer lui aussi dans un silence complice pendant que des jeunes s\u00e9n\u00e9galais tombaient comme des mouches lors des manifestations. A la place, ce sont des joueurs de football qui sont mont\u00e9s au cr\u00e9neau pour dire \u00ab&nbsp;Stop&nbsp;\u00bb.<\/p>\n\n\n\n<p><strong>MACKY SALL, UN LIVRE-BLANC EN ATTENDANT\u2026<\/strong><\/p>\n\n\n\n<p>Si Diouf et Wade ont choisi la France pour leur retraite, Macky Sall, lui, a d\u00e9pos\u00e9 ses valises dans la ville ocre du Royaume ch\u00e9rifien o\u00f9 il a construit un palace digne d\u2019un prince ou d\u2019un \u00e9mir \u00e0 Marrakech. En tant qu\u2019Envoy\u00e9 sp\u00e9cial du 4P (Pacte de Paris pour les peuples et la Plan\u00e8te), il sillonne le monde tout en contr\u00f4lant les faits et gestes des tenants du nouveau r\u00e9gime. Mais comme ses devanciers, il se garde de toute d\u00e9claration sur la vie politique s\u00e9n\u00e9galaise. Toutefois, il continue \u00e0 veiller sur son \u0153uvre comme en t\u00e9moigne la publication r\u00e9cente d\u2019un \u00ablivre blanc\u00bb retra\u00e7ant ses 12 ans de r\u00e8gne, dans lequel le curseur est mis sur son bilan mat\u00e9riel \u00e0 la limite titanesque, mais pas un seul mot sur le bilan immat\u00e9riel qui l\u2019aurait priv\u00e9 de troisi\u00e8me mandat.<\/p>\n\n\n\n<p><strong>CAISSE NOIRE SUIVIE D\u2019UNE RETRAITE DOR\u00c9E<\/strong><\/p>\n\n\n\n<p>Malgr\u00e9 tout, ils ne se plaignent pas, nos Excellences, loin s\u2019en faut. Le d\u00e9cret num\u00e9ro 2013- 125 du 17 janvier 2013 leur attribue un traitement mensuel de 5 000 000 francs CFA, en plus de l\u2019octroi d\u2019une assurance maladie \u00e9tendue au conjoint&nbsp;; de deux v\u00e9hicules, d\u2019un t\u00e9l\u00e9phone fixe, d\u2019un logement et du mobilier d\u2019ameublement. En cas de renoncement au logement affect\u00e9, tout ancien Pr\u00e9sident de la R\u00e9publique per\u00e7oit une indemnit\u00e9 compensatrice d\u2019un montant mensuel net de 4 500 000 francs CFA.<\/p>\n\n\n\n<p>Le contribuable s\u00e9n\u00e9galais prend \u00e9galement en charge \u00e0 hauteur de 40 000 000 francs CFA, par an, le co\u00fbt des billets d\u2019avions de chaque ancien Pr\u00e9sident de la R\u00e9publique et de son (ses) conjoint(s). Tout ancien Chef de l\u2019Etat qui d\u00e9cide de s\u2019\u00e9tablir hors du S\u00e9n\u00e9gal (ce qui est le cas pour tous nos anciens Chefs d\u2019Etat) peut s\u2019attacher les services de quatre collaborateurs de son choix. Ces derniers sont r\u00e9mun\u00e9r\u00e9s dans les m\u00eames conditions que les personnels affect\u00e9s dans les postes diplomatiques et consulaires du S\u00e9n\u00e9gal. Enfin, s\u2019agissant des personnels mis \u00e0 la disposition de tout ancien Pr\u00e9sident de la R\u00e9publique, l\u2019Etat fournit les cat\u00e9gories suivantes: un aide de camp dont le grade n\u2019est pas sup\u00e9rieur \u00e0 celui de Commandant et qui remplit sa mission exclusivement \u00e0 l\u2019int\u00e9rieur du territoire national ; des gendarmes pour assurer la protection du logement ; deux agents de s\u00e9curit\u00e9 pour assurer la protection de sa personne ; un agent du protocole ; deux assistants ; un standardiste ; un cuisinier ; une ling\u00e8re ; un jardinier ; deux chauffeurs. Pis, pr\u00e9cise l\u2019\u00e9dit, l\u2019application de ces dispositions ne souffre aucune restriction.<\/p>\n\n\n\n<p>Une pension de retraite sup\u00e9rieure \u00e0 celle que per\u00e7oivent les anciens chefs d\u2019Etat fran\u00e7ais, qui re\u00e7oivent 6000 euros par mois soit 3.935.742 F CFA. (\u2026)&nbsp;\u00bb. Quant aux anciens Chefs d\u2019Etat des Etats-Unis, selon lesechos.fr (21 janv. 2021), \u00ab Jusqu\u2019\u00e0 la fin des ann\u00e9es cinquante, les ex-pr\u00e9sidents repartaient les mains dans les poches apr\u00e8s avoir quitt\u00e9 la Maison Blanche. Le Congr\u00e8s a rem\u00e9di\u00e9 \u00e0 cette situation, devant l\u2019embarras caus\u00e9 par Harry Truman et ses maigres revenus apr\u00e8s avoir quitt\u00e9 la fonction supr\u00eame. En 1958, le \u00abFormer Pr\u00e9sidents Act\u00bb (la loi sur les anciens pr\u00e9sidents en VF) fixait la rente pr\u00e9sidentielle \u00e0 25.000&nbsp;dollars par an.<\/p>\n\n\n\n<p>A l\u2019heure actuelle, elle est calqu\u00e9e sur le salaire d\u2019un ministre, soit environ 221.000&nbsp;dollars annuels\u00bb.<\/p>\n\n\n\n<p>En r\u00e9alit\u00e9, ce sont moins les avantages et privil\u00e8ges accord\u00e9s aux anciens chefs de l\u2019Etat s\u00e9n\u00e9galais que l\u2019incurie qui les caract\u00e9rise qui interroge. En d\u2019autres termes, ce n\u2019est pas tant ce qu\u2019ils co\u00fbtent au contribuable, car apr\u00e8s tout, si un ancien pr\u00e9sident du S\u00e9n\u00e9gal a droit \u00e0 5 millions de FCFA, son homologue de C\u00f4te d\u2019Ivoire touche 9,6 millions de FCFA, celui Tunisie, 7,9 millions de FCFA, etc.<\/p>\n\n\n\n<p>Ailleurs dans le monde, la comparaison des salaires et des autres avantages en nature d\u2019un ancien pr\u00e9sident s\u00e9n\u00e9galais avec ceux des pays d\u00e9velopp\u00e9s r\u00e9v\u00e8le que, si le S\u00e9n\u00e9gal est certes devant la France (3 millions), il reste loin derri\u00e8re les Etats-Unis (7,8 millions) et l\u2019Allemagne (11,6 millions de francs). C\u2019est juste, m\u00eame lorsque le feu couve au S\u00e9n\u00e9gal, ils n\u2019en ont cure&nbsp;!<\/p>\n\n\n\n<p>SOURCE SUDQUOTIDIEN<\/p>\n\n\n\n<p><\/p>\n","protected":false},"excerpt":{"rendered":"<p>Le S\u00e9n\u00e9gal vient d\u2019\u00e9trenner sa souverainet\u00e9 spatiale. Le pari \u00e9tait loin d\u2019\u00eatre gagn\u00e9\u00a0: un peu plus d\u2019une chance sur deux.<\/p>\n","protected":false},"author":1,"featured_media":41323,"comment_status":"open","ping_status":"open","sticky":false,"template":"","format":"standard","meta":{"footnotes":""},"categories":[6],"tags":[],"class_list":["post-41289","post","type-post","status-publish","format-standard","has-post-thumbnail","hentry","category-politics"],"_links":{"self":[{"href":"https:\/\/dekkbi.com\/index.php?rest_route=\/wp\/v2\/posts\/41289","targetHints":{"allow":["GET"]}}],"collection":[{"href":"https:\/\/dekkbi.com\/index.php?rest_route=\/wp\/v2\/posts"}],"about":[{"href":"https:\/\/dekkbi.com\/index.php?rest_route=\/wp\/v2\/types\/post"}],"author":[{"embeddable":true,"href":"https:\/\/dekkbi.com\/index.php?rest_route=\/wp\/v2\/users\/1"}],"replies":[{"embeddable":true,"href":"https:\/\/dekkbi.com\/index.php?rest_route=%2Fwp%2Fv2%2Fcomments&post=41289"}],"version-history":[{"count":2,"href":"https:\/\/dekkbi.com\/index.php?rest_route=\/wp\/v2\/posts\/41289\/revisions"}],"predecessor-version":[{"id":41324,"href":"https:\/\/dekkbi.com\/index.php?rest_route=\/wp\/v2\/posts\/41289\/revisions\/41324"}],"wp:featuredmedia":[{"embeddable":true,"href":"https:\/\/dekkbi.com\/index.php?rest_route=\/wp\/v2\/media\/41323"}],"wp:attachment":[{"href":"https:\/\/dekkbi.com\/index.php?rest_route=%2Fwp%2Fv2%2Fmedia&parent=41289"}],"wp:term":[{"taxonomy":"category","embeddable":true,"href":"https:\/\/dekkbi.com\/index.php?rest_route=%2Fwp%2Fv2%2Fcategories&post=41289"},{"taxonomy":"post_tag","embeddable":true,"href":"https:\/\/dekkbi.com\/index.php?rest_route=%2Fwp%2Fv2%2Ftags&post=41289"}],"curies":[{"name":"wp","href":"https:\/\/api.w.org\/{rel}","templated":true}]}}