{"id":41286,"date":"2024-09-02T10:15:01","date_gmt":"2024-09-02T10:15:01","guid":{"rendered":"https:\/\/dekkbi.com\/?p=41286"},"modified":"2024-09-02T10:15:02","modified_gmt":"2024-09-02T10:15:02","slug":"ousmane-sonko-promet-un-renforcement-du-soutien-senegalais-a-la-cause-palestinienne","status":"publish","type":"post","link":"https:\/\/dekkbi.com\/?p=41286","title":{"rendered":"Ousmane Sonko promet un renforcement du soutien s\u00e9n\u00e9galais \u00e0 la cause palestinienne"},"content":{"rendered":"\n<p>Dakar,  (APS) \u2013 Le nouveau r\u00e9gime veut aller au-del\u00e0 des d\u00e9clarations et initiatives dans le conflit isra\u00e9lo-palestinien pour marquer sa pr\u00e9sence \u201d\u00e0 c\u00f4t\u00e9 du peuple palestinien\u201d, et mener avec lui le \u201ccombat\u201d pour l\u2019aboutissement de sa cause, a annonc\u00e9, samedi, \u00e0 Dakar, le Premier ministre, Ousmane Sonko.\u00a0<\/p>\n\n\n\n<p>\u201cLe nouveau r\u00e9gime, sous la direction [du pr\u00e9sident Diomaye Faye], a d\u00e9cid\u00e9 d\u2019aller au-del\u00e0 des d\u00e9clarations et initiatives au niveau des Nations unies, mais d\u2019\u00eatre pr\u00e9sent \u00e0 c\u00f4t\u00e9 de nos fr\u00e8res palestiniens pour mener ensemble ce combat\u201d, a-t-il d\u00e9clar\u00e9.<\/p>\n\n\n\n<p>Le chef du gouvernement s\u00e9n\u00e9galais prenait part \u00e0 un rassemblement sur l\u2019esplanade de la Grande mosqu\u00e9e de Dakar, \u00e0 l\u2019appel de l\u2019Alliance nationale pour la cause palestinienne. Cette manifestation a r\u00e9uni des milliers de personnes arborant des drapelets palestiniens et portant des t-shirts avec l\u2019inscription \u201dPalestine libre\u201d.<\/p>\n\n\n\n<p>Le S\u00e9n\u00e9gal, pr\u00e9sident du Comit\u00e9 pour la d\u00e9fense des droits inali\u00e9nables des peuples palestiniens depuis 1975, a port\u00e9 \u00e9norm\u00e9ment d\u2019initiatives depuis l\u2019ind\u00e9pendance, dont la plus r\u00e9cente a abouti au vote, en 2016, d\u2019une r\u00e9solution condamnant Isra\u00ebl relativement \u00e0 l\u2019extension de ses colonies sur les terres palestiniennes, a rappel\u00e9 le Premier ministre.<\/p>\n\n\n\n<p>Ousmane Sonko a toutefois fait observer que les actions les plus visibles ont \u00e9t\u00e9 initi\u00e9es par l\u2019Afrique du Sud et des pays d\u2019Am\u00e9rique latine qui sont all\u00e9s jusqu\u2019\u00e0 rompre leurs relations diplomatiques avec l\u2019\u00c9tat h\u00e9breu et \u00e0 consid\u00e9rer les agissements d\u2019Isra\u00ebl comme des crimes contre l\u2019humanit\u00e9.<\/p>\n\n\n\n<p>Sur cette base, il estime que la dimension politique de ce \u201ccombat\u201d doit \u00eatre privil\u00e9gi\u00e9e pour r\u00e9unir tous ceux qui luttent pour la cause palestinienne.<\/p>\n\n\n\n<p>\u201cNous devons distinguer les aspects cultuels de ceux politiques pour cr\u00e9er des blocs qui nous permettent de nous d\u00e9fendre\u201d, a-t-il martel\u00e9, en soulignant que le monde fonctionne d\u00e9sormais sur la base de la puissance et des blocs.<\/p>\n\n\n\n<p>Le chef du gouvernement a \u00e9galement d\u00e9nonc\u00e9 \u201cun monde du deux poids deux mesures, o\u00f9 tous ceux qui chantent la d\u00e9mocratie et les droits sont ceux aujourd\u2019hui qui appuient Isra\u00ebl\u201d.<\/p>\n\n\n\n<p>Le coordinateur de l\u2019Alliance nationale pour la cause palestinienne, Moustapha S\u00e9gnane, a appel\u00e9 \u201ctous les S\u00e9n\u00e9galais, toutes confessions confondues, \u00e0 s\u2019unir pour que la Palestine recouvre sa libert\u00e9\u201d.<\/p>\n\n\n\n<p>L\u2019ambassadeur de Palestine \u00e0 Dakar, Nasser Jaddalah, a salu\u00e9 \u201cle soutien constant du peuple s\u00e9n\u00e9galais \u00e0 la cause palestinienne, surtout dans ce contexte du blocus de la bande de Gaza par l\u2019Etat d\u2019Isra\u00ebl, sous le silence complice de la communaut\u00e9 internationale\u201d.<\/p>\n\n\n\n<p>Le diplomate a aussi magnifi\u00e9 la pr\u00e9sence du Premier ministre s\u00e9n\u00e9galais \u00e0 ce rassemblement, qui est, selon lui, \u201cune premi\u00e8re dans l\u2019histoire du S\u00e9n\u00e9gal\u201d.<\/p>\n","protected":false},"excerpt":{"rendered":"<p>Dakar, (APS) \u2013 Le nouveau r\u00e9gime veut aller au-del\u00e0 des d\u00e9clarations et initiatives dans le conflit isra\u00e9lo-palestinien pour marquer sa<\/p>\n","protected":false},"author":1,"featured_media":41287,"comment_status":"open","ping_status":"open","sticky":false,"template":"","format":"standard","meta":{"footnotes":""},"categories":[6],"tags":[],"class_list":["post-41286","post","type-post","status-publish","format-standard","has-post-thumbnail","hentry","category-politics"],"_links":{"self":[{"href":"https:\/\/dekkbi.com\/index.php?rest_route=\/wp\/v2\/posts\/41286","targetHints":{"allow":["GET"]}}],"collection":[{"href":"https:\/\/dekkbi.com\/index.php?rest_route=\/wp\/v2\/posts"}],"about":[{"href":"https:\/\/dekkbi.com\/index.php?rest_route=\/wp\/v2\/types\/post"}],"author":[{"embeddable":true,"href":"https:\/\/dekkbi.com\/index.php?rest_route=\/wp\/v2\/users\/1"}],"replies":[{"embeddable":true,"href":"https:\/\/dekkbi.com\/index.php?rest_route=%2Fwp%2Fv2%2Fcomments&post=41286"}],"version-history":[{"count":1,"href":"https:\/\/dekkbi.com\/index.php?rest_route=\/wp\/v2\/posts\/41286\/revisions"}],"predecessor-version":[{"id":41288,"href":"https:\/\/dekkbi.com\/index.php?rest_route=\/wp\/v2\/posts\/41286\/revisions\/41288"}],"wp:featuredmedia":[{"embeddable":true,"href":"https:\/\/dekkbi.com\/index.php?rest_route=\/wp\/v2\/media\/41287"}],"wp:attachment":[{"href":"https:\/\/dekkbi.com\/index.php?rest_route=%2Fwp%2Fv2%2Fmedia&parent=41286"}],"wp:term":[{"taxonomy":"category","embeddable":true,"href":"https:\/\/dekkbi.com\/index.php?rest_route=%2Fwp%2Fv2%2Fcategories&post=41286"},{"taxonomy":"post_tag","embeddable":true,"href":"https:\/\/dekkbi.com\/index.php?rest_route=%2Fwp%2Fv2%2Ftags&post=41286"}],"curies":[{"name":"wp","href":"https:\/\/api.w.org\/{rel}","templated":true}]}}