{"id":41279,"date":"2024-08-30T16:05:24","date_gmt":"2024-08-30T16:05:24","guid":{"rendered":"https:\/\/dekkbi.com\/?p=41279"},"modified":"2024-08-30T16:05:25","modified_gmt":"2024-08-30T16:05:25","slug":"espagne-le-real-madrid-arrache-le-nul-a-las-palmas-mbappe-toujours-muet","status":"publish","type":"post","link":"https:\/\/dekkbi.com\/?p=41279","title":{"rendered":"Espagne: le Real Madrid arrache le nul \u00e0 Las Palmas, Mbapp\u00e9 toujours muet"},"content":{"rendered":"\n<p>Men\u00e9 1-0 d\u00e8s la cinqui\u00e8me minute de jeu, le Real Madrid a arrach\u00e9 le nul (1-1) jeudi sur la pelouse de Las Palmas en cl\u00f4ture de la troisi\u00e8me journ\u00e9e de Liga, au terme d&rsquo;une nouvelle soir\u00e9e compliqu\u00e9e pour sa nouvelle star Kylian Mbapp\u00e9.<\/p>\n\n\n\n<p>Le champion d&rsquo;Espagne et d&rsquo;Europe en titre, bouscul\u00e9 par des Canaris sans complexe et inspir\u00e9s, a \u00e9galis\u00e9 en seconde p\u00e9riode sur un p\u00e9nalty du Br\u00e9silien Vinicius Junior (69e, 1-1) pour s&rsquo;\u00e9viter une premi\u00e8re d\u00e9faite de la saison.<\/p>\n\n\n\n<p>Trop friables et impr\u00e9cis, les Madril\u00e8nes, tenus en \u00e9chec pour la deuxi\u00e8me fois en trois rencontres, ne sont que quatri\u00e8mes au classement, \u00e0 quatre longueurs de leurs rivaux du FC Barcelone (1ers, 9 points).<\/p>\n\n\n\n<p>L&rsquo;attaquant fran\u00e7ais Kylian Mbapp\u00e9, qui s&rsquo;est \u00e0 nouveau beaucoup montr\u00e9 mais a manqu\u00e9 de r\u00e9ussite devant le but, devra encore patienter pour d\u00e9bloquer son compteur dans son nouveau championnat et faire taire les premi\u00e8res critiques de la presse espagnole.<\/p>\n\n\n\n<p>Le capitaine des Bleus a \u00e9t\u00e9 le premier \u00e0 se mettre en \u00e9vidence dans la partie (4e), avant d&rsquo;assister \u00e0 l&rsquo;ouverture du score des locaux sur un superbe mouvement collectif conclu du gauche par l&rsquo;espoir espagnol Alberto Moleiro (5e, 1-0), qui venait d&rsquo;effacer tour \u00e0 tour Aur\u00e9lien Tchouam\u00e9ni et Eder Militao en deux crochets.<\/p>\n\n\n\n<p>Remuant sur le front de l&rsquo;attaque, Mbapp\u00e9 a ensuite soit but\u00e9 sur les d\u00e9fenseurs adverses (21e, 45e+1, 52e) soit trouv\u00e9 les gants du portier n\u00e9erlandais Jasper Cillessen (29e, 56e), auteur de deux belles parades sur coup franc indirect surpuissant de Federico Valverde (25e) et une frappe lointaine d&rsquo;Antonio R\u00fcdiger (38e).<\/p>\n\n\n\n<h2 class=\"wp-block-heading\">\u00ab\u00a0Pas de mobilit\u00e9\u00a0\u00bb<\/h2>\n\n\n\n<figure class=\"wp-block-image\"><img decoding=\"async\" src=\"https:\/\/information.tv5monde.com\/sites\/tv5-info\/files\/styles\/entete\/public\/2024-08\/field_media_image-2860549-62633c65861656f32117a7243438150fcc17d721.jpg?itok=G10ZAflA\" alt=\"L'attaquant br\u00e9silien du Real Madrid Vinicius Junior a inscrit un p\u00e9nalty lors du match nul de Liga contre Las Palmas, le 29 ao\u00fbt 2024 \u00e0 Las Palmas\n\" title=\"L'attaquant br\u00e9silien du Real Madrid Vinicius Junior a inscrit un p\u00e9nalty lors du match nul de Liga contre Las Palmas, le 29 ao\u00fbt 2024 \u00e0 Las Palmas\n\"\/><\/figure>\n\n\n\n<p>L&rsquo;attaquant br\u00e9silien du Real Madrid Vinicius Junior a inscrit un p\u00e9nalty lors du match nul de Liga contre Las Palmas, le 29 ao\u00fbt 2024 \u00e0 Las Palmas<\/p>\n\n\n\n<p>AFP  &#8211; Cesar Manso<\/p>\n\n\n\n<p>Les hommes de Carlo Ancelotti, toujours priv\u00e9s de l&rsquo;Anglais Jude Bellingham et sans rempla\u00e7ant pour pallier le d\u00e9part \u00e0 la retraite de son m\u00e9tronome allemand Toni Kroos, ont encore manqu\u00e9 d&rsquo;\u00e9quilibre et multipli\u00e9 les impr\u00e9cisions, laissant trop d&rsquo;espace aux locaux entre les lignes pour combiner.<\/p>\n\n\n\n<p>\u00ab\u00a0Nous avons du mal \u00e0 retrouver la solidit\u00e9 de l&rsquo;ann\u00e9e derni\u00e8re, il ne faut pas chercher d&rsquo;excuses\u00a0\u00bb, a conc\u00e9d\u00e9 le technicien italien. \u00ab\u00a0Le calendrier est serr\u00e9 et nous devons trouver une solution rapidement, nous avons un match dimanche. (&#8230;) Ces trois matches m&rsquo;ont montr\u00e9 beaucoup de choses qui ne vont pas\u00a0\u00bb, a-t-il ajout\u00e9.<\/p>\n\n\n\n<p>\u00ab\u00a0Notre jeu est lent, il n&rsquo;y a pas de mobilit\u00e9, le ballon arrive aux attaquants quand l&rsquo;adversaire est repli\u00e9, nous ne parvenons pas \u00e0 trouver des espaces entre les lignes&#8230; Le probl\u00e8me est assez clair, maintenant il faut trouver une solution\u00a0\u00bb a d\u00e9taill\u00e9 l&rsquo;ex-coach milanais devant la presse.<\/p>\n\n\n\n<p>Bien plus tranchants en deuxi\u00e8me p\u00e9riode apr\u00e8s l&rsquo;entr\u00e9e en jeu de Rodrygo, les Merengues ont tout de m\u00eame fini par \u00e9galiser en profitant d&rsquo;une main malheureuse du d\u00e9fenseur Alex Suarez dans la surface, Vinicius transformant son p\u00e9nalty en force pour sa premi\u00e8re r\u00e9alisation de la saison (69e, 1-1).<\/p>\n\n\n\n<p>Plus t\u00f4t dans la soir\u00e9e, G\u00e9rone, troisi\u00e8me l&rsquo;an pass\u00e9, a enfin lanc\u00e9 sa saison avec un premi\u00e8re victoire convaincante (4-0) face \u00e0 Osasuna \u00e0 domicile, avec des buts de l&rsquo;Espagnol Bryan Gil (34e), de l&rsquo;Ukrainien Viktor Tsygankov (53e), de la recrue estivale Abel Ruiz (56e) et du v\u00e9t\u00e9ran Cristhian Stuani (90e+1).<\/p>\n\n\n\n<p>SOURCE TV5.ORG<\/p>\n","protected":false},"excerpt":{"rendered":"<p>Men\u00e9 1-0 d\u00e8s la cinqui\u00e8me minute de jeu, le Real Madrid a arrach\u00e9 le nul (1-1) jeudi sur la pelouse<\/p>\n","protected":false},"author":1,"featured_media":41280,"comment_status":"open","ping_status":"open","sticky":false,"template":"","format":"standard","meta":{"footnotes":""},"categories":[9],"tags":[],"class_list":["post-41279","post","type-post","status-publish","format-standard","has-post-thumbnail","hentry","category-sports"],"_links":{"self":[{"href":"https:\/\/dekkbi.com\/index.php?rest_route=\/wp\/v2\/posts\/41279","targetHints":{"allow":["GET"]}}],"collection":[{"href":"https:\/\/dekkbi.com\/index.php?rest_route=\/wp\/v2\/posts"}],"about":[{"href":"https:\/\/dekkbi.com\/index.php?rest_route=\/wp\/v2\/types\/post"}],"author":[{"embeddable":true,"href":"https:\/\/dekkbi.com\/index.php?rest_route=\/wp\/v2\/users\/1"}],"replies":[{"embeddable":true,"href":"https:\/\/dekkbi.com\/index.php?rest_route=%2Fwp%2Fv2%2Fcomments&post=41279"}],"version-history":[{"count":1,"href":"https:\/\/dekkbi.com\/index.php?rest_route=\/wp\/v2\/posts\/41279\/revisions"}],"predecessor-version":[{"id":41281,"href":"https:\/\/dekkbi.com\/index.php?rest_route=\/wp\/v2\/posts\/41279\/revisions\/41281"}],"wp:featuredmedia":[{"embeddable":true,"href":"https:\/\/dekkbi.com\/index.php?rest_route=\/wp\/v2\/media\/41280"}],"wp:attachment":[{"href":"https:\/\/dekkbi.com\/index.php?rest_route=%2Fwp%2Fv2%2Fmedia&parent=41279"}],"wp:term":[{"taxonomy":"category","embeddable":true,"href":"https:\/\/dekkbi.com\/index.php?rest_route=%2Fwp%2Fv2%2Fcategories&post=41279"},{"taxonomy":"post_tag","embeddable":true,"href":"https:\/\/dekkbi.com\/index.php?rest_route=%2Fwp%2Fv2%2Ftags&post=41279"}],"curies":[{"name":"wp","href":"https:\/\/api.w.org\/{rel}","templated":true}]}}