{"id":41266,"date":"2024-08-30T13:28:07","date_gmt":"2024-08-30T13:28:07","guid":{"rendered":"https:\/\/dekkbi.com\/?p=41266"},"modified":"2024-08-30T13:28:08","modified_gmt":"2024-08-30T13:28:08","slug":"le-nigeria-et-le-niger-actent-la-reprise-de-leur-cooperation-securitaire","status":"publish","type":"post","link":"https:\/\/dekkbi.com\/?p=41266","title":{"rendered":"Le Nigeria et le Niger actent la reprise de leur coop\u00e9ration s\u00e9curitaire"},"content":{"rendered":"\n<p>Le Nigeria et le Niger vont reprendre leur coop\u00e9ration militaire pour lutter contre l&rsquo;ins\u00e9curit\u00e9 dans la r\u00e9gion, apr\u00e8s un peu plus d&rsquo;un an d&rsquo;interruption \u00e0 la suite de la prise de pouvoir par les militaires \u00e0 Niamey en 2023, a annonc\u00e9 l&rsquo;arm\u00e9e nig\u00e9riane.<\/p>\n\n\n\n<p>Le chef d&rsquo;\u00e9tat-major de l&rsquo;arm\u00e9e nig\u00e9riane, le g\u00e9n\u00e9ral Christopher Musa, a rencontr\u00e9 son homologue nig\u00e9rien, le g\u00e9n\u00e9ral Moussa Salaou Barmou, \u00e0 Niamey mercredi, selon un communiqu\u00e9 du directeur de l&rsquo;information du minist\u00e8re de la D\u00e9fense nig\u00e9rian re\u00e7u jeudi par l&rsquo;AFP.<\/p>\n\n\n\n<p>Depuis l&rsquo;arriv\u00e9e au pouvoir des militaires \u00e0 Niamey en juillet 2023 et le renversement du pr\u00e9sident d\u00e9mocratiquement \u00e9lu Mohamed Bazoum, les relations \u00e9taient quasiment rompues entre le nouveau r\u00e9gime nig\u00e9rien et les autorit\u00e9s d&rsquo;Abuja.<\/p>\n\n\n\n<p>Le pr\u00e9sident nig\u00e9rian, Bola Ahmed Tinubu, \u00e9galement \u00e0 la t\u00eate de la Communaut\u00e9 des Etats d&rsquo;Afrique de l&rsquo;ouest (Cedeao), avait \u00e9t\u00e9 partisan dans un premier temps d&rsquo;une ligne dure \u00e0 l&rsquo;encontre des nouvelles autorit\u00e9s nig\u00e9riennes, envisageant un temps une action militaire r\u00e9gionale pour r\u00e9instaurer Mohamed Bazoum.<\/p>\n\n\n\n<p>En r\u00e9action, le Niger s&rsquo;est rapproch\u00e9 du Mali et du Burkina Faso, \u00e9galement dirig\u00e9s par des militaires, avec qui il a cr\u00e9\u00e9 l&rsquo;Alliance des Etats du Sahel (AES), actant ainsi le d\u00e9part des trois pays de la Cedeao.<\/p>\n\n\n\n<p>\u00ab\u00a0Les deux parties ont r\u00e9affirm\u00e9 leur engagement \u00e0 reprendre et renforcer leur collaboration afin d&rsquo;assurer la stabilit\u00e9 et la s\u00e9curit\u00e9 r\u00e9gionales\u00a0\u00bb, explique le communiqu\u00e9.<\/p>\n\n\n\n<p>Le Nigeria s&rsquo;est engag\u00e9 \u00ab\u00a0\u00e0 ne pas d\u00e9stabiliser le Niger ou aucun de ses voisins\u00a0\u00bb tandis que \u00ab\u00a0le Niger a confirm\u00e9 \u00eatre pr\u00eat \u00e0 reprendre une participation active dans la coop\u00e9ration militaire que constitue la Force multinationale mixte (FMM)\u00a0\u00bb, d\u00e9taille-t-il.<\/p>\n\n\n\n<p>La FFM, compos\u00e9e des forces arm\u00e9es du Nigeria, du Niger, du Tchad et du Cameroun, a \u00e9t\u00e9 cr\u00e9\u00e9e en 1994 pour lutter principalement contre la criminalit\u00e9 transfrontali\u00e8re, mais son mandat a ensuite \u00e9t\u00e9 \u00e9largi pour inclure la lutte contre les jihadistes, dont les campagnes arm\u00e9es se sont \u00e9tendues de leur base nig\u00e9riane aux trois pays voisins.<\/p>\n\n\n\n<p>Les deux responsables militaires ont \u00ab\u00a0reconnu l&rsquo;impact significatif de la prolif\u00e9ration des armes l\u00e9g\u00e8res\u00a0\u00bb ainsi que \u00ab\u00a0leur accessibilit\u00e9 croissante\u00a0\u00bb qui augmente \u00ab\u00a0l&rsquo;ins\u00e9curit\u00e9 et les conflits dans la r\u00e9gion\u00a0\u00bb.<\/p>\n\n\n\n<p>Moussa Salaou Barmou a accept\u00e9 de se rendre prochainement au Nigeria afin de \u00ab\u00a0finaliser les modalit\u00e9s de la coop\u00e9ration\u00a0\u00bb.<\/p>\n\n\n\n<p>SOURCE DAKARACTU<\/p>\n","protected":false},"excerpt":{"rendered":"<p>Le Nigeria et le Niger vont reprendre leur coop\u00e9ration militaire pour lutter contre l&rsquo;ins\u00e9curit\u00e9 dans la r\u00e9gion, apr\u00e8s un peu<\/p>\n","protected":false},"author":1,"featured_media":41267,"comment_status":"open","ping_status":"open","sticky":false,"template":"","format":"standard","meta":{"footnotes":""},"categories":[51],"tags":[],"class_list":["post-41266","post","type-post","status-publish","format-standard","has-post-thumbnail","hentry","category-general"],"_links":{"self":[{"href":"https:\/\/dekkbi.com\/index.php?rest_route=\/wp\/v2\/posts\/41266","targetHints":{"allow":["GET"]}}],"collection":[{"href":"https:\/\/dekkbi.com\/index.php?rest_route=\/wp\/v2\/posts"}],"about":[{"href":"https:\/\/dekkbi.com\/index.php?rest_route=\/wp\/v2\/types\/post"}],"author":[{"embeddable":true,"href":"https:\/\/dekkbi.com\/index.php?rest_route=\/wp\/v2\/users\/1"}],"replies":[{"embeddable":true,"href":"https:\/\/dekkbi.com\/index.php?rest_route=%2Fwp%2Fv2%2Fcomments&post=41266"}],"version-history":[{"count":1,"href":"https:\/\/dekkbi.com\/index.php?rest_route=\/wp\/v2\/posts\/41266\/revisions"}],"predecessor-version":[{"id":41268,"href":"https:\/\/dekkbi.com\/index.php?rest_route=\/wp\/v2\/posts\/41266\/revisions\/41268"}],"wp:featuredmedia":[{"embeddable":true,"href":"https:\/\/dekkbi.com\/index.php?rest_route=\/wp\/v2\/media\/41267"}],"wp:attachment":[{"href":"https:\/\/dekkbi.com\/index.php?rest_route=%2Fwp%2Fv2%2Fmedia&parent=41266"}],"wp:term":[{"taxonomy":"category","embeddable":true,"href":"https:\/\/dekkbi.com\/index.php?rest_route=%2Fwp%2Fv2%2Fcategories&post=41266"},{"taxonomy":"post_tag","embeddable":true,"href":"https:\/\/dekkbi.com\/index.php?rest_route=%2Fwp%2Fv2%2Ftags&post=41266"}],"curies":[{"name":"wp","href":"https:\/\/api.w.org\/{rel}","templated":true}]}}