{"id":41238,"date":"2024-08-30T12:27:28","date_gmt":"2024-08-30T12:27:28","guid":{"rendered":"https:\/\/dekkbi.com\/?p=41238"},"modified":"2024-08-30T12:27:29","modified_gmt":"2024-08-30T12:27:29","slug":"agriculture-formation-professionnelle-et-technique-digitalisation-le-senegal-et-lespagne-sengagent-a-renforcer-leur-cooperation","status":"publish","type":"post","link":"https:\/\/dekkbi.com\/?p=41238","title":{"rendered":"Agriculture, formation professionnelle et technique, digitalisation \u2026 le S\u00e9n\u00e9gal et l\u2019Espagne s\u2019engagent \u00e0 renforcer leur coop\u00e9ration"},"content":{"rendered":"\n<p><strong>Le Premier ministre espagnol Pedro Sanchez qui a entam\u00e9, depuis mercredi, une visite de deux jours au S\u00e9n\u00e9gal a \u00e9t\u00e9 re\u00e7u hier, jeudi 29 ao\u00fbt, par le Pr\u00e9sident de la R\u00e9publique Bassirou Diomaye Faye au Palais. Au sortir de leur entretien, ils ont fait part de la volont\u00e9 des pays de renforcer leur coop\u00e9ration dans les domaines tels que&nbsp; l\u2019agriculture, la formation professionnelle et technique, l\u2019industrialisation et la digitalisation.&nbsp;&nbsp;<\/strong><\/p>\n\n\n\n<p>Le S\u00e9n\u00e9gal et l\u2019Espagne s\u2019engagent \u00e0 renforcer leur coop\u00e9ration dans plusieurs secteurs d\u2019activit\u00e9s. L\u2019annonce a \u00e9t\u00e9 faite par le Pr\u00e9sident de la R\u00e9publique Bassirou Diomaye Faye&nbsp; hier, jeudi 29&nbsp; ao\u00fbt&nbsp; lors d\u2019une d\u00e9claration de presse en compagnie du Premier ministre espagnol Pedro Sanchez qui a entam\u00e9&nbsp; depuis mercredi une visite de deux jours au S\u00e9n\u00e9gal. \u00ab&nbsp;<em>Nous avons convenu d\u2019explorer les voies du renforcement de la coop\u00e9ration dans les domaines tels que&nbsp; l\u2019agriculture, la formation professionnelle et technique, l\u2019industrialisation et la digitalisation&nbsp;&nbsp; qui sont des priorit\u00e9s pour notre pays<\/em>&nbsp;\u00bb, a-t-il fait savoir. Pour lui, cette visite t\u00e9moigne des liens d\u2019amiti\u00e9 et de coop\u00e9ration cordiale entre le S\u00e9n\u00e9gal et l\u2019Espagne.&nbsp; Le Chef de l\u2019Etat souligne que c\u2019est le sens de l\u2019accord-cadre sign\u00e9 entre les deux pays et qui couvre des domaines de coop\u00e9ration vari\u00e9s comme l\u2019agriculture, les infrastructures h\u00f4teli\u00e8res, l\u2019environnement, la d\u00e9fense et la s\u00e9curit\u00e9, ainsi que la lutte contre la migration irr\u00e9guli\u00e8re. Il a ainsi&nbsp; fait part au Premier&nbsp; Ministre Espagnol de la volont\u00e9 du gouvernement de lutter contre cette migration irr\u00e9guli\u00e8re. \u00ab&nbsp;<em>Nous sommes pr\u00e9occup\u00e9s par les d\u00e9parts massifs \u00e0 partir des c\u00f4tes s\u00e9n\u00e9galaises avec l\u2019Espagne comme destination. Le gouvernement du S\u00e9n\u00e9gal, sous la conduite du Premier ministre, travaille actuellement sur les voies et moyens de stopper les vagues de d\u00e9parts clandestins dans ce pays avec ses partenaires dont l\u2019Espagne<\/em>&nbsp;\u00bb, soutient-il.<\/p>\n\n\n\n<p>Les \u00e9changes entre le Chef de l\u2019Etat&nbsp; et le chef du gouvernement espagnol ont port\u00e9 sur d\u2019autres sujets comme la situation au Sahel avec le terrorisme qui n\u00e9cessite, selon Bassirou Diomaye Faye,&nbsp; une mobilisation globale de la communaut\u00e9 internationale et surtout de l\u2019Europe aux cot\u00e9s des pays concern\u00e9s car, dit-il, il est reconnu que les continents africain et Europ\u00e9en ont un destin s\u00e9curitaire li\u00e9.\u00ab&nbsp;<em>Au plan international, nous avons not\u00e9 que le S\u00e9n\u00e9gal et l\u2019Espagne ont des points de vue convergents notamment sur le respect du multilat\u00e9ralisme comme fondement de la coexistence pacifique. Pour le S\u00e9n\u00e9gal, seule une approche multilat\u00e9rale peut en effet aider \u00e0 relever les d\u00e9fis globaux. C\u2019est pourquoi nous r\u00e9it\u00e9rons notre soutien&nbsp; \u00e0&nbsp; l\u2019initiative espagnole d\u2019appuyer le multilat\u00e9ralisme. pour une r\u00e9forme de la gouvernance politique \u00e9conomique et financi\u00e8re<\/em>&nbsp;\u00bb, a laiss\u00e9 entendre le Pr\u00e9sident de la R\u00e9publique. Selon lui, le S\u00e9n\u00e9gal en tant que pr\u00e9sident du comit\u00e9 des Nations Unies pour l\u2019exercice des droits inali\u00e9nables&nbsp; du peuple palestinien a fortement salu\u00e9 la d\u00e9cision de l\u2019Espagne de reconnaitre le peuple palestinien. A ce propos, il indique que&nbsp; notre pays&nbsp; r\u00e9it\u00e8re&nbsp; sa condamnation ferme de la situation catastrophique \u00e0 Gaza o\u00f9 la population vit une trag\u00e9die sans pr\u00e9c\u00e9dent et fait face \u00e0 une violation des r\u00e8gles&nbsp; les plus \u00e9l\u00e9mentaires par la puissance occupante.<\/p>\n\n\n\n<p>De son c\u00f4t\u00e9, le Premier ministre espagnol, Pedro S\u00e1nchez, a magnifi\u00e9 \u00ab&nbsp;l\u2019exp\u00e9rience de collaboration&nbsp;\u00bb entre son pays et le S\u00e9n\u00e9gal dans le domaine migratoire. \u00ab&nbsp;Nous avons avec le S\u00e9n\u00e9gal une excellente exp\u00e9rience de collaboration dans le domaine migratoire, qu\u2019il faut renforcer&nbsp;\u00bb, a-t-il relev\u00e9.&nbsp; Pedro S\u00e1nchez a par ailleurs r\u00e9affirm\u00e9 de la volont\u00e9 de son pays d\u2019intensifier sa coop\u00e9ration avec le S\u00e9n\u00e9gal, dans plusieurs autres domaines.<\/p>\n\n\n\n<p><strong>NDEYE AMINATA CISSE<\/strong><br>SUDQUOTIDIEN<\/p>\n","protected":false},"excerpt":{"rendered":"<p>Le Premier ministre espagnol Pedro Sanchez qui a entam\u00e9, depuis mercredi, une visite de deux jours au S\u00e9n\u00e9gal a \u00e9t\u00e9<\/p>\n","protected":false},"author":1,"featured_media":41239,"comment_status":"open","ping_status":"open","sticky":false,"template":"","format":"standard","meta":{"footnotes":""},"categories":[6],"tags":[],"class_list":["post-41238","post","type-post","status-publish","format-standard","has-post-thumbnail","hentry","category-politics"],"_links":{"self":[{"href":"https:\/\/dekkbi.com\/index.php?rest_route=\/wp\/v2\/posts\/41238","targetHints":{"allow":["GET"]}}],"collection":[{"href":"https:\/\/dekkbi.com\/index.php?rest_route=\/wp\/v2\/posts"}],"about":[{"href":"https:\/\/dekkbi.com\/index.php?rest_route=\/wp\/v2\/types\/post"}],"author":[{"embeddable":true,"href":"https:\/\/dekkbi.com\/index.php?rest_route=\/wp\/v2\/users\/1"}],"replies":[{"embeddable":true,"href":"https:\/\/dekkbi.com\/index.php?rest_route=%2Fwp%2Fv2%2Fcomments&post=41238"}],"version-history":[{"count":1,"href":"https:\/\/dekkbi.com\/index.php?rest_route=\/wp\/v2\/posts\/41238\/revisions"}],"predecessor-version":[{"id":41240,"href":"https:\/\/dekkbi.com\/index.php?rest_route=\/wp\/v2\/posts\/41238\/revisions\/41240"}],"wp:featuredmedia":[{"embeddable":true,"href":"https:\/\/dekkbi.com\/index.php?rest_route=\/wp\/v2\/media\/41239"}],"wp:attachment":[{"href":"https:\/\/dekkbi.com\/index.php?rest_route=%2Fwp%2Fv2%2Fmedia&parent=41238"}],"wp:term":[{"taxonomy":"category","embeddable":true,"href":"https:\/\/dekkbi.com\/index.php?rest_route=%2Fwp%2Fv2%2Fcategories&post=41238"},{"taxonomy":"post_tag","embeddable":true,"href":"https:\/\/dekkbi.com\/index.php?rest_route=%2Fwp%2Fv2%2Ftags&post=41238"}],"curies":[{"name":"wp","href":"https:\/\/api.w.org\/{rel}","templated":true}]}}