{"id":41235,"date":"2024-08-30T12:24:06","date_gmt":"2024-08-30T12:24:06","guid":{"rendered":"https:\/\/dekkbi.com\/?p=41235"},"modified":"2024-08-30T12:24:07","modified_gmt":"2024-08-30T12:24:07","slug":"niger-les-autorites-annoncent-la-saisie-de-602-motos-destinees-aux-terroristes","status":"publish","type":"post","link":"https:\/\/dekkbi.com\/?p=41235","title":{"rendered":"Niger: les autorit\u00e9s annoncent la saisie de 602 motos \u00abdestin\u00e9es aux terroristes\u00bb"},"content":{"rendered":"\n<p><strong>A l\u2019image du Mali et du Burkina, le Niger est confront\u00e9 \u00e0 une insurrection jihadiste depuis plusieurs ann\u00e9es.&nbsp;<\/strong><\/p>\n\n\n\n<p>Les autorit\u00e9s nig\u00e9riennes ont r\u00e9cemment intercept\u00e9 une importante quantit\u00e9 de mat\u00e9riel potentiellement destin\u00e9e \u00e0 des groupes arm\u00e9s terroristes. Selon T\u00e9l\u00e9 Sahel, la t\u00e9l\u00e9vision nationale, les services douaniers ont saisi 602 motos transport\u00e9es par 62 camions. Ces v\u00e9hicules, en provenance d\u2019un port du golfe de Guin\u00e9e, avaient contourn\u00e9 les proc\u00e9dures l\u00e9gales d\u2019importation, ce qui a soulev\u00e9 des inqui\u00e9tudes parmi les autorit\u00e9s.<\/p>\n\n\n\n<p>Le jeudi 29 ao\u00fbt, le g\u00e9n\u00e9ral de brigade Mohamed Toumba, ministre d\u2019\u00c9tat, ministre de l\u2019Int\u00e9rieur, de la S\u00e9curit\u00e9 publique et de l\u2019Administration du territoire, s\u2019est rendu \u00e0 la douane de la rive droite de Niamey pour inspecter la saisie. Cette visite avait pour but d\u2019\u00e9valuer l\u2019ampleur de la confiscation et de remercier les Forces de D\u00e9fense et de S\u00e9curit\u00e9 (FDS) pour leur travail remarquable.<\/p>\n\n\n\n<p>\u00ab&nbsp;<em>Ces motos \u00e9taient destin\u00e9es \u00e0 renforcer les capacit\u00e9s des groupes arm\u00e9s terroristes pour poursuivre la d\u00e9stabilisation et la d\u00e9solation parmi la population nig\u00e9rienne<\/em>&nbsp;\u00bb, a d\u00e9clar\u00e9 le g\u00e9n\u00e9ral Toumba. Il a pr\u00e9cis\u00e9 que ces 602 motos auraient pu permettre de d\u00e9placer environ 1000 personnes, soit l\u2019\u00e9quivalent d\u2019un bataillon entier. Dans le Sahel, les motos sont particuli\u00e8rement pris\u00e9es par les groupes jihadistes, qui les utilisent fr\u00e9quemment pour se d\u00e9placer rapidement.<\/p>\n\n\n\n<p>Face \u00e0 cette menace, le ministre a appel\u00e9 \u00e0 une vigilance accrue des forces de s\u00e9curit\u00e9, notamment aux fronti\u00e8res du pays. \u00ab Il est essentiel que nos forces de d\u00e9fense et de s\u00e9curit\u00e9 maintiennent une vigilance renforc\u00e9e, non seulement \u00e0 la fronti\u00e8re sud par laquelle ce mat\u00e9riel est entr\u00e9, mais \u00e9galement sur toutes les autres fronti\u00e8res \u00bb, a-t-il soulign\u00e9.<\/p>\n\n\n\n<p>Le g\u00e9n\u00e9ral Toumba a \u00e9galement insist\u00e9 sur l\u2019importance de la coop\u00e9ration entre les forces de s\u00e9curit\u00e9 et la population. Il a encourag\u00e9 les citoyens \u00e0 signaler toute activit\u00e9 suspecte. \u00ab<em>&nbsp;Si vous observez quelque chose d\u2019inhabituel, n\u2019h\u00e9sitez pas \u00e0 contacter les forces de d\u00e9fense et de s\u00e9curit\u00e9 pour donner l\u2019alerte<\/em>&nbsp;\u00bb, a-t-il demand\u00e9.<\/p>\n\n\n\n<p>Cette saisie intervient dans un contexte de d\u00e9t\u00e9rioration de la situation s\u00e9curitaire au Niger. Les groupes jihadistes affili\u00e9s \u00e0 Al-Qaida et \u00e0 l\u2019\u00c9tat islamique ont intensifi\u00e9 leurs attaques ces derniers mois, mettant \u00e0 rude \u00e9preuve les forces de d\u00e9fense et de s\u00e9curit\u00e9. La derni\u00e8re attaque en date, revendiqu\u00e9e par le Groupe de soutien \u00e0 l\u2019Islam et aux musulmans, a cibl\u00e9 des militaires nig\u00e9riens \u00e0 Samira, dans la r\u00e9gion de Tillaberi (ouest), faisant sept morts parmi les membres de la garde nationale. Le ministre a rappel\u00e9 que la lutte contre le terrorisme est \u00ab un combat commun et national, impliquant tout le monde \u00bb, et a appel\u00e9 \u00e0 l\u2019unit\u00e9 nationale face \u00e0 cette menace.<\/p>\n","protected":false},"excerpt":{"rendered":"<p>A l\u2019image du Mali et du Burkina, le Niger est confront\u00e9 \u00e0 une insurrection jihadiste depuis plusieurs ann\u00e9es.&nbsp; Les autorit\u00e9s<\/p>\n","protected":false},"author":1,"featured_media":41236,"comment_status":"open","ping_status":"open","sticky":false,"template":"","format":"standard","meta":{"footnotes":""},"categories":[26],"tags":[],"class_list":["post-41235","post","type-post","status-publish","format-standard","has-post-thumbnail","hentry","category-fait-divers"],"_links":{"self":[{"href":"https:\/\/dekkbi.com\/index.php?rest_route=\/wp\/v2\/posts\/41235","targetHints":{"allow":["GET"]}}],"collection":[{"href":"https:\/\/dekkbi.com\/index.php?rest_route=\/wp\/v2\/posts"}],"about":[{"href":"https:\/\/dekkbi.com\/index.php?rest_route=\/wp\/v2\/types\/post"}],"author":[{"embeddable":true,"href":"https:\/\/dekkbi.com\/index.php?rest_route=\/wp\/v2\/users\/1"}],"replies":[{"embeddable":true,"href":"https:\/\/dekkbi.com\/index.php?rest_route=%2Fwp%2Fv2%2Fcomments&post=41235"}],"version-history":[{"count":1,"href":"https:\/\/dekkbi.com\/index.php?rest_route=\/wp\/v2\/posts\/41235\/revisions"}],"predecessor-version":[{"id":41237,"href":"https:\/\/dekkbi.com\/index.php?rest_route=\/wp\/v2\/posts\/41235\/revisions\/41237"}],"wp:featuredmedia":[{"embeddable":true,"href":"https:\/\/dekkbi.com\/index.php?rest_route=\/wp\/v2\/media\/41236"}],"wp:attachment":[{"href":"https:\/\/dekkbi.com\/index.php?rest_route=%2Fwp%2Fv2%2Fmedia&parent=41235"}],"wp:term":[{"taxonomy":"category","embeddable":true,"href":"https:\/\/dekkbi.com\/index.php?rest_route=%2Fwp%2Fv2%2Fcategories&post=41235"},{"taxonomy":"post_tag","embeddable":true,"href":"https:\/\/dekkbi.com\/index.php?rest_route=%2Fwp%2Fv2%2Ftags&post=41235"}],"curies":[{"name":"wp","href":"https:\/\/api.w.org\/{rel}","templated":true}]}}