{"id":41180,"date":"2024-08-29T10:23:31","date_gmt":"2024-08-29T10:23:31","guid":{"rendered":"https:\/\/dekkbi.com\/?p=41180"},"modified":"2024-08-29T10:23:31","modified_gmt":"2024-08-29T10:23:31","slug":"jeux-paralympiques-2024-les-moments-forts-dune-ceremonie-qui-lance-onze-jours-de-competition","status":"publish","type":"post","link":"https:\/\/dekkbi.com\/?p=41180","title":{"rendered":"Jeux paralympiques 2024: les moments forts d&rsquo;une c\u00e9r\u00e9monie qui lance onze jours de comp\u00e9tition"},"content":{"rendered":"\n<p>Avec un spectacle au c\u0153ur de la capitale puis onze jours de comp\u00e9tition, Paris a lanc\u00e9 mercredi 28 ao\u00fbt ses premiers Jeux paralympiques avec une c\u00e9r\u00e9monie hors stade pour un spectacle intitul\u00e9 \u00ab&nbsp;Paradoxe&nbsp;\u00bb.<\/p>\n\n\n\n<p>Une vid\u00e9o du nageur handisport fran\u00e7ais Th\u00e9o Curin, dans un taxi d\u00e9cor\u00e9 de mascottes \u00ab\u00a0Phryge\u00a0\u00bb, a sonn\u00e9 le d\u00e9but d&rsquo;une c\u00e9r\u00e9monie de plus de trois heures, sous un temps ensoleill\u00e9, rythm\u00e9e par les notes de piano du musicien Chilly Gonzales, install\u00e9 sur une sc\u00e8ne entourant l&rsquo;ob\u00e9lisque \u00e9gyptien de la Place de la Concorde. La\u00a0<strong>c\u00e9r\u00e9monie d\u2019ouverture<\/strong>\u00a0des\u00a0<strong>Jeux paralympiques<\/strong>\u00a0a eu lieu devant 50\u00a0000 spectateurs sur une sc\u00e8ne de 3 000 m2. Elle a n\u00e9cessit\u00e9 60 jours de r\u00e9p\u00e9tition pour les 500 artistes et performeurs qui ont \u00e9volu\u00e9 sur la place de la Concorde.<\/p>\n\n\n\n<h2 class=\"wp-block-heading\">\u00ab&nbsp;<em>Pour le peuple de France, je veux que ces Jeux soient les v\u00f4tres&nbsp;<\/em>\u00bb<\/h2>\n\n\n\n<p>Contrairement \u00e0 la c\u00e9r\u00e9monie des JO, il n&rsquo;y a pas eu de d\u00e9fil\u00e9 sur la Seine. Mais le cadre \u00e9tait une nouvelle fois f\u00e9erique avec une parade populaire sur le bas de l&rsquo;avenue des Champs \u00c9lys\u00e9es. L&rsquo;ob\u00e9lisque de la Concorde et le jardin des Tuileries faisaient partie du d\u00e9cor avec l&rsquo;allumage de la vasque en fin de c\u00e9r\u00e9monie.<\/p>\n\n\n\n<p>\u00ab&nbsp;<em>Pour le peuple de France, je veux que ces Jeux soient les v\u00f4tres. Onze jours de sport sensationnel \u00e0 appr\u00e9cier ensemble, en famille, avec des amis, avec des proches. Une occasion unique de valoriser la riche diversit\u00e9 de votre pays, d&rsquo;applaudir des athl\u00e8tes \u00e9poustouflants, et de c\u00e9l\u00e9brer le meilleur de Paris, de la France et de l&rsquo;humanit\u00e9<\/em>&nbsp;\u00bb, a dit Andrew Parsons, pr\u00e9sident du Comit\u00e9 international paralympique. Et d\u2019ajouter&nbsp;: \u00ab&nbsp;<em>Vive La France ! Vive la R\u00e9volution de l\u2019inclusion\u202f!&nbsp;<\/em>\u00bb<\/p>\n\n\n\n<p>Lors de cette c\u00e9r\u00e9monie, l\u2019artiste fran\u00e7aise Christine and the Queens a interpr\u00e9t\u00e9 une adaptation de la chanson iconique d&rsquo;\u00c9dith Piaf,&nbsp;<em>Non, je ne regrette rien<\/em>.&nbsp;Dans un costume rouge, Christine and the Queens est mont\u00e9e sur les pianos. Dans le m\u00eame temps, parmi les danseurs et danseuses autour d\u2019elle, on apercevait&nbsp;Chelsie Hill, une danseuse, cr\u00e9atrice de contenu et fondatrice des Rollettes, une \u00e9quipe de danse en fauteuil roulant. Bless\u00e9e \u00e0 la moelle \u00e9pini\u00e8re \u00e0 l\u2019\u00e2ge de 17 ans, elle s\u2019engage pour l\u2019inclusion.<\/p>\n\n\n\n<p>Pour afficher ce contenu X (Twitter), il est n\u00e9cessaire d&rsquo;autoriser les cookies de mesure d&rsquo;audience et de publicit\u00e9.AccepterG\u00e9rer mes choix<\/p>\n\n\n\n<p>Christine and the Queens, artiste d\u00e9sormais genr\u00e9 au masculin, fait partie des t\u00eates couronn\u00e9es fran\u00e7aises de la pop \u00e0 l&rsquo;international, sous protection de la reine Madonna. Les danseurs ont toujours eu une place pr\u00e9pond\u00e9rante dans ses shows.<\/p>\n\n\n\n<figure class=\"wp-block-image\"><img decoding=\"async\" src=\"https:\/\/s.rfi.fr\/media\/display\/f973ed4c-6570-11ef-a24c-005056bf30b7\/000_36EZ4E8.jpg\" alt=\"Une d\u00e9l\u00e9gation camerounaise est pr\u00e9sente \u00e0 Paris.\"\/><figcaption class=\"wp-element-caption\">Une d\u00e9l\u00e9gation camerounaise est pr\u00e9sente \u00e0 Paris.&nbsp;AFP &#8211; DIMITAR DILKOFF<\/figcaption><\/figure>\n\n\n\n<p>Autre moment fort de la soir\u00e9e, le fameux d\u00e9fil\u00e9 des athl\u00e8tes. Les 4 400 sportifs et sportives, dont environ 150 de la d\u00e9l\u00e9gation fran\u00e7aise, qui repr\u00e9sentaient 168 d\u00e9l\u00e9gations, ont parad\u00e9 entre les Champs-\u00c9lys\u00e9es et la place de la Concorde, aux sons du DJ Myd, nouvelle t\u00eate de la French Touch. Situ\u00e9 au pied de l\u2019ob\u00e9lisque, le DJ fran\u00e7ais Myd a poursuivi son DJ set alors que les athl\u00e8tes entraient dans l\u2019ar\u00e8ne de la Concorde. Apr\u00e8s le d\u00e9fil\u00e9 des nations participantes, la s\u00e9quence artistique a d\u00e9but\u00e9 par un film donnant la parole \u00e0 des personnes en situation de handicap.&nbsp;<\/p>\n\n\n\n<p>Tony Estanguet, pr\u00e9sident du Comit\u00e9 d\u2019organisation des Jeux olympiques et paralympiques de Paris 2024 a souhait\u00e9 la \u00ab&nbsp;<em>Bienvenue au pays de l&rsquo;amour et de la R\u00e9volution. (&#8230;) La r\u00e9volution paralympique<\/em>&nbsp;\u00bb. \u00ab&nbsp;<em>Ce soir, les r\u00e9volutionnaires, c&rsquo;est vous, chers athl\u00e8tes. Vous n&rsquo;avez aucune limite, arr\u00eatons de vous en mettre&nbsp;<\/em>\u00bb, a-t-il d\u00e9clar\u00e9.&nbsp;<\/p>\n\n\n\n<p>Le drapeau paralympique a \u00e9t\u00e9 apport\u00e9 sur sc\u00e8ne par\u00a0<strong>John McFall<\/strong>, m\u00e9daill\u00e9 en para-athl\u00e9tisme et premier astronaute en situation de handicap \u00e0 avoir int\u00e9gr\u00e9 l&rsquo;Agence spatiale europ\u00e9enne. Il a \u00e9t\u00e9 ensuite hiss\u00e9 tandis que l&rsquo;hymne paralympique retentissait. Pour terminer la soir\u00e9e,\u00a0Nantenin Ke\u00efta, \u00c9lodie Lorandi, Alexis Hanquinquant, Charles-Antoine Kouakou et Fabien Lamirault ont allum\u00e9 la vasque des Jeux paralympiques.\u00a0Christine and the Queens a repris le micro pour chanter\u00a0<em>Born to be Alive<\/em>, de Patrick Hernandez, succ\u00e8s mondial en 1979.<\/p>\n\n\n\n<figure class=\"wp-block-image\"><img decoding=\"async\" src=\"https:\/\/s.rfi.fr\/media\/display\/45b6be18-657c-11ef-a1c9-005056a90284\/000_36EZ88E.jpg\" alt=\"Apr\u00e8s le d\u00e9fil\u00e9 des athl\u00e8tes, la s\u00e9quence artistique a commenc\u00e9.\"\/><figcaption class=\"wp-element-caption\">Apr\u00e8s le d\u00e9fil\u00e9 des athl\u00e8tes, la s\u00e9quence artistique a commenc\u00e9.&nbsp;AFP &#8211; DIMITAR DILKOFF<\/figcaption><\/figure>\n\n\n\n<p>Quinze mille spectateurs avaient pris place en bas des Champs-\u00c9lys\u00e9es afin d&rsquo;assister gratuitement au d\u00e9fil\u00e9 des athl\u00e8tes. Avant le d\u00e9but des festivit\u00e9s, la star des films d&rsquo;arts martiaux Jackie Chan faisait fait partie des derniers relayeurs de la flamme, qui a termin\u00e9 son p\u00e9riple au chaudron de l&rsquo;H\u00f4tel de ville.<\/p>\n\n\n\n<p><strong>Le programme de la premi\u00e8re journ\u00e9e de comp\u00e9tition, quelques \u00e9preuves \u00e0 suivre<\/strong><\/p>\n\n\n\n<p>Simone Barlaam, la star italienne de la para-natation, sera l&rsquo;un des premiers \u00e0 plonger dans la piscine de la d\u00e9fense Arena. Ag\u00e9 de 24 ans, il souffre d&rsquo;une malformation de la jambe droite mais compte d\u00e9j\u00e0 \u00e0 son palmar\u00e8s quatre m\u00e9dailles paralympiques dont l&rsquo;or sur 50 m nage libre, il y a trois ans \u00e0 Tokyo. Les regards seront tourn\u00e9s aussi vers le v\u00e9lodrome de Saint-Quentin en Yvelines. Ke\u00efko Sugiura, la Japonaise&nbsp; &#8211; pharmacienne de formation- est une cycliste passionn\u00e9e : elle s&rsquo;est bless\u00e9e gravement en 2016 lors d&rsquo;une chute \u00e0 v\u00e9lo qui a entra\u00een\u00e9 des fractures et une commotion c\u00e9r\u00e9brale. Le paracyclisme lui a permis de continuer \u00e0 exercer sa passion et elle vise ce jeudi la m\u00e9daille d&rsquo;or dans l&rsquo;\u00e9preuve de la poursuite. Les premi\u00e8res m\u00e9dailles sont attendues aussi en tennis de table : les Chinois vont-ils r\u00e9aliser la m\u00eame razzia qu&rsquo;aux JO ? Le para-taekwondo d\u00e9bute aussi d\u00e8s ce jeudi dans le cadre majestueux du Grand Palais avec en fin de journ\u00e9e les premi\u00e8res finales. Bopha Kong le Fran\u00e7ais a ses chances ; il combat dans la m\u00eame cat\u00e9gorie que Jabirou Ide Oumarou le Nig\u00e9rien.<\/p>\n\n\n\n<p>SOURCE RFI<\/p>\n","protected":false},"excerpt":{"rendered":"<p>Avec un spectacle au c\u0153ur de la capitale puis onze jours de comp\u00e9tition, Paris a lanc\u00e9 mercredi 28 ao\u00fbt ses<\/p>\n","protected":false},"author":1,"featured_media":41181,"comment_status":"open","ping_status":"open","sticky":false,"template":"","format":"standard","meta":{"footnotes":""},"categories":[9],"tags":[],"class_list":["post-41180","post","type-post","status-publish","format-standard","has-post-thumbnail","hentry","category-sports"],"_links":{"self":[{"href":"https:\/\/dekkbi.com\/index.php?rest_route=\/wp\/v2\/posts\/41180","targetHints":{"allow":["GET"]}}],"collection":[{"href":"https:\/\/dekkbi.com\/index.php?rest_route=\/wp\/v2\/posts"}],"about":[{"href":"https:\/\/dekkbi.com\/index.php?rest_route=\/wp\/v2\/types\/post"}],"author":[{"embeddable":true,"href":"https:\/\/dekkbi.com\/index.php?rest_route=\/wp\/v2\/users\/1"}],"replies":[{"embeddable":true,"href":"https:\/\/dekkbi.com\/index.php?rest_route=%2Fwp%2Fv2%2Fcomments&post=41180"}],"version-history":[{"count":1,"href":"https:\/\/dekkbi.com\/index.php?rest_route=\/wp\/v2\/posts\/41180\/revisions"}],"predecessor-version":[{"id":41182,"href":"https:\/\/dekkbi.com\/index.php?rest_route=\/wp\/v2\/posts\/41180\/revisions\/41182"}],"wp:featuredmedia":[{"embeddable":true,"href":"https:\/\/dekkbi.com\/index.php?rest_route=\/wp\/v2\/media\/41181"}],"wp:attachment":[{"href":"https:\/\/dekkbi.com\/index.php?rest_route=%2Fwp%2Fv2%2Fmedia&parent=41180"}],"wp:term":[{"taxonomy":"category","embeddable":true,"href":"https:\/\/dekkbi.com\/index.php?rest_route=%2Fwp%2Fv2%2Fcategories&post=41180"},{"taxonomy":"post_tag","embeddable":true,"href":"https:\/\/dekkbi.com\/index.php?rest_route=%2Fwp%2Fv2%2Ftags&post=41180"}],"curies":[{"name":"wp","href":"https:\/\/api.w.org\/{rel}","templated":true}]}}