{"id":41131,"date":"2024-08-29T09:00:28","date_gmt":"2024-08-29T09:00:28","guid":{"rendered":"https:\/\/dekkbi.com\/?p=41131"},"modified":"2024-08-29T09:00:29","modified_gmt":"2024-08-29T09:00:29","slug":"entre-lespagne-la-mauritanie-et-la-gambie-des-accords-de-migration-circulaire","status":"publish","type":"post","link":"https:\/\/dekkbi.com\/?p=41131","title":{"rendered":"Entre l\u2019Espagne, la Mauritanie et la Gambie, des accords de \u00ab migration circulaire \u00bb"},"content":{"rendered":"\n<p><strong>Les accords sign\u00e9s les 27 et 28 ao\u00fbt, \u00e0 l\u2019occasion d\u2019une tourn\u00e9e en Afrique du l\u2019Ouest du chef du gouvernement espagnol, pr\u00e9voient un cadre concert\u00e9 d\u2019entr\u00e9e r\u00e9guli\u00e8re sur le sol espagnol en fonction des besoins de main d\u2019\u0153uvre.<\/strong><\/p>\n\n\n\n<p>L\u2019Espagne a paraph\u00e9 le 27 ao\u00fbt avec la Mauritanie et le 28 avec la Gambie des \u00ab\u00a0m\u00e9morandums d\u2019entente\u00a0\u00bb bilat\u00e9raux de \u00ab\u00a0migration circulaire\u00a0\u00bb : ils mettent en place un cadre concert\u00e9 d\u2019entr\u00e9e r\u00e9guli\u00e8re sur le sol espagnol en fonction des besoins de main d\u2019\u0153uvre. Cette migration contr\u00f4l\u00e9e est cens\u00e9e faire une place particuli\u00e8re aux jeunes et aux femmes.<a href=\"https:\/\/popup.taboola.com\/en\/\" target=\"_blank\" rel=\"noreferrer noopener\"><\/a><\/p>\n\n\n\n<h2 class=\"wp-block-heading\">Route p\u00e9rilleuse<\/h2>\n\n\n\n<p>Ces textes visent \u00e0 renforcer la collaboration contre la criminalit\u00e9 organis\u00e9e sous toutes ses formes ont \u00e9galement \u00e9t\u00e9 sign\u00e9s. Le Premier ministre espagnol Pedro S\u00e1nchez a pr\u00e9cis\u00e9 qu\u2019il s\u2019agissait principalement de combattre le trafic d\u2019\u00eatres humains, lors d\u2019une\u00a0rencontre avec le pr\u00e9sident mauritanien\u00a0Mohamed Ould Cheikh El Ghazouani, selon des propos rapport\u00e9s par l\u2019agence nationale mauritanienne.<\/p>\n\n\n\n<p>L\u2019Espagne fait face \u00e0 une acc\u00e9l\u00e9ration spectaculaire des arriv\u00e9es de migrants clandestins, essentiellement via l\u2019archipel des Canaries, porte d\u2019entr\u00e9e de l\u2019Europe pour des milliers d\u2019Africains qui prennent depuis des ann\u00e9es la\u00a0p\u00e9rilleuse route de l\u2019Atlantique\u00a0\u00e0 la recherche d\u2019un avenir meilleur.<\/p>\n\n\n\n<p>La Mauritanie et la\u00a0Gambie\u00a0sont le point de d\u00e9part d\u2019une grande partie des migrants. Le S\u00e9n\u00e9gal, troisi\u00e8me et derni\u00e8re \u00e9tape de la tourn\u00e9e du Premier ministre espagnol le 29 ao\u00fbt, en est un autre sur la c\u00f4te ouest-africaine, entre la Mauritanie au nord et la Gambie au sud.<\/p>\n\n\n\n<h2 class=\"wp-block-heading\">Lutte contre les mafias<\/h2>\n\n\n\n<p>Le chef du gouvernement socialiste, confront\u00e9 \u00e0 l\u2019acuit\u00e9 du sujet en Espagne, a pr\u00e9conis\u00e9 fermet\u00e9 contre les fili\u00e8res et humanit\u00e9 vis-\u00e0-vis des migrants. Il a soulign\u00e9 \u00ab&nbsp;qu\u2019il n\u2019y a pas si longtemps encore, l\u2019Espagne \u00e9tait aussi un pays de migrants&nbsp;\u00bb. \u00ab&nbsp;L\u2019immigration n\u2019est pas un probl\u00e8me, mais une n\u00e9cessit\u00e9 qui s\u2019accompagne de certains probl\u00e8mes&nbsp;\u00bb, a-t-il dit. En particulier, \u00ab&nbsp;nous devons lutter contre les mafias qui font le commerce d\u2019\u00eatres humains&nbsp;\u00bb et qui profitent \u00ab&nbsp;des conditions terribles et du d\u00e9sespoir de ceux qui ont recours \u00e0 la migration irr\u00e9guli\u00e8re&nbsp;\u00bb.<\/p>\n\n\n\n<p>L\u2019Espagne s\u2019est engag\u00e9e avec ses deux partenaires ouest-africains dans des d\u00e9clarations conjointes \u00e0 promouvoir \u00ab&nbsp;des migrations s\u00fbres, ordonn\u00e9es et r\u00e9guli\u00e8res&nbsp;\u00bb et \u00e0 \u00ab&nbsp;garantir un traitement juste et humain des migrants&nbsp;\u00bb.<\/p>\n\n\n\n<p>Le projet pilote de \u00ab\u00a0migration circulaire\u00a0\u00bb avec la Mauritanie, d\u2019une dur\u00e9e initiale d\u2019un an, pr\u00e9voit que l\u2019Espagne communiquera des offres d\u2019emploi \u00e0 la Mauritanie qui s\u00e9lectionnera des candidats. Ils passeront des entretiens et le cas \u00e9ch\u00e9ant des tests, devront obtenir un visa et signer un contrat, et s\u2019engager \u00e0 retourner dans leur pays \u00e0 la fin du contrat. Le m\u00e9morandum ne fournit pas de chiffre d\u2019offres potentielles.<a href=\"https:\/\/popup.taboola.com\/en\/\" target=\"_blank\" rel=\"noreferrer noopener\"><\/a><\/p>\n\n\n\n<p>Dans le domaine de la d\u00e9fense et la s\u00e9curit\u00e9, \u00ab&nbsp;l\u2019Espagne contribuera \u00e0 hauteur d\u2019un demi-million d\u2019euros \u00e0 une initiative de formation&nbsp;\u00bb en Mauritanie, pays charni\u00e8re entre Afrique du Nord et Afrique subsaharienne qui se signale par sa stabilit\u00e9 dans une r\u00e9gion troubl\u00e9e. L\u2019Espagne lancera prochainement en Mauritanie un Institut Cervantes, institution de promotion linguistique et culturelle.<\/p>\n\n\n\n<p>L\u2019Espagne \u00ab&nbsp;souhaite donner un nouvel \u00e9lan \u00e0 ses relations avec l\u2019Afrique&nbsp;\u00bb, a d\u00e9clar\u00e9 le Premier ministre Sanchez en Gambie o\u00f9 il effectuait la premi\u00e8re visite officielle d\u2019un chef de gouvernement espagnol depuis l\u2019\u00e9tablissement de relations bilat\u00e9rales et o\u00f9 il a rendu visite \u00e0 des agents de la Guardia Civil et de la Police espagnoles d\u00e9ploy\u00e9s sur le port de Banjul au nom de la coop\u00e9ration sur la migration et contre les trafics.<\/p>\n\n\n\n<p>Il a promis le lancement dans les prochaines semaines par l\u2019Espagne d\u2019une \u00ab\u00a0nouvelle strat\u00e9gie pour nos relations avec l\u2019Afrique\u00ab\u00a0, indiquant que l\u2019Afrique de l\u2019Ouest et le Sahel seront consid\u00e9r\u00e9s comme \u00ab\u00a0r\u00e9gion prioritaire\u00a0\u00bb.<\/p>\n\n\n\n<p><strong>(Avec AFP)<\/strong><\/p>\n","protected":false},"excerpt":{"rendered":"<p>Les accords sign\u00e9s les 27 et 28 ao\u00fbt, \u00e0 l\u2019occasion d\u2019une tourn\u00e9e en Afrique du l\u2019Ouest du chef du gouvernement<\/p>\n","protected":false},"author":1,"featured_media":41132,"comment_status":"open","ping_status":"open","sticky":false,"template":"","format":"standard","meta":{"footnotes":""},"categories":[51],"tags":[],"class_list":["post-41131","post","type-post","status-publish","format-standard","has-post-thumbnail","hentry","category-general"],"_links":{"self":[{"href":"https:\/\/dekkbi.com\/index.php?rest_route=\/wp\/v2\/posts\/41131","targetHints":{"allow":["GET"]}}],"collection":[{"href":"https:\/\/dekkbi.com\/index.php?rest_route=\/wp\/v2\/posts"}],"about":[{"href":"https:\/\/dekkbi.com\/index.php?rest_route=\/wp\/v2\/types\/post"}],"author":[{"embeddable":true,"href":"https:\/\/dekkbi.com\/index.php?rest_route=\/wp\/v2\/users\/1"}],"replies":[{"embeddable":true,"href":"https:\/\/dekkbi.com\/index.php?rest_route=%2Fwp%2Fv2%2Fcomments&post=41131"}],"version-history":[{"count":1,"href":"https:\/\/dekkbi.com\/index.php?rest_route=\/wp\/v2\/posts\/41131\/revisions"}],"predecessor-version":[{"id":41133,"href":"https:\/\/dekkbi.com\/index.php?rest_route=\/wp\/v2\/posts\/41131\/revisions\/41133"}],"wp:featuredmedia":[{"embeddable":true,"href":"https:\/\/dekkbi.com\/index.php?rest_route=\/wp\/v2\/media\/41132"}],"wp:attachment":[{"href":"https:\/\/dekkbi.com\/index.php?rest_route=%2Fwp%2Fv2%2Fmedia&parent=41131"}],"wp:term":[{"taxonomy":"category","embeddable":true,"href":"https:\/\/dekkbi.com\/index.php?rest_route=%2Fwp%2Fv2%2Fcategories&post=41131"},{"taxonomy":"post_tag","embeddable":true,"href":"https:\/\/dekkbi.com\/index.php?rest_route=%2Fwp%2Fv2%2Ftags&post=41131"}],"curies":[{"name":"wp","href":"https:\/\/api.w.org\/{rel}","templated":true}]}}