{"id":41128,"date":"2024-08-29T08:56:28","date_gmt":"2024-08-29T08:56:28","guid":{"rendered":"https:\/\/dekkbi.com\/?p=41128"},"modified":"2024-08-29T08:56:29","modified_gmt":"2024-08-29T08:56:29","slug":"cest-un-peche-grave-le-pape-denonce-lindifference-face-aux-migrants","status":"publish","type":"post","link":"https:\/\/dekkbi.com\/?p=41128","title":{"rendered":"\u00ab\u00a0C&rsquo;est un p\u00e9ch\u00e9 grave\u00a0\u00bb, le Pape d\u00e9nonce l&rsquo;indiff\u00e9rence face aux migrants"},"content":{"rendered":"\n<p><strong>Le pape Fran\u00e7ois a vigoureusement critiqu\u00e9, mercredi, l&rsquo;indiff\u00e9rence croissante face aux migrants qui risquent leur vie en traversant des \u00e9tendues d&rsquo;eau et des d\u00e9serts pour fuir les pers\u00e9cutions.<\/strong><\/p>\n\n\n\n<p>Lors de son audience hebdomadaire avec les fid\u00e8les sur la place Saint-Pierre, le Pape a d\u00e9nonc\u00e9 ceux qui repoussent syst\u00e9matiquement ces personnes vuln\u00e9rables.<a href=\"https:\/\/popup.taboola.com\/en\/\" target=\"_blank\" rel=\"noreferrer noopener\"><\/a><\/p>\n\n\n\n<p><em>\u00ab\u00a0Il y a ceux qui travaillent syst\u00e9matiquement et par tous les moyens pour repousser les migrants &#8211; pour repousser les migrants\u00a0\u00bb,<\/em>&nbsp;a d\u00e9clar\u00e9 le Pape Fran\u00e7ois. Il a poursuivi en affirmant que de telles actions, lorsqu&rsquo;elles sont men\u00e9es en toute conscience et de mani\u00e8re responsable, constituent un \u00ab\u00a0p\u00e9ch\u00e9 grave\u00a0\u00bb. Le Pape a soulign\u00e9 que ce qui tue les migrants, c&rsquo;est&nbsp;<em>\u00ab\u00a0notre indiff\u00e9rence et notre culture du jetable\u00a0\u00bb.<\/em><\/p>\n\n\n\n<p><img decoding=\"async\" src=\"https:\/\/img-s-msn-com.akamaized.net\/tenant\/amp\/entityid\/AA1pf9Jf.img?w=16&amp;h=16&amp;q=60&amp;m=6&amp;f=jpg&amp;u=t\" alt=\"\">SOURCE Africanews <\/p>\n\n\n\n<p>Le Pape a \u00e9galement attir\u00e9 l&rsquo;attention sur le fait que la M\u00e9diterran\u00e9e est devenue \u00ab\u00a0un cimeti\u00e8re\u00a0\u00bb, pr\u00e9cisant que \u00ab\u00a0la trag\u00e9die est que beaucoup, la plupart de ces morts, auraient pu \u00eatre sauv\u00e9s.\u00a0\u00bb Toutefois, il a salu\u00e9 les efforts des \u00ab\u00a0bons samaritains\u00a0\u00bb qui travaillent sans rel\u00e2che pour secourir les migrants tout au long de leur p\u00e9riple.<a href=\"https:\/\/popup.taboola.com\/en\/\" target=\"_blank\" rel=\"noreferrer noopener\"><\/a><\/p>\n\n\n\n<p><strong>La question de la migration est l&rsquo;un des piliers du pontificat du pape Fran\u00e7ois.<\/strong><\/p>\n\n\n\n<p>Son premier voyage en dehors du Vatican en tant que Pape a \u00e9t\u00e9 une visite \u00e0 l&rsquo;\u00eele italienne de Lampedusa, o\u00f9 des centaines de migrants ont d\u00e9barqu\u00e9 apr\u00e8s avoir travers\u00e9 la mer sur des bateaux de fortune depuis l&rsquo;Afrique du Nord. Cette prise de position contraste fortement avec la politique du gouvernement italien actuel.<\/p>\n\n\n\n<p>La Premi\u00e8re ministre italienne,&nbsp;<strong>Giorgia Meloni<\/strong>, a intensifi\u00e9 ses efforts pour ralentir les flux migratoires vers l&rsquo;Italie. Elle a sign\u00e9 des accords avec l&rsquo;UE, la Tunisie et l&rsquo;\u00c9gypte pour dissuader les migrants de tenter la travers\u00e9e de la M\u00e9diterran\u00e9e. De plus, elle a conclu un accord de cinq ans avec le Premier ministre albanais Edi Rama pour ouvrir cette ann\u00e9e des centres de d\u00e9tention en Albanie. Ces centres, qui pourront accueillir 3 000 migrants \u00e0 la fois, serviront \u00e0 h\u00e9berger les migrants secourus par les garde-c\u00f4tes italiens en eaux internationales, pendant que leurs demandes d&rsquo;asile sont examin\u00e9es.<\/p>\n\n\n\n<p>\u00c0 la fin de son audience, le pape Fran\u00e7ois a \u00e9galement appel\u00e9 \u00e0 la paix en Ukraine, en Palestine, en Isra\u00ebl, au Myanmar et au Nord-Kivu.<\/p>\n","protected":false},"excerpt":{"rendered":"<p>Le pape Fran\u00e7ois a vigoureusement critiqu\u00e9, mercredi, l&rsquo;indiff\u00e9rence croissante face aux migrants qui risquent leur vie en traversant des \u00e9tendues<\/p>\n","protected":false},"author":1,"featured_media":41129,"comment_status":"open","ping_status":"open","sticky":false,"template":"","format":"standard","meta":{"footnotes":""},"categories":[21],"tags":[],"class_list":["post-41128","post","type-post","status-publish","format-standard","has-post-thumbnail","hentry","category-societe"],"_links":{"self":[{"href":"https:\/\/dekkbi.com\/index.php?rest_route=\/wp\/v2\/posts\/41128","targetHints":{"allow":["GET"]}}],"collection":[{"href":"https:\/\/dekkbi.com\/index.php?rest_route=\/wp\/v2\/posts"}],"about":[{"href":"https:\/\/dekkbi.com\/index.php?rest_route=\/wp\/v2\/types\/post"}],"author":[{"embeddable":true,"href":"https:\/\/dekkbi.com\/index.php?rest_route=\/wp\/v2\/users\/1"}],"replies":[{"embeddable":true,"href":"https:\/\/dekkbi.com\/index.php?rest_route=%2Fwp%2Fv2%2Fcomments&post=41128"}],"version-history":[{"count":1,"href":"https:\/\/dekkbi.com\/index.php?rest_route=\/wp\/v2\/posts\/41128\/revisions"}],"predecessor-version":[{"id":41130,"href":"https:\/\/dekkbi.com\/index.php?rest_route=\/wp\/v2\/posts\/41128\/revisions\/41130"}],"wp:featuredmedia":[{"embeddable":true,"href":"https:\/\/dekkbi.com\/index.php?rest_route=\/wp\/v2\/media\/41129"}],"wp:attachment":[{"href":"https:\/\/dekkbi.com\/index.php?rest_route=%2Fwp%2Fv2%2Fmedia&parent=41128"}],"wp:term":[{"taxonomy":"category","embeddable":true,"href":"https:\/\/dekkbi.com\/index.php?rest_route=%2Fwp%2Fv2%2Fcategories&post=41128"},{"taxonomy":"post_tag","embeddable":true,"href":"https:\/\/dekkbi.com\/index.php?rest_route=%2Fwp%2Fv2%2Ftags&post=41128"}],"curies":[{"name":"wp","href":"https:\/\/api.w.org\/{rel}","templated":true}]}}