{"id":40997,"date":"2024-08-27T11:07:42","date_gmt":"2024-08-27T11:07:42","guid":{"rendered":"https:\/\/dekkbi.com\/?p=40997"},"modified":"2024-08-27T11:07:44","modified_gmt":"2024-08-27T11:07:44","slug":"presidentielle-en-algerie-qui-sont-les-candidats","status":"publish","type":"post","link":"https:\/\/dekkbi.com\/?p=40997","title":{"rendered":"Pr\u00e9sidentielle en Alg\u00e9rie: qui sont les candidats ?"},"content":{"rendered":"\n<p>Les Alg\u00e9riens doivent \u00e9lire leur pr\u00e9sident ce 7 septembre. La Cour constitutionnelle alg\u00e9rienne n&rsquo;a valid\u00e9 que trois candidatures. Aucune figure importante du Hirak, le mouvement pro-d\u00e9mocratie n&rsquo;a pu se pr\u00e9senter. Le pr\u00e9sident sortant, symbole du r\u00e9gime, Abdelmadjid Tebboune, part largement favori. Tour d&rsquo;horizon des candidats.&nbsp;<\/p>\n\n\n\n<p>Par  &#8211; Pierre Desorgues  &#8211; SOURCE AFP<\/p>\n\n\n\n<figure class=\"wp-block-image\"><img decoding=\"async\" src=\"https:\/\/information.tv5monde.com\/sites\/tv5-info\/files\/styles\/entete\/public\/2024-08\/AP24232498643780.jpg?itok=qEa06tyv\" alt=\"Le pr\u00e9sident Tebboune\" title=\"Le pr\u00e9sident Tebboune\"\/><\/figure>\n\n\n\n<p>Images du pr\u00e9sident Tebboune lors d&rsquo;un rassemblement politique le 24 juillet dernier \u00e0 Alger.<\/p>\n\n\n\n<p>AP<\/p>\n\n\n\n<h2 class=\"wp-block-heading\">Abdelmadjid Tebboune, 78 ans, le candidat du r\u00e9gime&nbsp;<\/h2>\n\n\n\n<p>Le pr\u00e9sident sortant a annonc\u00e9 le 11 juillet vouloir briguer un deuxi\u00e8me mandat, apr\u00e8s avoir anticip\u00e9 &#8211;de quatre mois&#8211; \u00e0 d\u00e9but septembre le scrutin pr\u00e9sidentiel dans ce pays nord-africain de 45 millions d&rsquo;habitants, riche en hydrocarbures et premier exportateur de gaz d&rsquo;Afrique.<\/p>\n\n\n\n<p>Il avait \u00e9t\u00e9 \u00e9lu en d\u00e9cembre 2019 lors d&rsquo;une \u00e9lection \u00e0 faible affluence (environ 40%), dans la foul\u00e9e du Hirak, ces manifestations massives pro d\u00e9mocratie qui avaient entra\u00een\u00e9 la chute en avril de la m\u00eame ann\u00e9e de son pr\u00e9d\u00e9cesseur Abdelaziz Bouteflika apr\u00e8s 20 ans de pouvoir.<\/p>\n\n\n\n<p>Abdelmadjid Tebboune dispose de l&rsquo;appui de quatre formations politiques de premier plan qui ont scell\u00e9 une alliance, dont l&rsquo;ancien parti unique FLN (Front de lib\u00e9ration nationale) et le mouvement islamiste El Bina d&rsquo;Abdelkader Bengrina, arriv\u00e9 deuxi\u00e8me \u00e0 la pr\u00e9sidentielle de 2019.<\/p>\n\n\n\n<p>Abdelmadjid Tebboune s&rsquo;\u00e9tait pr\u00e9sent\u00e9 en 2019 comme un candidat ind\u00e9pendant. Mais l&rsquo;homme politique a \u00e9t\u00e9 soutenu par le FLN. Il a \u00e9t\u00e9 plusieurs fois ministres de nombreux gouvernements alg\u00e9riens depuis 1991. Sous le pr\u00e9sident Bouteflika (1999-2019), notamment celui de l&rsquo;habitat et de l&rsquo;urbanisme. Le pr\u00e9sident Bouteflika affaibli physiquement en fait un \u00e9ph\u00e9m\u00e8re Premier ministre en 2017. Sa candidature \u00e0 la pr\u00e9sidentielle obtient le soutien du chef d&rsquo;\u00e9tat major de l&rsquo;\u00e9poque&nbsp;Ahmed Ga\u00efd Salah.`<\/p>\n\n\n\n<p>Lors de la r\u00e9forme constitutionnelle pr\u00e9sent\u00e9 comme une r\u00e9ponse aux aspirations d\u00e9mocratiques des Alg\u00e9riens le pr\u00e9sident Tebboune se veut un d\u00e9fenseur des libert\u00e9s publiques dans ses discours. La r\u00e9alit\u00e9 du terrain est tout autre. En juillet dernier deux militants du Hirak ont \u00e9t\u00e9 plac\u00e9s en d\u00e9tention provisoire et six autres sont d\u00e9sormais en libert\u00e9 surveill\u00e9.<\/p>\n\n\n\n<p>On y trouve l&rsquo;enseignante universitaire, Mira Mokhnache, figure connue de la d\u00e9fense des droits humains. Le chef d&rsquo;accusation est le m\u00eame. Ses militants sont poursuivis sur des questions de terrorisme gr\u00e2ce \u00e0 un article du code p\u00e9nal.&nbsp;<\/p>\n\n\n\n<h2 class=\"wp-block-heading\">Abdelaali Hassani, candidat du principal parti islamiste<\/h2>\n\n\n\n<p>Cet ing\u00e9nieur des travaux publics de 57 ans est le pr\u00e9sident du principal parti islamiste, le Mouvement de la soci\u00e9t\u00e9 pour la paix (MSP).&nbsp;<\/p>\n\n\n\n<p>Le MSP a \u00e9t\u00e9 cr\u00e9e le 6 d\u00e9cembre 1990 par Mahfoud Nahnah qui fut son chef jusqu&rsquo;\u00e0 son d\u00e9c\u00e8s en 2003. Le MSP a \u00e9t\u00e9 rapidement supplant\u00e9 par le FIS, le Front islamique du salut en 1990. Le FIS va prendre les armes contre le pouvoir militaire alg\u00e9rien. Le MSP n&rsquo;a pas fait le choix des armes. Le MSP, qui se r\u00e9clame des Fr\u00e8res musulmans, incarne face au pouvoir alg\u00e9rien une opposition plus mod\u00e9r\u00e9e et cherche \u00e0 s&rsquo;inscrire dans la l\u00e9galit\u00e9.&nbsp;<\/p>\n\n\n\n<figure class=\"wp-block-image\"><img decoding=\"async\" src=\"https:\/\/information.tv5monde.com\/sites\/tv5-info\/files\/styles\/entete\/public\/2024-08\/Abdelaali%20Hassani%2C.jpg?itok=PnDMyIgj\" alt=\"Abdelaali Hassani,\" title=\"Abdelaali Hassani,\"\/><\/figure>\n\n\n\n<p>Abdelaali Hassani lors d&rsquo;un point presse du MSP.&nbsp;<\/p>\n\n\n\n<p>DR<\/p>\n\n\n\n<p>Le MSP a \u00e9t\u00e9 favorable au projet de r\u00e9conciliation nationale pr\u00f4n\u00e9e par le pr\u00e9sident Bouteflika (largement adopt\u00e9 par r\u00e9f\u00e9rendum) et pr\u00e9voyant notamment une amnistie pour les terroristes non condamn\u00e9s pour des crimes de meurtre ou de viol.&nbsp;<\/p>\n\n\n\n<p>Le mouvement islamiste n&rsquo;avait pas particip\u00e9 au scrutin de 2019. Quel score peut-il obtenir ? Que p\u00e8se politiquement le MSP ? Aux \u00e9lections l\u00e9gislatives de 2002, le MSP avait obtenu 7% des voix et 36 d\u00e9put\u00e9s. Le score de la seule formation islamiste nationale autoris\u00e9e par le pouvoir militaire sera scrut\u00e9 par les observateurs.&nbsp;<br><br><strong>Youssef Ouachiche, le candidat du Front des forces socialistes<\/strong><\/p>\n\n\n\n<p>Le troisi\u00e8me pr\u00e9tendant Youssef Ouachiche, un ancien journaliste et d\u00e9put\u00e9 de 41 ans, est depuis 2020 le chef du Front des forces socialistes (FFS). Le FFS est un parti d&rsquo;opposition historique. Il a \u00e9t\u00e9 fond\u00e9 en 1963 en opposition au gouvernement du FLN. Son chef historique fut&nbsp;Hocine A\u00eft Ahmed, h\u00e9ros de la guerre d&rsquo;ind\u00e9pendance, longtemps exil\u00e9, mort en 2015.<\/p>\n\n\n\n<p>Le parti se d\u00e9finit comme un parti de gauche et la\u00efc. Il est tr\u00e8s bien implant\u00e9 en Kabylie et dans les grandes villes d&rsquo;Alg\u00e9rie. Il a boycott\u00e9 les \u00e9lections l\u00e9gislatives en 2002, 2007 et l&rsquo;\u00e9lection pr\u00e9sidentielle de 2009. Aux l\u00e9gislatives de 2012, il a obtenu 28 si\u00e8ges.&nbsp;<\/p>\n\n\n\n<figure class=\"wp-block-image is-resized\"><img decoding=\"async\" src=\"https:\/\/information.tv5monde.com\/sites\/tv5-info\/files\/styles\/entete\/public\/2024-08\/Youcef_Aouchiche.jpg?itok=OfAoPUyN\" alt=\"Youssef Ouachiche \" style=\"width:345px;height:auto\" title=\"Youssef Ouachiche \"\/><\/figure>\n\n\n\n<p>Youssef Ouachiche est \u00e9lu local \u00e0 Tizi Ouzou<\/p>\n\n\n\n<p>DR<\/p>\n","protected":false},"excerpt":{"rendered":"<p>Les Alg\u00e9riens doivent \u00e9lire leur pr\u00e9sident ce 7 septembre. La Cour constitutionnelle alg\u00e9rienne n&rsquo;a valid\u00e9 que trois candidatures. Aucune figure<\/p>\n","protected":false},"author":1,"featured_media":40998,"comment_status":"open","ping_status":"open","sticky":false,"template":"","format":"standard","meta":{"footnotes":""},"categories":[6],"tags":[],"class_list":["post-40997","post","type-post","status-publish","format-standard","has-post-thumbnail","hentry","category-politics"],"_links":{"self":[{"href":"https:\/\/dekkbi.com\/index.php?rest_route=\/wp\/v2\/posts\/40997","targetHints":{"allow":["GET"]}}],"collection":[{"href":"https:\/\/dekkbi.com\/index.php?rest_route=\/wp\/v2\/posts"}],"about":[{"href":"https:\/\/dekkbi.com\/index.php?rest_route=\/wp\/v2\/types\/post"}],"author":[{"embeddable":true,"href":"https:\/\/dekkbi.com\/index.php?rest_route=\/wp\/v2\/users\/1"}],"replies":[{"embeddable":true,"href":"https:\/\/dekkbi.com\/index.php?rest_route=%2Fwp%2Fv2%2Fcomments&post=40997"}],"version-history":[{"count":1,"href":"https:\/\/dekkbi.com\/index.php?rest_route=\/wp\/v2\/posts\/40997\/revisions"}],"predecessor-version":[{"id":40999,"href":"https:\/\/dekkbi.com\/index.php?rest_route=\/wp\/v2\/posts\/40997\/revisions\/40999"}],"wp:featuredmedia":[{"embeddable":true,"href":"https:\/\/dekkbi.com\/index.php?rest_route=\/wp\/v2\/media\/40998"}],"wp:attachment":[{"href":"https:\/\/dekkbi.com\/index.php?rest_route=%2Fwp%2Fv2%2Fmedia&parent=40997"}],"wp:term":[{"taxonomy":"category","embeddable":true,"href":"https:\/\/dekkbi.com\/index.php?rest_route=%2Fwp%2Fv2%2Fcategories&post=40997"},{"taxonomy":"post_tag","embeddable":true,"href":"https:\/\/dekkbi.com\/index.php?rest_route=%2Fwp%2Fv2%2Ftags&post=40997"}],"curies":[{"name":"wp","href":"https:\/\/api.w.org\/{rel}","templated":true}]}}