{"id":40993,"date":"2024-08-27T10:56:47","date_gmt":"2024-08-27T10:56:47","guid":{"rendered":"https:\/\/dekkbi.com\/?p=40993"},"modified":"2024-08-27T11:12:31","modified_gmt":"2024-08-27T11:12:31","slug":"avancee-de-la-mer-a-mbour-cri-du-coeur-des-acteurs-touristiques","status":"publish","type":"post","link":"https:\/\/dekkbi.com\/?p=40993","title":{"rendered":"D\u00e9g\u00e2ts caus\u00e9s par l&rsquo;avanc\u00e9e de la mer \u00e0 Mbour: Cri du c\u0153ur des acteurs touristiques"},"content":{"rendered":"\n<p>\u00ab\u00a0Nous sommes des S\u00e9n\u00e9galais bon teint, nous demandons \u00e0 Diomaye et Sonko de venir constater avant l&rsquo;irr\u00e9parable&#8230; Dites \u00e0 vos ministres de sortir des bureaux, il y a trop de th\u00e9orie.<\/p>\n\n\n\n<p>Les acteurs touristiques de Mbour ont convi\u00e9 la presse locale pour alerter les autorit\u00e9s S\u00e9n\u00e9galaise sur les d\u00e9g\u00e2ts caus\u00e9s par l&rsquo;avanc\u00e9e de la mer. Le porte-parole du jour et directeur de l&rsquo;h\u00f4tel Mbaila, Bocar Thiam, n&rsquo;a pas manqu\u00e9 de souligner leur inqui\u00e9tude face \u00e0 cette menace qui risque de plonger davantage le tourisme dans des lendemains sombres&#8230;<\/p>\n\n\n\n<p>\u00ab\u00a0Nous sommes l\u00e0 pour alerter les autorit\u00e9s sur l&rsquo;avanc\u00e9e de la mer. Les autorit\u00e9s sortantes ont fait les plages de Saly et nous ont laiss\u00e9s en rade. Aujourd&rsquo;hui nous subissons\u00a0 les cons\u00e9quences de ces travaux. Au lieu de traiter la maladie dans l\u2019ensemble, ces derni\u00e8res l&rsquo;ont fait partiellement. \u00c0 cet effet, nous disons au Pr\u00e9sident Diomaye et \u00e0 Premier ministre Sonko de nous venir en aide avant que l&rsquo;irr\u00e9parable ne se produise. <\/p>\n\n\n\n<p>Nous ne sommes pas des expatri\u00e9s, nous sommes des S\u00e9n\u00e9galais bon teint, donc la pr\u00e9f\u00e9rence nationale comme ils l&rsquo;ont pr\u00f4n\u00e9e doit \u00eatre de mise. Nous sommes des investisseurs qui par amour de leur pays ont sign\u00e9 leur retour pour participer au d\u00e9veloppement de leurs terroirs.. Si rien n&rsquo;est fait, il y aura pire que le ch\u00f4mage.. <\/p>\n\n\n\n<p>Si on veut r\u00e9gler la situation des jeunes, il faut r\u00e9soudre ces genres de probl\u00e8me pour \u00e9viter l&rsquo;immigration clandestine, les agressions&#8230; Alors Pr\u00e9sident Diomaye, Ousmane Sonko dites \u00e0 vos ministres de venir \u00e0 Mbour constater les d\u00e9g\u00e2ts car la situation est alarmante!\u00a0\u00bb, a d\u00e9clar\u00e9 M. Thiam&#8230;<\/p>\n\n\n\n<p>SOURCE DAKARACTU<\/p>\n","protected":false},"excerpt":{"rendered":"<p>\u00ab\u00a0Nous sommes des S\u00e9n\u00e9galais bon teint, nous demandons \u00e0 Diomaye et Sonko de venir constater avant l&rsquo;irr\u00e9parable&#8230; Dites \u00e0 vos<\/p>\n","protected":false},"author":1,"featured_media":40995,"comment_status":"open","ping_status":"open","sticky":false,"template":"","format":"standard","meta":{"footnotes":""},"categories":[3],"tags":[],"class_list":["post-40993","post","type-post","status-publish","format-standard","has-post-thumbnail","hentry","category-event-more-news"],"_links":{"self":[{"href":"https:\/\/dekkbi.com\/index.php?rest_route=\/wp\/v2\/posts\/40993","targetHints":{"allow":["GET"]}}],"collection":[{"href":"https:\/\/dekkbi.com\/index.php?rest_route=\/wp\/v2\/posts"}],"about":[{"href":"https:\/\/dekkbi.com\/index.php?rest_route=\/wp\/v2\/types\/post"}],"author":[{"embeddable":true,"href":"https:\/\/dekkbi.com\/index.php?rest_route=\/wp\/v2\/users\/1"}],"replies":[{"embeddable":true,"href":"https:\/\/dekkbi.com\/index.php?rest_route=%2Fwp%2Fv2%2Fcomments&post=40993"}],"version-history":[{"count":2,"href":"https:\/\/dekkbi.com\/index.php?rest_route=\/wp\/v2\/posts\/40993\/revisions"}],"predecessor-version":[{"id":41001,"href":"https:\/\/dekkbi.com\/index.php?rest_route=\/wp\/v2\/posts\/40993\/revisions\/41001"}],"wp:featuredmedia":[{"embeddable":true,"href":"https:\/\/dekkbi.com\/index.php?rest_route=\/wp\/v2\/media\/40995"}],"wp:attachment":[{"href":"https:\/\/dekkbi.com\/index.php?rest_route=%2Fwp%2Fv2%2Fmedia&parent=40993"}],"wp:term":[{"taxonomy":"category","embeddable":true,"href":"https:\/\/dekkbi.com\/index.php?rest_route=%2Fwp%2Fv2%2Fcategories&post=40993"},{"taxonomy":"post_tag","embeddable":true,"href":"https:\/\/dekkbi.com\/index.php?rest_route=%2Fwp%2Fv2%2Ftags&post=40993"}],"curies":[{"name":"wp","href":"https:\/\/api.w.org\/{rel}","templated":true}]}}