{"id":40939,"date":"2024-08-27T09:49:08","date_gmt":"2024-08-27T09:49:08","guid":{"rendered":"https:\/\/dekkbi.com\/?p=40939"},"modified":"2024-08-27T09:49:09","modified_gmt":"2024-08-27T09:49:09","slug":"jugeant-le-mandat-du-recteur-de-lucad-illegal-le-bureau-national-du-sudes-esr-ne-lache-pas-laffaire","status":"publish","type":"post","link":"https:\/\/dekkbi.com\/?p=40939","title":{"rendered":"Jugeant le mandat du Recteur de l\u2019Ucad ill\u00e9gal : Le Bureau national du Sudes\/Esr ne l\u00e2che pas l\u2019affaire"},"content":{"rendered":"\n<p><strong>Le Sudes\/Esr est pr\u00eat \u00e0 se battre jusqu\u2019au bout contre le maintien du Recteur de l\u2019Ucad \u00e0 son poste. Le Bureau national dudit syndicat compte \u00abengager toutes les actions n\u00e9cessaires pour soutenir la section Ucad dans cette lutte cruciale pour l\u2019avenir de nos universit\u00e9s publiques\u00bb.<\/strong><\/p>\n\n\n\n<p><strong>Par Dieynaba KANE \u2013&nbsp;<\/strong>Le Sudes\/Enseignement sup\u00e9rieur maintient toujours la pression concernant le mandat de l\u2019actuel Recteur de l\u2019Ucad qu\u2019il juge ill\u00e9gal. Dans un nouveau communiqu\u00e9, le Bureau national du Syndicat unitaire et d\u00e9mocratique des enseignants du S\u00e9n\u00e9gal \u2013 Enseignement sup\u00e9rieur et recherche (Sudes-Esr) se dit \u00abpr\u00eat \u00e0 engager toutes les actions n\u00e9cessaires pour soutenir la section Ucad dans cette lutte cruciale pour l\u2019avenir de nos universit\u00e9s publiques\u00bb. L\u2019organisation syndicale, qui soutient ainsi sa section, exprime \u00absa vive pr\u00e9occupation quant \u00e0 la situation qui pr\u00e9vaut actuellement \u00e0 l\u2019Universit\u00e9 Cheikh Anta Diop de Dakar (Ucad)\u00bb. Dans leur document, les membres du Sudes\/Esr soulignent que \u00abcette situation in\u00e9dite soul\u00e8ve des questions fondamentales quant \u00e0 la gouvernance de nos institutions universitaires\u00bb.<br>Pour eux, \u00able refus de se conformer aux dispositions l\u00e9gales en vigueur, notamment la loi n\u00b02015-26 du 28 d\u00e9cembre 2015 relative aux Universit\u00e9s publiques du S\u00e9n\u00e9gal, le d\u00e9cret n\u00b02021-846 du 24 juin 2021 relatif aux modalit\u00e9s de nomination du Recteur et le d\u00e9cret n\u00b02021-1500 du 16 novembre 2021 portant organisation et fonctionnement de l\u2019Ucad, constitue une atteinte grave aux principes de bonne gouvernance que nous nous devons de d\u00e9fendre avec la plus grande d\u00e9termination\u00bb.<\/p>\n\n\n\n<p>Poursuivant leurs explications, ils renseignent que les textes qui r\u00e9gissent le syst\u00e8me universitaire ne sont pas des \u00aboptions soumises \u00e0 l\u2019interpr\u00e9tation individuelle, mais des r\u00e8gles claires et imp\u00e9ratives qui garantissent la transparence, l\u2019\u00e9quit\u00e9 et la l\u00e9gitimit\u00e9 des mandats\u00bb.&nbsp;Ainsi, fait savoir le Sudes\/Esr, \u00ables tentatives de contournement de ces textes sont une menace grave \u00e0 l\u2019essence m\u00eame de la gouvernance universitaire pouvant ouvrir la voie \u00e0 l\u2019arbitraire et \u00e0 l\u2019instabilit\u00e9 institutionnelle\u00bb. Dans son document, le Bureau national du Sudes\/Esr a tenu \u00e0 pr\u00e9ciser que toutes les \u00abautres universit\u00e9s publiques s\u00e9n\u00e9galaises dont les recteurs ont \u00e9t\u00e9 nomm\u00e9s dans les m\u00eames conditions que celui de l\u2019Ucad se sont conform\u00e9es aux textes en vigueur\u00bb. Dans ce sens, il rappelle que \u00abdes appels \u00e0 candidatures ont \u00e9t\u00e9 lanc\u00e9s en 2023 pour les universit\u00e9s Iba Der Thiam de Thi\u00e8s, Gaston Berger de Saint-Louis, Alioune Diop de Bambey et plus r\u00e9cemment en 2024 pour les universit\u00e9s Assane Seck de Ziguinchor, El Hadji Ibrahima Niass du Sine-Saloum et l\u2019universit\u00e9 num\u00e9rique Cheikh Hamidou Kane\u00bb.<\/p>\n\n\n\n<p>D\u00e8s lors, s\u2019interrogent les syndicalistes, \u00abcomment comprendre qu\u2019\u00e0 l\u2019Ucad l\u2019on \u00e9voque une reconduction tacite, qui accorderait \u00e0 l\u2019ancien Recteur un autre mandat de trois ans, dur\u00e9e qui n\u2019est nulle part mentionn\u00e9e dans les textes en vigueur ?<\/p>\n\n\n\n<p>Qu\u2019est-ce qui expliquerait que dans un m\u00eame pays, face \u00e0 la m\u00eame situation et pour des institutions r\u00e9gies par les m\u00eames dispositions l\u00e9gales, la loi s\u2019appliquerait de fa\u00e7on diff\u00e9renci\u00e9e ?\u00bb. Pour les membres de cette organisation, \u00abl\u2019Ucad ne saurait \u00eatre le th\u00e9\u00e2tre de man\u0153uvres visant \u00e0 contourner les r\u00e8gles \u00e9tablies\u00bb. Et d\u2019indiquer : \u00abElle se doit, au contraire, selon eux, d\u2019\u00eatre un mod\u00e8le d\u2019exemplarit\u00e9 en mati\u00e8re de respect des lois et des institutions.&nbsp;C\u2019est pourquoi le combat de la section Ucad du Sudes rev\u00eat une importance qui d\u00e9passe largement le seul cadre de l\u2019Ucad. Il s\u2019agit de r\u00e9affirmer avec force et conviction que nul n\u2019est au-dessus des lois, f\u00fbt-il un organe d\u00e9lib\u00e9rant.\u00bb<\/p>\n\n\n\n<p>Concluant leur note, les syndicalistes appellent les autorit\u00e9s comp\u00e9tentes \u00e0 prendre \u00abla pleine mesure de la situation et \u00e0 agir en cons\u00e9quence pour r\u00e9tablir l\u2019ordre et le respect des textes\u00bb.<\/p>\n\n\n\n<p><br><strong>dkane@lequotidien.sn<\/strong><br>SOURCE LEQUOTIDIEN<\/p>\n","protected":false},"excerpt":{"rendered":"<p>Le Sudes\/Esr est pr\u00eat \u00e0 se battre jusqu\u2019au bout contre le maintien du Recteur de l\u2019Ucad \u00e0 son poste. Le<\/p>\n","protected":false},"author":1,"featured_media":40940,"comment_status":"open","ping_status":"open","sticky":false,"template":"","format":"standard","meta":{"footnotes":""},"categories":[21],"tags":[],"class_list":["post-40939","post","type-post","status-publish","format-standard","has-post-thumbnail","hentry","category-societe"],"_links":{"self":[{"href":"https:\/\/dekkbi.com\/index.php?rest_route=\/wp\/v2\/posts\/40939","targetHints":{"allow":["GET"]}}],"collection":[{"href":"https:\/\/dekkbi.com\/index.php?rest_route=\/wp\/v2\/posts"}],"about":[{"href":"https:\/\/dekkbi.com\/index.php?rest_route=\/wp\/v2\/types\/post"}],"author":[{"embeddable":true,"href":"https:\/\/dekkbi.com\/index.php?rest_route=\/wp\/v2\/users\/1"}],"replies":[{"embeddable":true,"href":"https:\/\/dekkbi.com\/index.php?rest_route=%2Fwp%2Fv2%2Fcomments&post=40939"}],"version-history":[{"count":1,"href":"https:\/\/dekkbi.com\/index.php?rest_route=\/wp\/v2\/posts\/40939\/revisions"}],"predecessor-version":[{"id":40941,"href":"https:\/\/dekkbi.com\/index.php?rest_route=\/wp\/v2\/posts\/40939\/revisions\/40941"}],"wp:featuredmedia":[{"embeddable":true,"href":"https:\/\/dekkbi.com\/index.php?rest_route=\/wp\/v2\/media\/40940"}],"wp:attachment":[{"href":"https:\/\/dekkbi.com\/index.php?rest_route=%2Fwp%2Fv2%2Fmedia&parent=40939"}],"wp:term":[{"taxonomy":"category","embeddable":true,"href":"https:\/\/dekkbi.com\/index.php?rest_route=%2Fwp%2Fv2%2Fcategories&post=40939"},{"taxonomy":"post_tag","embeddable":true,"href":"https:\/\/dekkbi.com\/index.php?rest_route=%2Fwp%2Fv2%2Ftags&post=40939"}],"curies":[{"name":"wp","href":"https:\/\/api.w.org\/{rel}","templated":true}]}}