{"id":40936,"date":"2024-08-27T09:46:49","date_gmt":"2024-08-27T09:46:49","guid":{"rendered":"https:\/\/dekkbi.com\/?p=40936"},"modified":"2024-08-27T09:46:50","modified_gmt":"2024-08-27T09:46:50","slug":"temoignage-apres-sa-sortie-de-prison-bah-diakhate-parle","status":"publish","type":"post","link":"https:\/\/dekkbi.com\/?p=40936","title":{"rendered":"T\u00e9moignage \u2013 Apr\u00e8s sa sortie de prison : BAH DIAKHAT\u00c9 PARLE"},"content":{"rendered":"\n<p>Je recouvre la libert\u00e9 apr\u00e8s\u00a090 jours d\u2019embastillement\u00a0pour avoir commis le tort d\u2019exercer mon devoir de veille et d\u2019alerte sur les actes pos\u00e9s par le gouvernement de mon pays. J\u2019ai consacr\u00e9 ma vie au S\u00e9n\u00e9gal comme soldat, risquant ma vie en Casamance et ailleurs en Afrique, pour servir sous le noble drapeau national. J\u2019ai aussi \u00e9t\u00e9 enseignant, transmettant le savoir aux enfants qui seront l\u2019\u00e9lite de notre Nation. J\u2019ai \u00e9galement servi comme cadre de l\u2019Administration territoriale, pour mettre en \u0153uvre les politiques publiques au b\u00e9n\u00e9fice des femmes, des enfants et des plus d\u00e9munis.<\/p>\n\n\n\n<p>Je suis r\u00e9publicain, lib\u00e9ral et d\u00e9mocrate.<\/p>\n\n\n\n<p>Quand des hordes barbares se sont insurg\u00e9es contre les institutions r\u00e9publicaines de notre pays, sur la base du mensonge, de la calomnie et de la manipulation, je me suis dress\u00e9, avec d\u2019autres S\u00e9n\u00e9galais, pour leur faire face.<\/p>\n\n\n\n<p>Comme militant de l\u2019Al\u00adliance pour la R\u00e9publique et \u00e0 la t\u00eate du Mouvement des activistes r\u00e9publicains du S\u00e9n\u00e9gal, j\u2019ai d\u00e9cid\u00e9 de mener un combat acharn\u00e9 contre une mouvance insurrectionnelle dont l\u2019objectif \u00e9tait de conduire notre pays \u00e0 la ruine. Je ne regrette rien de mon engagement entre f\u00e9vrier 2021 et mars 2024 dans le cadre de mes propres initiatives mais aussi \u00e0 travers \u00abBaatu Degg\u00bb, la premi\u00e8re cha\u00eene r\u00e9publicaine du S\u00e9n\u00e9gal, devenue d\u00e9sormais m\u00e9dia de r\u00e9f\u00e9rence pour toutes celles et ceux qui sacralisent la libert\u00e9 d\u2019expression et le pluralisme des opinions.<\/p>\n\n\n\n<p>Parce que je suis un militant, parce que la v\u00e9rit\u00e9, la dignit\u00e9 et la loyaut\u00e9 irriguent tout mon \u00eatre, j\u2019ai poursuivi mon engagement politique apr\u00e8s la Pr\u00e9si\u00addentielle du 24 mars 2024, aux c\u00f4t\u00e9s du Pr\u00e9sident Macky Sall, ce b\u00e2tisseur qui a r\u00e9solument engag\u00e9 le S\u00e9n\u00e9gal sur les autoroutes de l\u2019\u00e9mergence et m\u00e9tamorphos\u00e9 son visage.<\/p>\n\n\n\n<p>Opposant rigoureusement r\u00e9publicain, je me suis attach\u00e9 \u00e0 \u00e9lever la conscience de mes compatriotes et \u00e0 montrer le vrai visage de ceux-l\u00e0 qui sont nouvellement \u00e0 la t\u00eate du pays.<\/p>\n\n\n\n<p>Les m\u00e9thodes de mes adversaires, bas\u00e9es sur la d\u00e9lation et la duplicit\u00e9, ne m\u2019ont gu\u00e8re surpris&nbsp;; de m\u00eame que mon embastillement le 20 mai 2024.<\/p>\n\n\n\n<p>J\u2019ai eu l\u2019insigne honneur d\u2019\u00eatre le premier prisonnier politique de ce r\u00e9gime aux abois, sans projet, sans comp\u00e9tence et sans \u00e9l\u00e9gance. C\u2019est sur moi qu\u2019ils ont tent\u00e9 l\u2019exp\u00e9rience de la dictature, vou\u00e9e ind\u00e9niablement \u00e0 l\u2019\u00e9chec.<\/p>\n\n\n\n<p>Apr\u00e8s mon arrestation, j\u2019ai fait face aux enqu\u00eateurs, au procureur et aux magistrats de si\u00e8ge avec la m\u00eame foi en Dieu et la m\u00eame paix int\u00e9rieure, car convaincu que j\u2019\u00e9tais l\u00e0 pour des raisons politiques et qu\u2019il n\u2019y avait pas la moindre once de chance que je ressorte libre.<\/p>\n\n\n\n<p>A l\u2019issue d\u2019un proc\u00e8s durant lequel j\u2019ai apport\u00e9 toutes les preuves de mes d\u00e9clarations et quoique le commanditaire de mon rapt ait \u00e9t\u00e9 d\u00e9bout\u00e9 de ce d\u00e9lit imaginaire d\u2019offense \u00e0 je ne sais qui, j\u2019ai pourtant \u00e9t\u00e9 condamn\u00e9 et \u00e9crou\u00e9 \u00e0 Rebeuss, m\u2019y rendant muni du Saint Coran, de Nourou Darayni, de Djalibatoul Maraqib, Wakana Haqane et de Matlaboul Fawzayni comme seuls boucliers.<\/p>\n\n\n\n<p>J\u2019ai purg\u00e9 ma peine de prison sans jamais avoir pr\u00e9text\u00e9 souffrir d\u2019une insuffisance r\u00e9nale, de probl\u00e8mes cardiaques ou d\u2019hypoglyc\u00e9mie s\u00e9v\u00e8re. Je n\u2019ai jamais invoqu\u00e9 une imaginaire gr\u00e8ve de la faim ou le coma. Je n\u2019ai jamais eu les talents de com\u00e9dien susceptible d\u2019interpr\u00e9ter Le Malade Imaginaire. Personne n\u2019a r\u00e9clam\u00e9 mon \u00e9vacuation d\u2019urgence \u00e0 l\u2019\u00e9tranger pour quelques soins.<\/p>\n\n\n\n<p>Durant toute la proc\u00e9dure judiciaire, je n\u2019ai insult\u00e9 ni trait\u00e9 les magistrats de cannibalisme encore moins tenu des propos d\u00e9shonorants \u00e0 l\u2019encontre des policiers et gendarmes.<\/p>\n\n\n\n<p>J\u2019ai fait face \u00e0 mes responsabilit\u00e9s devant mes juges et l\u2019Histoire, car un homme d\u2019honneur ne saurait se r\u00e9fugier derri\u00e8re une maladie imaginaire ou un appel au \u00abMortal Kombat\u00bb pour se soustraire \u00e0 la Justice de son pays.<\/p>\n\n\n\n<p>Je rappelle aussi que je ne souffre d\u2019aucune maladie du dos&nbsp;; mes lombaires sont intactes et ne n\u00e9cessitent ni graisse de boa ni massage \u00e0 deux ou \u00e0 quatre mains.<\/p>\n\n\n\n<p>Je suis sorti de prison apr\u00e8s avoir int\u00e9gralement purg\u00e9 ma peine. Je n\u2019ai ni b\u00e9n\u00e9fici\u00e9 d\u2019une loi d\u2019amnistie ni n\u00e9goci\u00e9 ma lib\u00e9ration par un quelconque protocole.<\/p>\n\n\n\n<p>D\u00e9sormais libre, j\u2019exprime ma gratitude \u00e0 mes avocats, \u00e0 mon parti, \u00e0 ma coalition et \u00e0 mes amis activistes r\u00e9publicains.<\/p>\n\n\n\n<p>Je remercie ma famille ; elle a support\u00e9 l\u2019\u00e9preuve avec une belle endurance.<br>J\u2019ai une pens\u00e9e pour mes amis, mes collaborateurs et toutes celles et tous ceux, d\u2019ici et de la Diaspora, qui ont eu le moindre mot solidaire \u00e0 mon endroit.<br>Je pense \u00e0 mes cod\u00e9tenus, particuli\u00e8rement \u00e0 l\u2019imam Cheikh Ahmed Tidiane Ndao, un homme de paix et de sagesse.<\/p>\n\n\n\n<p>Je profite de cette adresse pour rappeler la n\u00e9cessit\u00e9 d\u2019avoir une Justice plus humaine et plus attentive au sort des d\u00e9tenus, aux longues d\u00e9tentions pr\u00e9ventives et aux conditions ardues de travail des magistrats, qui sont au c\u0153ur du renforcement de notre d\u00e9mocratie et de l\u2019Etat de Droit.<\/p>\n\n\n\n<p>Je suis le premier prisonnier politique du r\u00e9gime actuel.<br>Aujourd\u2019hui je suis libre, mais que personne ne soit surpris. Leur acharnement \u00e0 mon encontre est connu de tous. Attendez-vous donc \u00e0 me revoir en prison car ils ont d\u00e9cid\u00e9 de me faire taire.<\/p>\n\n\n\n<p>Les ennemis de la D\u00e9mocratie veulent me maintenir le plus longtemps en prison et pour cela, ils ne m\u00e9nageront aucun effort. Je prends \u00e0 t\u00e9moin le Peuple s\u00e9n\u00e9galais et l\u2019opinion internationale, car la Justice ne doit pas \u00eatre un instrument politique pour b\u00e2illonner les opposants au r\u00e9gime.<\/p>\n\n\n\n<p>Pour illustration, alors que j\u2019ai purg\u00e9 ma peine, mon jugement n\u2019est toujours pas disponible. Personne n\u2019a \u00e0 ce jour pr\u00e9sent\u00e9 les pr\u00e9tendues fausses nouvelles ayant justifi\u00e9 ma condamnation.<\/p>\n\n\n\n<p>Malgr\u00e9 l\u2019\u00e9preuve, ma d\u00e9termination reste intacte, au m\u00eame titre que mon engagement au sein de l\u2019Apr. A Pikine, ma ville, et partout o\u00f9 le besoin sera, j\u2019irai pr\u00eacher la parole d\u2019une opposition d\u00e9termin\u00e9e, courageuse dans le combat et g\u00e9n\u00e9reuse par ses propositions d\u2019avenir \u00e0 la soci\u00e9t\u00e9.<\/p>\n\n\n\n<p>\u00abLe chemin se fait en marchant\u00bb, disait Machado le po\u00e8te.<br>D\u00e8s aujourd\u2019hui, je me remets \u00e0 l\u2019ouvrage, au service de la d\u00e9mocratie, de la R\u00e9publique et de l\u2019Etat de Droit.<\/p>\n\n\n\n<p><br><strong>Bah DIAKHATE <\/strong><br><strong>Responsable de l\u2019Alliance Pour la R\u00e9publique<\/strong><\/p>\n","protected":false},"excerpt":{"rendered":"<p>Je recouvre la libert\u00e9 apr\u00e8s\u00a090 jours d\u2019embastillement\u00a0pour avoir commis le tort d\u2019exercer mon devoir de veille et d\u2019alerte sur les<\/p>\n","protected":false},"author":1,"featured_media":40937,"comment_status":"open","ping_status":"open","sticky":false,"template":"","format":"standard","meta":{"footnotes":""},"categories":[21],"tags":[],"class_list":["post-40936","post","type-post","status-publish","format-standard","has-post-thumbnail","hentry","category-societe"],"_links":{"self":[{"href":"https:\/\/dekkbi.com\/index.php?rest_route=\/wp\/v2\/posts\/40936","targetHints":{"allow":["GET"]}}],"collection":[{"href":"https:\/\/dekkbi.com\/index.php?rest_route=\/wp\/v2\/posts"}],"about":[{"href":"https:\/\/dekkbi.com\/index.php?rest_route=\/wp\/v2\/types\/post"}],"author":[{"embeddable":true,"href":"https:\/\/dekkbi.com\/index.php?rest_route=\/wp\/v2\/users\/1"}],"replies":[{"embeddable":true,"href":"https:\/\/dekkbi.com\/index.php?rest_route=%2Fwp%2Fv2%2Fcomments&post=40936"}],"version-history":[{"count":1,"href":"https:\/\/dekkbi.com\/index.php?rest_route=\/wp\/v2\/posts\/40936\/revisions"}],"predecessor-version":[{"id":40938,"href":"https:\/\/dekkbi.com\/index.php?rest_route=\/wp\/v2\/posts\/40936\/revisions\/40938"}],"wp:featuredmedia":[{"embeddable":true,"href":"https:\/\/dekkbi.com\/index.php?rest_route=\/wp\/v2\/media\/40937"}],"wp:attachment":[{"href":"https:\/\/dekkbi.com\/index.php?rest_route=%2Fwp%2Fv2%2Fmedia&parent=40936"}],"wp:term":[{"taxonomy":"category","embeddable":true,"href":"https:\/\/dekkbi.com\/index.php?rest_route=%2Fwp%2Fv2%2Fcategories&post=40936"},{"taxonomy":"post_tag","embeddable":true,"href":"https:\/\/dekkbi.com\/index.php?rest_route=%2Fwp%2Fv2%2Ftags&post=40936"}],"curies":[{"name":"wp","href":"https:\/\/api.w.org\/{rel}","templated":true}]}}