{"id":40934,"date":"2024-08-27T09:43:04","date_gmt":"2024-08-27T09:43:04","guid":{"rendered":"https:\/\/dekkbi.com\/?p=40934"},"modified":"2024-08-27T11:24:00","modified_gmt":"2024-08-27T11:24:00","slug":"eliminatoires-can-2025-aliou-cisse-publie-sa-liste-vendredi","status":"publish","type":"post","link":"https:\/\/dekkbi.com\/?p=40934","title":{"rendered":"Eliminatoires CAN 2025 : le s\u00e9lectionneur de l\u2019\u00e9quipe nationale de football du S\u00e9n\u00e9gal, Aliou Ciss\u00e9, publie sa liste vendredi"},"content":{"rendered":"\n<p>Dakar,  (APS) \u2013 Le s\u00e9lectionneur de l\u2019\u00e9quipe nationale de football du S\u00e9n\u00e9gal, Aliou Ciss\u00e9, va publier vendredi la liste des Lions retenus pour le Burkina Faso et le Burundi, les 6 et 9 septembre, dans le cadre des \u00e9liminatoires de la Coupe d\u2019Afrique des nations Maroc 2025, a appris l\u2019APS de la F\u00e9d\u00e9ration s\u00e9n\u00e9galaise.<\/p>\n\n\n\n<p>Le s\u00e9lectionneur s\u00e9n\u00e9galais va rendre publique la liste des joueurs convoqu\u00e9s au cours d\u2019une conf\u00e9rence de presse, \u00e0 Dakar, pr\u00e9cise la F\u00e9d\u00e9ration s\u00e9n\u00e9galaise de football (FSF) dans un communiqu\u00e9.<\/p>\n\n\n\n<p>Les matchs contre le Burkina Faso et le Burundi comptent pour les premi\u00e8re et deuxi\u00e8me journ\u00e9es des \u00e9liminatoires de la Coupe d\u2019Afrique des nations Maroc 2025.<\/p>\n\n\n\n<p>Les Lions recevront les \u00c9talons du Burkina Faso \u00e0 Dakar, le 6 septembre, avant de se d\u00e9placer \u00e0 Bujumbura pour jouer contre le Burundi, trois jours plus tard.<\/p>\n\n\n\n<p>Outre le Burkina Faso, le Burundi et le S\u00e9n\u00e9gal, le groupe L des \u00e9liminatoires de la CAN 2025 compte \u00e9galement le Malawi.<\/p>\n\n\n\n<p>La 35\u1d49 \u00e9dition de la Coupe d\u2019Afrique des nations se tiendra au Maroc du 21 d\u00e9cembre 2025 au 18 janvier 2026.<\/p>\n\n\n\n<p>Quarante-huit \u00e9quipes prendront part aux \u00e9liminatoires pour tenter de d\u00e9crocher les 24 places qualificatives pour la phase finale de cette \u00e9dition de la Coupe d\u2019Afrique des nations.<\/p>\n\n\n\n<p>Sur la base du dernier classement de la FIFA du 20 juin dernier, le tirage au sort a permis de constituer&nbsp;12 groupes de quatre \u00e9quipes, les deux premi\u00e8res de chaque groupe se qualifiant pour la CAN.<\/p>\n\n\n\n<p>Le Maroc, pays h\u00f4te de la comp\u00e9tition, est d\u00e9j\u00e0 qualifi\u00e9, avec la C\u00f4te d\u2019Ivoire, tenante du titre.<\/p>\n\n\n\n<p>SK\/BK\/ASG24 \u00e0 16h19<\/p>\n","protected":false},"excerpt":{"rendered":"<p>Dakar, (APS) \u2013 Le s\u00e9lectionneur de l\u2019\u00e9quipe nationale de football du S\u00e9n\u00e9gal, Aliou Ciss\u00e9, va publier vendredi la liste des<\/p>\n","protected":false},"author":1,"featured_media":28010,"comment_status":"open","ping_status":"open","sticky":false,"template":"","format":"standard","meta":{"footnotes":""},"categories":[9],"tags":[],"class_list":["post-40934","post","type-post","status-publish","format-standard","has-post-thumbnail","hentry","category-sports"],"_links":{"self":[{"href":"https:\/\/dekkbi.com\/index.php?rest_route=\/wp\/v2\/posts\/40934","targetHints":{"allow":["GET"]}}],"collection":[{"href":"https:\/\/dekkbi.com\/index.php?rest_route=\/wp\/v2\/posts"}],"about":[{"href":"https:\/\/dekkbi.com\/index.php?rest_route=\/wp\/v2\/types\/post"}],"author":[{"embeddable":true,"href":"https:\/\/dekkbi.com\/index.php?rest_route=\/wp\/v2\/users\/1"}],"replies":[{"embeddable":true,"href":"https:\/\/dekkbi.com\/index.php?rest_route=%2Fwp%2Fv2%2Fcomments&post=40934"}],"version-history":[{"count":2,"href":"https:\/\/dekkbi.com\/index.php?rest_route=\/wp\/v2\/posts\/40934\/revisions"}],"predecessor-version":[{"id":41012,"href":"https:\/\/dekkbi.com\/index.php?rest_route=\/wp\/v2\/posts\/40934\/revisions\/41012"}],"wp:featuredmedia":[{"embeddable":true,"href":"https:\/\/dekkbi.com\/index.php?rest_route=\/wp\/v2\/media\/28010"}],"wp:attachment":[{"href":"https:\/\/dekkbi.com\/index.php?rest_route=%2Fwp%2Fv2%2Fmedia&parent=40934"}],"wp:term":[{"taxonomy":"category","embeddable":true,"href":"https:\/\/dekkbi.com\/index.php?rest_route=%2Fwp%2Fv2%2Fcategories&post=40934"},{"taxonomy":"post_tag","embeddable":true,"href":"https:\/\/dekkbi.com\/index.php?rest_route=%2Fwp%2Fv2%2Ftags&post=40934"}],"curies":[{"name":"wp","href":"https:\/\/api.w.org\/{rel}","templated":true}]}}