{"id":40902,"date":"2024-08-26T12:23:39","date_gmt":"2024-08-26T12:23:39","guid":{"rendered":"https:\/\/dekkbi.com\/?p=40902"},"modified":"2024-08-26T16:04:15","modified_gmt":"2024-08-26T16:04:15","slug":"affaire-sidy-diop-le-chanteur-fait-actuellement-face-au-juge","status":"publish","type":"post","link":"https:\/\/dekkbi.com\/?p=40902","title":{"rendered":"Sidy Diop: le parquet retient la conduite avec d\u00e9faut de documents"},"content":{"rendered":"\n<p>Appel\u00e9 \u00e0 la barre, ce lundi matin, pour r\u00e9pondre du d\u00e9lit de conduite sans permis et assurance, l\u2019artiste chanteur, Sidy Diop a devant la barre du tribunal correctionnel reconnu partiellement les faits.&nbsp;<\/p>\n\n\n\n<p>\u00ab J&rsquo;ai conduit sans permis mais je disposais d\u2019une assurance\u00bb, a soutenu le mis en cause. Interpell\u00e9 sur ses motivations de conduire sans permis. Il s\u2019est plus accroch\u00e9 sur l\u2019assurance dont il soutient \u00eatre en sa possession.<\/p>\n\n\n\n<p>\u00ab On m\u2019a dit que l\u2019assurance n\u2019est pas conforme. Celle que j\u2019ai, est en cours&nbsp;de validit\u00e9 jusqu&rsquo;en 2025\u00bb, a-t-il d\u00e9clar\u00e9. Il ressort des d\u00e9bats d\u2019audience que le num\u00e9ro de police de l\u2019assurance ne correspondait \u00e0 aucun num\u00e9ro des bases de donn\u00e9es de CNART ce qui a amen\u00e9 le juge \u00e0 lui demander d\u2019o\u00f9 il avait eu le document. Le chanteur a expliqu\u00e9 que l\u2019assurance lui a \u00e9t\u00e9 d\u00e9livr\u00e9 par son calloborateur qui lui a vendu son v\u00e9hicule. Interpell\u00e9 sur l\u2019identit\u00e9 de celui-ci, il dira oublier son nom.<\/p>\n\n\n\n<p>\u00ab J\u2019avais envoy\u00e9 mon fr\u00e8re pour g\u00e9rer les transactions pour l\u2019achat de la voiture\u00bb, a indiqu\u00e9 l\u2019artiste chanteur.<\/p>\n\n\n\n<p>Dans sa r\u00e9quisition, le Procureur a contest\u00e9 la validit\u00e9 de l\u2019assurance pr\u00e9sent\u00e9e par Sidy Diop. D\u2019apr\u00e8s la repr\u00e9sentante du minist\u00e8re public, le document ne pouvait exc\u00e9der 12 mois. A l\u2019en croire, le chanteur a produit un faux document et avait affirm\u00e9 disposer d\u2019un passavant ce que le pr\u00e9venu a contest\u00e9.<\/p>\n\n\n\n<p>\u00ab J\u2019ignorais que l\u2019assurance \u00e9tait fausse. Le propri\u00e9taire de la voiture me l\u2019avait fournie. Il a ensuite d\u00e9pos\u00e9 une nouvelle assurance valide jusqu&rsquo;en 2025 au commissariat\u00bb, s\u2019est-il d\u00e9douan\u00e9.<\/p>\n\n\n\n<p>\u00c9cartant les accusations de production de faux documents, le maitre des poursuites a demand\u00e9 de retenir le d\u00e9lit de conduite avec d\u00e9faut de permis et d&rsquo;assurance. Il s\u2019est rapport\u00e9 \u00e0 la sagesse du juge pour d\u00e9terminer la peine \u00e0 infliger au chanteur.<\/p>\n\n\n\n<p>La d\u00e9fense assist\u00e9e par Me Aboubacry Barro a plaid\u00e9 la cl\u00e9mence \u00e0 l\u2019encontre de son client, Sidy Diop qui, selon le conseil, a fait preuve d\u2019humilit\u00e9. D\u2019apr\u00e8s la robe noire, son client a \u00e9t\u00e9 victime d\u2019une fausse police d\u2019assurance qui lui a \u00e9t\u00e9 d\u00e9livr\u00e9e.<\/p>\n\n\n\n<p>L\u2019affaire sera statu\u00e9e ult\u00e9rieurement\u2026<\/p>\n\n\n\n<p>SOURCE DAKARACTU<\/p>\n","protected":false},"excerpt":{"rendered":"<p>Appel\u00e9 \u00e0 la barre, ce lundi matin, pour r\u00e9pondre du d\u00e9lit de conduite sans permis et assurance, l\u2019artiste chanteur, Sidy<\/p>\n","protected":false},"author":1,"featured_media":40903,"comment_status":"open","ping_status":"open","sticky":false,"template":"","format":"standard","meta":{"footnotes":""},"categories":[21],"tags":[],"class_list":["post-40902","post","type-post","status-publish","format-standard","has-post-thumbnail","hentry","category-societe"],"_links":{"self":[{"href":"https:\/\/dekkbi.com\/index.php?rest_route=\/wp\/v2\/posts\/40902","targetHints":{"allow":["GET"]}}],"collection":[{"href":"https:\/\/dekkbi.com\/index.php?rest_route=\/wp\/v2\/posts"}],"about":[{"href":"https:\/\/dekkbi.com\/index.php?rest_route=\/wp\/v2\/types\/post"}],"author":[{"embeddable":true,"href":"https:\/\/dekkbi.com\/index.php?rest_route=\/wp\/v2\/users\/1"}],"replies":[{"embeddable":true,"href":"https:\/\/dekkbi.com\/index.php?rest_route=%2Fwp%2Fv2%2Fcomments&post=40902"}],"version-history":[{"count":4,"href":"https:\/\/dekkbi.com\/index.php?rest_route=\/wp\/v2\/posts\/40902\/revisions"}],"predecessor-version":[{"id":40914,"href":"https:\/\/dekkbi.com\/index.php?rest_route=\/wp\/v2\/posts\/40902\/revisions\/40914"}],"wp:featuredmedia":[{"embeddable":true,"href":"https:\/\/dekkbi.com\/index.php?rest_route=\/wp\/v2\/media\/40903"}],"wp:attachment":[{"href":"https:\/\/dekkbi.com\/index.php?rest_route=%2Fwp%2Fv2%2Fmedia&parent=40902"}],"wp:term":[{"taxonomy":"category","embeddable":true,"href":"https:\/\/dekkbi.com\/index.php?rest_route=%2Fwp%2Fv2%2Fcategories&post=40902"},{"taxonomy":"post_tag","embeddable":true,"href":"https:\/\/dekkbi.com\/index.php?rest_route=%2Fwp%2Fv2%2Ftags&post=40902"}],"curies":[{"name":"wp","href":"https:\/\/api.w.org\/{rel}","templated":true}]}}