{"id":40894,"date":"2024-08-26T11:51:57","date_gmt":"2024-08-26T11:51:57","guid":{"rendered":"https:\/\/dekkbi.com\/?p=40894"},"modified":"2024-08-26T11:51:58","modified_gmt":"2024-08-26T11:51:58","slug":"un-journal-revele-une-predation-fonciere-de-1400-m%c2%b2-accordee-a-farba-ngom-par-macky-sall","status":"publish","type":"post","link":"https:\/\/dekkbi.com\/?p=40894","title":{"rendered":"Un journal r\u00e9v\u00e8le une \u00abpr\u00e9dation fonci\u00e8re\u00bb de 1400 m\u00b2 accord\u00e9e \u00e0 Farba Ngom par Macky Sall"},"content":{"rendered":"\n<p>Le quotidien&nbsp;<em>Yoor Yoor<\/em>&nbsp;a r\u00e9v\u00e9l\u00e9 une affaire qu\u2019il consid\u00e8re comme une \u00ab&nbsp;pr\u00e9dation fonci\u00e8re&nbsp;\u00bb de grande envergure concernant l\u2019attribution de terres au S\u00e9n\u00e9gal, impliquant Farba Ngom, proche du pr\u00e9sident Macky Sall. L\u2019affaire concerne une attribution fonci\u00e8re de 1 400 m\u00b2, estim\u00e9e \u00e0 environ un milliard de francs CFA, situ\u00e9e dans une zone strat\u00e9gique de Dakar, entre la Cit\u00e9 Aliou et un site \u00e0 proximit\u00e9 de l\u2019a\u00e9roport L\u00e9opold S\u00e9dar Senghor.<\/p>\n\n\n\n<p>Selon les informations publi\u00e9es, sept parcelles de 200 m\u00b2 chacune ont \u00e9t\u00e9 attribu\u00e9es \u00e0 Farba Ngom. Ces parcelles, portant les num\u00e9ros 196, 197, 117, 118, 119, 120, et 121, se trouvent sur le titre foncier TF 7105\/NGA, dans une zone o\u00f9 la valeur du m\u00e8tre carr\u00e9 oscille entre 100 et 150 millions de francs CFA. Cette situation suscite de nombreuses interrogations sur la transparence et l\u2019\u00e9quit\u00e9 des attributions fonci\u00e8res dans cette zone strat\u00e9gique.<\/p>\n\n\n\n<p>Le journal&nbsp;<em>Yoor Yoor<\/em>&nbsp;ne s\u2019arr\u00eate pas \u00e0 ce cas sp\u00e9cifique. Il r\u00e9v\u00e8le \u00e9galement que d\u2019autres personnalit\u00e9s influentes, notamment un ancien Directeur g\u00e9n\u00e9ral de la Police nationale et plusieurs parlementaires, ont b\u00e9n\u00e9fici\u00e9 de parcelles sur le m\u00eame titre foncier. Ces informations soul\u00e8vent des questions sur un possible favoritisme au sein de l\u2019Alliance pour la R\u00e9publique (APR), le parti au pouvoir.<\/p>\n\n\n\n<p>En outre, Mahmout Saleh, un autre collaborateur proche du pr\u00e9sident Macky Sall, aurait \u00e9galement re\u00e7u deux parcelles sur un autre titre foncier, TF 526\/NGA, situ\u00e9 pr\u00e8s de l\u2019a\u00e9roport L\u00e9opold S\u00e9dar Senghor. Les parcelles attribu\u00e9es \u00e0 Saleh mesurent respectivement 201 m\u00b2 (Y795) et 253 m\u00b2 (Y793).<\/p>\n\n\n\n<p>SOURCE SENEGO<\/p>\n","protected":false},"excerpt":{"rendered":"<p>Le quotidien&nbsp;Yoor Yoor&nbsp;a r\u00e9v\u00e9l\u00e9 une affaire qu\u2019il consid\u00e8re comme une \u00ab&nbsp;pr\u00e9dation fonci\u00e8re&nbsp;\u00bb de grande envergure concernant l\u2019attribution de terres au<\/p>\n","protected":false},"author":1,"featured_media":40895,"comment_status":"open","ping_status":"open","sticky":false,"template":"","format":"standard","meta":{"footnotes":""},"categories":[6],"tags":[],"class_list":["post-40894","post","type-post","status-publish","format-standard","has-post-thumbnail","hentry","category-politics"],"_links":{"self":[{"href":"https:\/\/dekkbi.com\/index.php?rest_route=\/wp\/v2\/posts\/40894","targetHints":{"allow":["GET"]}}],"collection":[{"href":"https:\/\/dekkbi.com\/index.php?rest_route=\/wp\/v2\/posts"}],"about":[{"href":"https:\/\/dekkbi.com\/index.php?rest_route=\/wp\/v2\/types\/post"}],"author":[{"embeddable":true,"href":"https:\/\/dekkbi.com\/index.php?rest_route=\/wp\/v2\/users\/1"}],"replies":[{"embeddable":true,"href":"https:\/\/dekkbi.com\/index.php?rest_route=%2Fwp%2Fv2%2Fcomments&post=40894"}],"version-history":[{"count":1,"href":"https:\/\/dekkbi.com\/index.php?rest_route=\/wp\/v2\/posts\/40894\/revisions"}],"predecessor-version":[{"id":40896,"href":"https:\/\/dekkbi.com\/index.php?rest_route=\/wp\/v2\/posts\/40894\/revisions\/40896"}],"wp:featuredmedia":[{"embeddable":true,"href":"https:\/\/dekkbi.com\/index.php?rest_route=\/wp\/v2\/media\/40895"}],"wp:attachment":[{"href":"https:\/\/dekkbi.com\/index.php?rest_route=%2Fwp%2Fv2%2Fmedia&parent=40894"}],"wp:term":[{"taxonomy":"category","embeddable":true,"href":"https:\/\/dekkbi.com\/index.php?rest_route=%2Fwp%2Fv2%2Fcategories&post=40894"},{"taxonomy":"post_tag","embeddable":true,"href":"https:\/\/dekkbi.com\/index.php?rest_route=%2Fwp%2Fv2%2Ftags&post=40894"}],"curies":[{"name":"wp","href":"https:\/\/api.w.org\/{rel}","templated":true}]}}