{"id":40889,"date":"2024-08-26T11:41:55","date_gmt":"2024-08-26T11:41:55","guid":{"rendered":"https:\/\/dekkbi.com\/?p=40889"},"modified":"2024-08-26T11:43:44","modified_gmt":"2024-08-26T11:43:44","slug":"il-est-loin-detre-un-joueur-decisif-il-a-encore-du-pain-sur-la-planche-mbappe-critique-par-les-medias-espagnols-apres-sa-premiere-au-bernabeu","status":"publish","type":"post","link":"https:\/\/dekkbi.com\/?p=40889","title":{"rendered":"Mbapp\u00e9 critiqu\u00e9 apr\u00e8s sa premi\u00e8re au Bernabeu."},"content":{"rendered":"\n<p>\u201cIl est loin d\u2019\u00eatre un joueur d\u00e9cisif\u201d, \u201cil a encore du pain sur la planche\u201d:  <\/p>\n\n\n\n<p>Toujours en manque d\u2019automatismes, le Real Madrid a d\u00e9croch\u00e9 dimanche sa premi\u00e8re victoire de la saison face au promu Valladolid (3-0) au Santiago Bernab\u00e9u, o\u00f9 Kylian Mbapp\u00e9 n\u2019a pas brill\u00e9 pour ses d\u00e9buts \u00e0 domicile. Les m\u00e9dias espagnols ont \u00e9mis leurs premi\u00e8res critiques vis-\u00e0-vis de la star madril\u00e8ne. De son c\u00f4t\u00e9, le coach du Real Carlo Ancelotti a pris sa d\u00e9fense en conf\u00e9rence de presse.<a href=\"http:\/\/twitter.com\/share?text=%E2%80%9CIl+est+loin+d%E2%80%99%C3%AAtre+un+joueur+d%C3%A9cisif%E2%80%9D%2C+%E2%80%9Cil+a+encore+du+pain+sur+la+planche%E2%80%9D%3A+Mbapp%C3%A9+critiqu%C3%A9+par+les+m%C3%A9dias+espagnols+apr%C3%A8s+sa+premi%C3%A8re+au+Bernabeu&amp;url=https%3A%2F%2Fwww.7sur7.be%2Ffootball-etranger%2Fil-est-loin-detre-un-joueur-decisif-il-a-encore-du-pain-sur-la-planche-mbappe-critique-par-les-medias-espagnols-apres-sa-premiere-au-bernabeu%7Ea1970735%2F%3Futm_source%3Dtwitter%26utm_medium%3Dsocial%26utm_campaign%3Dsocialsharing_web\"><\/a><\/p>\n\n\n\n<p>Poussif dans le jeu sans son prodige anglais Jude Bellingham, bless\u00e9 et indisponible pour plusieurs semaines, le champion d\u2019Espagne et d\u2019Europe en titre s\u2019en est remis \u00e0 la puissance de frappe de son milieu uruguayen Federico Valverde, qui a transperc\u00e9 le mur sur un coup franc jou\u00e9 indirectement (50e, 1-0), et au talent de ses rempla\u00e7ants Brahim Diaz (88e, 2-0) et Endrick (90e+6, 3-0) en toute fin de rencontre.<\/p>\n\n\n\n<h2 class=\"wp-block-heading\">Une prestation mitig\u00e9e<\/h2>\n\n\n\n<p>Apr\u00e8s une premi\u00e8re compliqu\u00e9e \u00e0 Majorque (1-1) la semaine pass\u00e9e, Kylian Mbapp\u00e9 a connu un bapt\u00eame frustrant dans son nouveau jardin, o\u00f9 il avait \u00e9t\u00e9 pr\u00e9sent\u00e9 en rockstar en juillet, bien loin des attentes \u00e9normes qui accompagnent son transfert libre apr\u00e8s sept saisons au Paris Saint-Germain.<\/p>\n\n\n\n<p>Positionn\u00e9 dans l\u2019axe, \u00e9paul\u00e9 par les deux fl\u00e8ches br\u00e9siliennes Vinicius et Rodrygo, le capitaine de l\u2019\u00e9quipe de France a tent\u00e9 de combiner avec ses partenaires \u00e0 l\u2019int\u00e9rieur ou en profondeur, mais il a souvent manqu\u00e9 de justesse technique, \u00e0 l\u2019image de plusieurs contr\u00f4les ou dribbles manqu\u00e9s au fil du match.<\/p>\n\n\n\n<p>Il s\u2019est tout de m\u00eame procur\u00e9 deux occasions franches, l\u2019une en premi\u00e8re mi-temps sur une vol\u00e9e du gauche qui a pouss\u00e9 le portier estonien Karl Hein \u00e0 se d\u00e9tendre pour \u00e9viter l\u2019ouverture du score (10e) et une tentative de madjer au premier poteau \u00e9galement d\u00e9tourn\u00e9e par le gardien form\u00e9 \u00e0 Arsenal (79e).<\/p>\n\n\n\n<h2 class=\"wp-block-heading\">La presse espagnole ne l\u2019\u00e9pargne pas<\/h2>\n\n\n\n<p>Marca met en avant sur sa Une : \u201cEndrick vole la vedette \u00e0 Mbapp\u00e9\u201d et \u201cFede, Brahim et Endrick se font une place lors de la f\u00eate de Mbapp\u00e9\u201d. Le quotidien madril\u00e8ne attribue une note de 5 au Fran\u00e7ais, soulignant qu\u2019il \u201cne se distingue pas beaucoup dans le r\u00f4le d\u2019attaquant fixe\u201d. \u201cLe poste d\u2019avant-centre n\u2019est pas son truc. Il a encore du pain sur la planche\u201d, conclut Marca.<\/p>\n\n\n\n<p>AS est plus cl\u00e9ment envers Kylian Mbapp\u00e9, le pla\u00e7ant sur un pied d\u2019\u00e9galit\u00e9 avec Vinicius et Rodrygo : \u201cNi Mbapp\u00e9, ni Vini, ni Rodrygo: admirez le golazo exceptionnel d\u2019Endrick!\u201d<\/p>\n\n\n\n<p>Tomas Roncero, chroniqueur r\u00e9gulier du Chiringuito, pr\u00e9vient les titulaires: \u201cLes titulaires doivent se r\u00e9veiller, peu importe leur nom. (&#8230;) Vinicius et Mbapp\u00e9 sont sortis, et nous avons vu leurs rempla\u00e7ants en action&#8230; Personne n\u2019est intouchable ici!\u201d<\/p>\n\n\n\n<p>Le Mundo Deportivo \u00e9voque un Mbapp\u00e9 \u201cd\u00e9boussol\u00e9\u201d: \u201cLe Fran\u00e7ais a fait ses d\u00e9buts \u00e0 Bernab\u00e9u en tant que joueur du Real Madrid et a tout donn\u00e9, mais en tant qu\u2019avant-centre, il est loin d\u2019\u00eatre un joueur d\u00e9cisif.\u201d<\/p>\n\n\n\n<h2 class=\"wp-block-heading\">Carlo Ancelotti prend sa d\u00e9fense<\/h2>\n\n\n\n<p>\u201cC\u2019est un attaquant spectaculaire, tr\u00e8s rapide, il se d\u00e9place bien sans le ballon, il attaque la profondeur&#8230; Il a eu trois ou quatre occasions ce soir et je crois que dans cette position (de 9) il va marquer, comme il l\u2019a toujours fait. Je ne pense pas qu\u2019il ait besoin de jouer \u00e0 gauche ou ailleurs, il va marquer des buts dans l\u2019axe\u201d, a estim\u00e9 l\u2019entra\u00eeneur madril\u00e8ne Carlo Ancelotti \u00e0 son sujet en conf\u00e9rence de presse.<\/p>\n\n\n\n<p><strong>T.D<\/strong> &#8211; \u00a0<strong>Source:<\/strong>\u00a0AFP, BFM TV<\/p>\n","protected":false},"excerpt":{"rendered":"<p>\u201cIl est loin d\u2019\u00eatre un joueur d\u00e9cisif\u201d, \u201cil a encore du pain sur la planche\u201d: Toujours en manque d\u2019automatismes, le<\/p>\n","protected":false},"author":1,"featured_media":38582,"comment_status":"open","ping_status":"open","sticky":false,"template":"","format":"standard","meta":{"footnotes":""},"categories":[9],"tags":[],"class_list":["post-40889","post","type-post","status-publish","format-standard","has-post-thumbnail","hentry","category-sports"],"_links":{"self":[{"href":"https:\/\/dekkbi.com\/index.php?rest_route=\/wp\/v2\/posts\/40889","targetHints":{"allow":["GET"]}}],"collection":[{"href":"https:\/\/dekkbi.com\/index.php?rest_route=\/wp\/v2\/posts"}],"about":[{"href":"https:\/\/dekkbi.com\/index.php?rest_route=\/wp\/v2\/types\/post"}],"author":[{"embeddable":true,"href":"https:\/\/dekkbi.com\/index.php?rest_route=\/wp\/v2\/users\/1"}],"replies":[{"embeddable":true,"href":"https:\/\/dekkbi.com\/index.php?rest_route=%2Fwp%2Fv2%2Fcomments&post=40889"}],"version-history":[{"count":4,"href":"https:\/\/dekkbi.com\/index.php?rest_route=\/wp\/v2\/posts\/40889\/revisions"}],"predecessor-version":[{"id":40893,"href":"https:\/\/dekkbi.com\/index.php?rest_route=\/wp\/v2\/posts\/40889\/revisions\/40893"}],"wp:featuredmedia":[{"embeddable":true,"href":"https:\/\/dekkbi.com\/index.php?rest_route=\/wp\/v2\/media\/38582"}],"wp:attachment":[{"href":"https:\/\/dekkbi.com\/index.php?rest_route=%2Fwp%2Fv2%2Fmedia&parent=40889"}],"wp:term":[{"taxonomy":"category","embeddable":true,"href":"https:\/\/dekkbi.com\/index.php?rest_route=%2Fwp%2Fv2%2Fcategories&post=40889"},{"taxonomy":"post_tag","embeddable":true,"href":"https:\/\/dekkbi.com\/index.php?rest_route=%2Fwp%2Fv2%2Ftags&post=40889"}],"curies":[{"name":"wp","href":"https:\/\/api.w.org\/{rel}","templated":true}]}}