{"id":40844,"date":"2024-08-26T09:47:47","date_gmt":"2024-08-26T09:47:47","guid":{"rendered":"https:\/\/dekkbi.com\/?p=40844"},"modified":"2024-08-26T09:47:47","modified_gmt":"2024-08-26T09:47:47","slug":"alioune-tine-dafrica-jom-center-la-presse-au-senegal-est-malade","status":"publish","type":"post","link":"https:\/\/dekkbi.com\/?p=40844","title":{"rendered":"Alioune Tine d\u2019Africa Jom Center: \u00abLa presse au S\u00e9n\u00e9gal est malade\u00bb"},"content":{"rendered":"\n<p><strong>Invit\u00e9 de l\u2019\u00e9mission Grand Jury de la Rfm, dimanche 25 ao\u00fbt, Alioune Tine a pass\u00e9 en revue les sujets les plus br\u00fblants de l\u2019actualit\u00e9. Le fondateur du think tank Africa Jom Center a exprim\u00e9 son avis sur la situation actuelle de la presse. Pour M. Tine \u00ab&nbsp;la presse au S\u00e9n\u00e9gal est malade&nbsp;\u00bb.<\/strong><\/p>\n\n\n\n<p>Cependant, M.Tine a reconnu tout de m\u00eame que depuis la fin des ann\u00e9es 90, o\u00f9 nous avons vu la naissance de la presse priv\u00e9e, \u00ab la presse a jou\u00e9 un r\u00f4le fondamental dans toutes les alternances politiques. Et cette derni\u00e8re n\u2019a jamais \u00e9t\u00e9 toujours prot\u00e9g\u00e9 ou soutenu par les diff\u00e9rents r\u00e9gimes \u00bb. \u00ab Je me rappelle les \u00e9ditos sur la question du monstre avec Babacar Tour\u00e9 du Sud. Mais \u00e7a se termine tout temps par le dialogue \u00bb&nbsp; s\u2019est souvenu l\u2019ancien pr\u00e9sident du Raddho.&nbsp; D\u2019apr\u00e8s M. Tine, la presse est un pilier essentiel de la d\u00e9mocratie au S\u00e9n\u00e9gal. Les entreprises de presse ne peuvent pas \u00eatre consid\u00e9r\u00e9es, dit-il, comme des entreprises normales.<\/p>\n\n\n\n<p>Pour l\u2019ancien pr\u00e9sident de Amnesty International, le budget de la presse internationale d\u00e9passe de tr\u00e8s loin celle nationale. De son avis, c\u2019est \u00e0 la limite incomparable. Alioune Tine de d\u00e9fendre qu\u2019il faut mettre les moyens n\u00e9cessaires pour la presse. Le fondateur du think tank Africa Jom Center se dit enti\u00e8rement d\u2019accord avec le Pr\u00e9sident de la R\u00e9publique. \u00ab&nbsp;Je souscris 5\/5 avec Pr\u00e9sident Diomaye. Il faut dialoguer, il faut absolument r\u00e9nover le secteur de la presse \u00bb. Selon M. Tine \u00ab&nbsp;il faut un examen clinique dans le domaine de la presse parce que les choses bougent dans le&nbsp;secteur avec le digital, le num\u00e9rique&nbsp;\u00bb.<\/p>\n\n\n\n<p>En ce qui concerne le bras de fer entre le ministre du secteur et les acteurs, M. Tine a d\u00e9clar\u00e9&nbsp;que \u00ab&nbsp;le d\u00e9bat entre le ministre et la presse ne profite \u00e0 personne. Ni le gouvernement ni \u00e1&nbsp;la presse. ni m\u00eame les souteneurs qu\u2019on voit dans la presse&nbsp;\u00bb. \u00ab&nbsp;Aujourd\u2019hui tout le monde est d\u2019accord que les entreprises de presse ne sont pas rentables. Elles ont besoin d\u2019\u00eatre soutenues et innov\u00e9es. Je suis totalement d\u2019accord avec le mot r\u00e9nov\u00e9 du Pr\u00e9sident de la R\u00e9publique par rapport aux nouveaux outils de communication et par rapport aussi au pass\u00e9&nbsp;\u00bb fait-il savoir.&nbsp; L\u2019ancien leader du mouvement M23 a pens\u00e9 qu\u2019il faut essayer de d\u00e9gager une \u00ab&nbsp;vision 21e si\u00e8cle de la presse s\u00e9n\u00e9galaise et l\u2019appliquer&nbsp;\u00bb pour r\u00e9gler la situation de la presse.<\/p>\n\n\n\n<p>SOURCE SUDQUOTIDIEN<\/p>\n","protected":false},"excerpt":{"rendered":"<p>Invit\u00e9 de l\u2019\u00e9mission Grand Jury de la Rfm, dimanche 25 ao\u00fbt, Alioune Tine a pass\u00e9 en revue les sujets les<\/p>\n","protected":false},"author":1,"featured_media":40605,"comment_status":"open","ping_status":"open","sticky":false,"template":"","format":"standard","meta":{"footnotes":""},"categories":[21],"tags":[],"class_list":["post-40844","post","type-post","status-publish","format-standard","has-post-thumbnail","hentry","category-societe"],"_links":{"self":[{"href":"https:\/\/dekkbi.com\/index.php?rest_route=\/wp\/v2\/posts\/40844","targetHints":{"allow":["GET"]}}],"collection":[{"href":"https:\/\/dekkbi.com\/index.php?rest_route=\/wp\/v2\/posts"}],"about":[{"href":"https:\/\/dekkbi.com\/index.php?rest_route=\/wp\/v2\/types\/post"}],"author":[{"embeddable":true,"href":"https:\/\/dekkbi.com\/index.php?rest_route=\/wp\/v2\/users\/1"}],"replies":[{"embeddable":true,"href":"https:\/\/dekkbi.com\/index.php?rest_route=%2Fwp%2Fv2%2Fcomments&post=40844"}],"version-history":[{"count":1,"href":"https:\/\/dekkbi.com\/index.php?rest_route=\/wp\/v2\/posts\/40844\/revisions"}],"predecessor-version":[{"id":40845,"href":"https:\/\/dekkbi.com\/index.php?rest_route=\/wp\/v2\/posts\/40844\/revisions\/40845"}],"wp:featuredmedia":[{"embeddable":true,"href":"https:\/\/dekkbi.com\/index.php?rest_route=\/wp\/v2\/media\/40605"}],"wp:attachment":[{"href":"https:\/\/dekkbi.com\/index.php?rest_route=%2Fwp%2Fv2%2Fmedia&parent=40844"}],"wp:term":[{"taxonomy":"category","embeddable":true,"href":"https:\/\/dekkbi.com\/index.php?rest_route=%2Fwp%2Fv2%2Fcategories&post=40844"},{"taxonomy":"post_tag","embeddable":true,"href":"https:\/\/dekkbi.com\/index.php?rest_route=%2Fwp%2Fv2%2Ftags&post=40844"}],"curies":[{"name":"wp","href":"https:\/\/api.w.org\/{rel}","templated":true}]}}