{"id":40733,"date":"2024-08-23T15:08:06","date_gmt":"2024-08-23T15:08:06","guid":{"rendered":"https:\/\/dekkbi.com\/?p=40733"},"modified":"2024-08-23T15:08:07","modified_gmt":"2024-08-23T15:08:07","slug":"des-risques-de-debordement-du-fleuve-senegal-entre-bakel-et-matam","status":"publish","type":"post","link":"https:\/\/dekkbi.com\/?p=40733","title":{"rendered":"Des \u2018\u2019risques de d\u00e9bordement\u2019\u2019 du fleuve S\u00e9n\u00e9gal, entre Bakel et Matam"},"content":{"rendered":"\n<p>Le directeur de la gestion et de la planification des ressources en eau, Bakary Faty, a signal\u00e9, jeudi, des \u201crisques de d\u00e9bordement\u201d du fleuve S\u00e9n\u00e9gal, entre Bakel (est) et Matam (nord).<\/p>\n\n\n\n<p>\u201c\u00c0 la date de ce jeudi 22 ao\u00fbt 2024, le niveau de l\u2019eau \u00e0 Bakel, qui \u00e9tait de 9,52 m\u00e8tres \u00e0 8 heures, est mont\u00e9 \u00e0 9,57 m\u00e8tres \u00e0 12 heures, \u00e0 43 centim\u00e8tres seulement de la cote d\u2019alerte, qui est de 10 m\u00e8tres\u201d, a-t-il not\u00e9 dans un communiqu\u00e9.\u201c<\/p>\n\n\n\n<p>Par cons\u00e9quent, a ajout\u00e9 M. Faty, si la tendance pluviom\u00e9trique actuelle se poursuit, le seuil critique pourrait \u00eatre atteint dans les prochaines heures, ce qui entra\u00eenerait des d\u00e9bordements du fleuve par endroits, notamment sur l\u2019axe Bakel-Matam.\u201d<\/p>\n\n\n\n<p>En raison de \u201cces informations, le minist\u00e8re de l\u2019Hydraulique et de l\u2019Assainissement invite les populations riveraines et [celles exer\u00e7ant des] activit\u00e9s aux abords du fleuve S\u00e9n\u00e9gal [\u2026] \u00e0 observer une vigilance maximale\u201d, lit-on dans le communiqu\u00e9.<\/p>\n\n\n\n<p>Il est recommand\u00e9 aussi aux personnes vivant pr\u00e8s de ce cours d\u2019eau de \u201cprendre toutes les dispositions n\u00e9cessaires pour se pr\u00e9munir d\u2019\u00e9ventuels d\u00e9g\u00e2ts qui seraient li\u00e9s [\u00e0 son] d\u00e9bordement\u201d.<\/p>\n\n\n\n<p>\u201cDans le cadre de la pr\u00e9vention des inondations, le minist\u00e8re de l\u2019Hydraulique et de l\u2019Assainissement assure un suivi permanent de la situation hydrologique des fleuves S\u00e9n\u00e9gal et Gambie, \u00e0 travers les stations hydrom\u00e9triques install\u00e9es \u00e0 cet effet\u201d, a assur\u00e9 Bakary Faty.<\/p>\n\n\n\n<p>Aps<\/p>\n\n\n\n<p><\/p>\n\n\n\n<p><\/p>\n","protected":false},"excerpt":{"rendered":"<p>Le directeur de la gestion et de la planification des ressources en eau, Bakary Faty, a signal\u00e9, jeudi, des \u201crisques<\/p>\n","protected":false},"author":1,"featured_media":40734,"comment_status":"open","ping_status":"open","sticky":false,"template":"","format":"standard","meta":{"footnotes":""},"categories":[21],"tags":[],"class_list":["post-40733","post","type-post","status-publish","format-standard","has-post-thumbnail","hentry","category-societe"],"_links":{"self":[{"href":"https:\/\/dekkbi.com\/index.php?rest_route=\/wp\/v2\/posts\/40733","targetHints":{"allow":["GET"]}}],"collection":[{"href":"https:\/\/dekkbi.com\/index.php?rest_route=\/wp\/v2\/posts"}],"about":[{"href":"https:\/\/dekkbi.com\/index.php?rest_route=\/wp\/v2\/types\/post"}],"author":[{"embeddable":true,"href":"https:\/\/dekkbi.com\/index.php?rest_route=\/wp\/v2\/users\/1"}],"replies":[{"embeddable":true,"href":"https:\/\/dekkbi.com\/index.php?rest_route=%2Fwp%2Fv2%2Fcomments&post=40733"}],"version-history":[{"count":1,"href":"https:\/\/dekkbi.com\/index.php?rest_route=\/wp\/v2\/posts\/40733\/revisions"}],"predecessor-version":[{"id":40735,"href":"https:\/\/dekkbi.com\/index.php?rest_route=\/wp\/v2\/posts\/40733\/revisions\/40735"}],"wp:featuredmedia":[{"embeddable":true,"href":"https:\/\/dekkbi.com\/index.php?rest_route=\/wp\/v2\/media\/40734"}],"wp:attachment":[{"href":"https:\/\/dekkbi.com\/index.php?rest_route=%2Fwp%2Fv2%2Fmedia&parent=40733"}],"wp:term":[{"taxonomy":"category","embeddable":true,"href":"https:\/\/dekkbi.com\/index.php?rest_route=%2Fwp%2Fv2%2Fcategories&post=40733"},{"taxonomy":"post_tag","embeddable":true,"href":"https:\/\/dekkbi.com\/index.php?rest_route=%2Fwp%2Fv2%2Ftags&post=40733"}],"curies":[{"name":"wp","href":"https:\/\/api.w.org\/{rel}","templated":true}]}}