{"id":40690,"date":"2024-08-22T09:48:18","date_gmt":"2024-08-22T09:48:18","guid":{"rendered":"https:\/\/dekkbi.com\/?p=40690"},"modified":"2024-08-22T09:48:52","modified_gmt":"2024-08-22T09:48:52","slug":"universite-cheikh-anta-diop-de-dakar-le-campus-social-ferme-ce-jeudi-les-etudiants-denoncent","status":"publish","type":"post","link":"https:\/\/dekkbi.com\/?p=40690","title":{"rendered":"UCAD: le campus social ferm\u00e9 ce jeudi, les \u00e9tudiants d\u00e9noncent"},"content":{"rendered":"\n<p><strong>La Direction du Centre des \u0153uvres universitaires de Dakar (Coud) a annonc\u00e9 la fermeture du campus social de l\u2019Universit\u00e9 Cheikh Anta Diop de Dakar pour ce jeudi 22 ao\u00fbt 2024. Cependant, le Collectif des amicales de l\u2019Ucad d\u00e9nonce cette d\u00e9cision et lui demande de repousser la date.<\/strong><\/p>\n\n\n\n<p>Le campus social de l\u2019Universit\u00e9 Cheikh Anta Diop de Dakar (Ucad) sera ferm\u00e9 \u00e0 partir de ce jeudi 22 ao\u00fbt 2024 \u00e0 18 heures jusqu\u2019\u00e0 nouvel ordre. L\u2019annonce est de la Direction du Centre des \u0153uvres universitaires de Dakar (Coud) par le biais d\u2019une note d\u2019informations. Cependant, le Collectif des amicales de l\u2019Ucad n\u2019est pas d\u2019accord avec cette d\u00e9cision des autorit\u00e9s. Il a exprim\u00e9 tout son m\u00e9contentement dans une d\u00e9claration.<\/p>\n\n\n\n<p>\u00abCette d\u00e9cision unilat\u00e9rale, non concert\u00e9e et irr\u00e9fl\u00e9chie rel\u00e8ve d\u2019un amateurisme de premier ordre de la part du Coud. En effet, elle survient \u00e0 une p\u00e9riode o\u00f9 le campus est vid\u00e9 de la majeure partie de ses \u00e9tudiants qui sont actuellement \u00e0 Touba pour la c\u00e9l\u00e9bration du Grand Magal, de plus il y a des facult\u00e9s comme celle des Sciences \u00c9conomiques et de Gestion (Faseg) et la Facult\u00e9 des Sciences Juridiques et Politiques (Fsjp) qui n\u2019ont pas encore termin\u00e9 leurs cours&nbsp;\u00bb, lit-on dans un communiqu\u00e9.<\/p>\n\n\n\n<p>Tout de m\u00eame, il faut dire que la Direction du Coud a fait savoir que \u00ab&nbsp;les \u00e9tudiants r\u00e9guli\u00e8rement enr\u00f4l\u00e9s, inscrits en Droit (Licence l \u00e0 Master1) et FASEG (Licence l), sont pri\u00e9s de se rapprocher de leurs pr\u00e9sidents et pr\u00e9sidents de commissions sociales. Ce, \u00aben raison de leurs activit\u00e9s p\u00e9dagogiques (examens, travaux dirig\u00e9s), une prise en charge sociale exceptionnelle est pr\u00e9vue du 23 au 31 ao\u00fbt 2024&nbsp;\u00bb, pr\u00e9cise la Direction du Coud.&nbsp; Ce qui est loin de calmer les \u00e9tudiants. Le Collectif des amicales de l\u2019Universit\u00e9 Cheikh Anta Diop de Dakar lui demande de reconsid\u00e9rer sa d\u00e9cision.<\/p>\n\n\n\n<p>\u00ab&nbsp;Il exige d\u2019elle qu\u2019elle repousse la date de fermeture du Campus Social pour permettre, d\u2019une part aux \u00e9tudiants qui \u00e9taient partis au Magal de revenir et r\u00e9cup\u00e9rer leurs bagages, et d\u2019autre part de permettre aux facult\u00e9s qui n\u2019ont pas encore termin\u00e9 leur ann\u00e9e de pouvoir le faire dans la plus grande des s\u00e9r\u00e9nit\u00e9s&nbsp;\u00bb, selon le communiqu\u00e9. Allant plus loin, le Collectif des amicales de l\u2019Universit\u00e9 Cheikh Anta Diop de Dakar appelle \u00ab&nbsp;tous les \u00e9tudiants au calme et les rassure sur le fait que des d\u00e9cisions d\u2019une telle nature ne peuvent s\u2019appliquer sans concertations pr\u00e9alables&nbsp;\u00bb.<\/p>\n\n\n\n<p><strong>Mariame DJIGO<\/strong><\/p>\n\n\n\n<p>SOURCE SUDQUOTIDIEN<\/p>\n","protected":false},"excerpt":{"rendered":"<p>La Direction du Centre des \u0153uvres universitaires de Dakar (Coud) a annonc\u00e9 la fermeture du campus social de l\u2019Universit\u00e9 Cheikh<\/p>\n","protected":false},"author":1,"featured_media":1755,"comment_status":"open","ping_status":"open","sticky":false,"template":"","format":"standard","meta":{"footnotes":""},"categories":[26],"tags":[],"class_list":["post-40690","post","type-post","status-publish","format-standard","has-post-thumbnail","hentry","category-fait-divers"],"_links":{"self":[{"href":"https:\/\/dekkbi.com\/index.php?rest_route=\/wp\/v2\/posts\/40690","targetHints":{"allow":["GET"]}}],"collection":[{"href":"https:\/\/dekkbi.com\/index.php?rest_route=\/wp\/v2\/posts"}],"about":[{"href":"https:\/\/dekkbi.com\/index.php?rest_route=\/wp\/v2\/types\/post"}],"author":[{"embeddable":true,"href":"https:\/\/dekkbi.com\/index.php?rest_route=\/wp\/v2\/users\/1"}],"replies":[{"embeddable":true,"href":"https:\/\/dekkbi.com\/index.php?rest_route=%2Fwp%2Fv2%2Fcomments&post=40690"}],"version-history":[{"count":2,"href":"https:\/\/dekkbi.com\/index.php?rest_route=\/wp\/v2\/posts\/40690\/revisions"}],"predecessor-version":[{"id":40692,"href":"https:\/\/dekkbi.com\/index.php?rest_route=\/wp\/v2\/posts\/40690\/revisions\/40692"}],"wp:featuredmedia":[{"embeddable":true,"href":"https:\/\/dekkbi.com\/index.php?rest_route=\/wp\/v2\/media\/1755"}],"wp:attachment":[{"href":"https:\/\/dekkbi.com\/index.php?rest_route=%2Fwp%2Fv2%2Fmedia&parent=40690"}],"wp:term":[{"taxonomy":"category","embeddable":true,"href":"https:\/\/dekkbi.com\/index.php?rest_route=%2Fwp%2Fv2%2Fcategories&post=40690"},{"taxonomy":"post_tag","embeddable":true,"href":"https:\/\/dekkbi.com\/index.php?rest_route=%2Fwp%2Fv2%2Ftags&post=40690"}],"curies":[{"name":"wp","href":"https:\/\/api.w.org\/{rel}","templated":true}]}}