{"id":40687,"date":"2024-08-22T09:46:44","date_gmt":"2024-08-22T09:46:44","guid":{"rendered":"https:\/\/dekkbi.com\/?p=40687"},"modified":"2024-08-22T10:33:58","modified_gmt":"2024-08-22T10:33:58","slug":"allumage-de-la-centrale-wae-a-cap-des-biches-un-pas-decisif-vers-lindependance-energetique-du-senegal","status":"publish","type":"post","link":"https:\/\/dekkbi.com\/?p=40687","title":{"rendered":"Centrale WAE \u00e0 Cap des Biches: Un Pas D\u00e9cisif Vers l&rsquo;Ind\u00e9pendance \u00c9nerg\u00e9tique du S\u00e9n\u00e9gal"},"content":{"rendered":"\n<p>Aujourd&rsquo;hui, le S\u00e9n\u00e9gal franchit une nouvelle \u00e9tape dans son d\u00e9veloppement \u00e9nerg\u00e9tique avec l&rsquo;allumage de la centrale \u00e9lectrique WAE \u00e0 Cap des Biches. Ce projet, financ\u00e9 \u00e0 hauteur de 283 milliards de FCFA par des investisseurs priv\u00e9s s\u00e9n\u00e9galais, marque un tournant dans l&rsquo;histoire \u00e9nerg\u00e9tique du pays. Avec une capacit\u00e9 de 300 MW, cette centrale est appel\u00e9e \u00e0 r\u00e9duire les co\u00fbts de production de Senelec, renfor\u00e7ant ainsi l&rsquo;ind\u00e9pendance \u00e9nerg\u00e9tique du S\u00e9n\u00e9gal.<\/p>\n\n\n\n<p>Les Acteurs Derri\u00e8re le Projet :<\/p>\n\n\n\n<p>L&rsquo;initiative de cette centrale revient \u00e0 des personnalit\u00e9s influentes du secteur priv\u00e9 s\u00e9n\u00e9galais. Samuel Sarr, ancien ministre de l\u2019\u00c9nergie, est l&rsquo;un des principaux artisans de ce projet, aux c\u00f4t\u00e9s de Harouna Dia, Moustapha Ndiaye, Abdoulaye Dia de Senico, et Khadim Ba de Locafrique. Ces investisseurs ont montr\u00e9 un patriotisme exemplaire en mobilisant les fonds n\u00e9cessaires pour la r\u00e9alisation de cette infrastructure cl\u00e9.<\/p>\n\n\n\n<p>Impact \u00c9conomique et \u00c9nerg\u00e9tique :<\/p>\n\n\n\n<p>La centrale WAE est la premi\u00e8re au S\u00e9n\u00e9gal \u00e0 \u00eatre enti\u00e8rement financ\u00e9e par des priv\u00e9s nationaux. Son allumage aujourd&rsquo;hui inaugure une nouvelle \u00e8re pour l&rsquo;approvisionnement en \u00e9lectricit\u00e9 du pays. Cette infrastructure contribuera non seulement \u00e0 stabiliser l&rsquo;approvisionnement en \u00e9lectricit\u00e9, mais aussi \u00e0 r\u00e9duire consid\u00e9rablement les co\u00fbts pour les consommateurs s\u00e9n\u00e9galais. De plus, elle s&rsquo;inscrit dans le programme \u00ab\u00a0Gaz to Power\u00a0\u00bb qui vise \u00e0 utiliser le gaz local pour produire une \u00e9lectricit\u00e9 plus abordable.<\/p>\n\n\n\n<p>Le Soutien \u00e0 la strat\u00e9gie \u00a0\u00bb Gas to Power\u00a0\u00bb:<\/p>\n\n\n\n<p>Ce projet s&rsquo;inscrit \u00e9galement dans la vision du Gouvernement du S\u00e9n\u00e9gal port\u00e9e par Diomaye Faye et Ousmane Sonko, de r\u00e9duire les co\u00fbts de l&rsquo;\u00e9lectricit\u00e9 pour tous les S\u00e9n\u00e9galais. Leurs efforts pour soutenir des initiatives neutres et b\u00e9n\u00e9fiques \u00e0 la population sont salu\u00e9s, et l&rsquo;allumage de cette centrale en est une illustration concr\u00e8te.<\/p>\n\n\n\n<p>Conclusion :<\/p>\n\n\n\n<p>Le S\u00e9n\u00e9gal se dirige vers une nouvelle \u00e8re d&rsquo;ind\u00e9pendance \u00e9nerg\u00e9tique, gr\u00e2ce \u00e0 des initiatives priv\u00e9es patriotiques. L&rsquo;allumage de la centrale WAE \u00e0 Cap des Biches est une \u00e9tape cruciale dans ce processus, promettant une r\u00e9duction des co\u00fbts de production et un meilleur acc\u00e8s \u00e0 l&rsquo;\u00e9lectricit\u00e9 pour tous. Ce projet montre ce que le S\u00e9n\u00e9gal peut accomplir lorsque ses fils et filles unissent leurs forces pour le bien commun.<\/p>\n\n\n\n<p>Nd\u00e8ye Fatou K\u00e9b\u00e9<\/p>\n\n\n\n<p>SOURCE LERAL<\/p>\n","protected":false},"excerpt":{"rendered":"<p>Aujourd&rsquo;hui, le S\u00e9n\u00e9gal franchit une nouvelle \u00e9tape dans son d\u00e9veloppement \u00e9nerg\u00e9tique avec l&rsquo;allumage de la centrale \u00e9lectrique WAE \u00e0 Cap<\/p>\n","protected":false},"author":1,"featured_media":40688,"comment_status":"open","ping_status":"open","sticky":false,"template":"","format":"standard","meta":{"footnotes":""},"categories":[3],"tags":[],"class_list":["post-40687","post","type-post","status-publish","format-standard","has-post-thumbnail","hentry","category-event-more-news"],"_links":{"self":[{"href":"https:\/\/dekkbi.com\/index.php?rest_route=\/wp\/v2\/posts\/40687","targetHints":{"allow":["GET"]}}],"collection":[{"href":"https:\/\/dekkbi.com\/index.php?rest_route=\/wp\/v2\/posts"}],"about":[{"href":"https:\/\/dekkbi.com\/index.php?rest_route=\/wp\/v2\/types\/post"}],"author":[{"embeddable":true,"href":"https:\/\/dekkbi.com\/index.php?rest_route=\/wp\/v2\/users\/1"}],"replies":[{"embeddable":true,"href":"https:\/\/dekkbi.com\/index.php?rest_route=%2Fwp%2Fv2%2Fcomments&post=40687"}],"version-history":[{"count":2,"href":"https:\/\/dekkbi.com\/index.php?rest_route=\/wp\/v2\/posts\/40687\/revisions"}],"predecessor-version":[{"id":40714,"href":"https:\/\/dekkbi.com\/index.php?rest_route=\/wp\/v2\/posts\/40687\/revisions\/40714"}],"wp:featuredmedia":[{"embeddable":true,"href":"https:\/\/dekkbi.com\/index.php?rest_route=\/wp\/v2\/media\/40688"}],"wp:attachment":[{"href":"https:\/\/dekkbi.com\/index.php?rest_route=%2Fwp%2Fv2%2Fmedia&parent=40687"}],"wp:term":[{"taxonomy":"category","embeddable":true,"href":"https:\/\/dekkbi.com\/index.php?rest_route=%2Fwp%2Fv2%2Fcategories&post=40687"},{"taxonomy":"post_tag","embeddable":true,"href":"https:\/\/dekkbi.com\/index.php?rest_route=%2Fwp%2Fv2%2Ftags&post=40687"}],"curies":[{"name":"wp","href":"https:\/\/api.w.org\/{rel}","templated":true}]}}