{"id":40684,"date":"2024-08-22T09:44:08","date_gmt":"2024-08-22T09:44:08","guid":{"rendered":"https:\/\/dekkbi.com\/?p=40684"},"modified":"2024-08-22T09:44:37","modified_gmt":"2024-08-22T09:44:37","slug":"grand-magal-de-touba-une-delegation-du-parti-reew-mi-a-represente-le-president-idrissa-seck-aupres-des-autorites-religieuses-de-touba-ce-mercredi","status":"publish","type":"post","link":"https:\/\/dekkbi.com\/?p=40684","title":{"rendered":"Grand Magal de Touba : Une d\u00e9l\u00e9gation du Parti R\u00e9ew Mi a repr\u00e9sent\u00e9 le Pr\u00e9sident Idrissa Seck aupr\u00e8s des autorit\u00e9s religieuses de Touba, ce Mercredi"},"content":{"rendered":"\n<p>R\u00e9dig\u00e9 par leral.net le Jeudi 22 Ao\u00fbt 2024 \u00e0 01:52<\/p>\n\n\n\n<h3 class=\"wp-block-heading\">Ce Mercredi 21 Ao\u00fbt 2024, une d\u00e9l\u00e9gation du Parti R\u00e9ew Mi a repr\u00e9sent\u00e9 le Pr\u00e9sident Idrissa Seck aupr\u00e8s des autorit\u00e9s religieuses de Touba. La d\u00e9l\u00e9gation conduite par le Ministre Yankhoba Diatara, Directeur de Cabinet du Pr\u00e9sident Idrissa Seck, comprenait le Vice Pr\u00e9sident Dr Abdoulaye Ndoye, le Secr\u00e9taire G\u00e9n\u00e9ral Matar Seye, Aminata Ndiaye Tr\u00e9sori\u00e8re adjointe, Khadim Fall SN, le maire Alioune Sow SN, Saer Mangane, Cheikh Lo, Amadou Sidib\u00e9, Abdou Aziz Mbaye et Issakha Mbaye.<\/h3>\n\n\n\n<p>Serigne Moussa Nawel qui a re\u00e7u la d\u00e9l\u00e9gation au nom du Khalife, a r\u00e9it\u00e9r\u00e9 ses encouragements au Pr\u00e9sident Idrissa Seck et pri\u00e9 pour la paix au S\u00e9n\u00e9gal.<\/p>\n","protected":false},"excerpt":{"rendered":"<p>R\u00e9dig\u00e9 par leral.net le Jeudi 22 Ao\u00fbt 2024 \u00e0 01:52 Ce Mercredi 21 Ao\u00fbt 2024, une d\u00e9l\u00e9gation du Parti R\u00e9ew<\/p>\n","protected":false},"author":1,"featured_media":40685,"comment_status":"open","ping_status":"open","sticky":false,"template":"","format":"standard","meta":{"footnotes":""},"categories":[6],"tags":[],"class_list":["post-40684","post","type-post","status-publish","format-standard","has-post-thumbnail","hentry","category-politics"],"_links":{"self":[{"href":"https:\/\/dekkbi.com\/index.php?rest_route=\/wp\/v2\/posts\/40684","targetHints":{"allow":["GET"]}}],"collection":[{"href":"https:\/\/dekkbi.com\/index.php?rest_route=\/wp\/v2\/posts"}],"about":[{"href":"https:\/\/dekkbi.com\/index.php?rest_route=\/wp\/v2\/types\/post"}],"author":[{"embeddable":true,"href":"https:\/\/dekkbi.com\/index.php?rest_route=\/wp\/v2\/users\/1"}],"replies":[{"embeddable":true,"href":"https:\/\/dekkbi.com\/index.php?rest_route=%2Fwp%2Fv2%2Fcomments&post=40684"}],"version-history":[{"count":1,"href":"https:\/\/dekkbi.com\/index.php?rest_route=\/wp\/v2\/posts\/40684\/revisions"}],"predecessor-version":[{"id":40686,"href":"https:\/\/dekkbi.com\/index.php?rest_route=\/wp\/v2\/posts\/40684\/revisions\/40686"}],"wp:featuredmedia":[{"embeddable":true,"href":"https:\/\/dekkbi.com\/index.php?rest_route=\/wp\/v2\/media\/40685"}],"wp:attachment":[{"href":"https:\/\/dekkbi.com\/index.php?rest_route=%2Fwp%2Fv2%2Fmedia&parent=40684"}],"wp:term":[{"taxonomy":"category","embeddable":true,"href":"https:\/\/dekkbi.com\/index.php?rest_route=%2Fwp%2Fv2%2Fcategories&post=40684"},{"taxonomy":"post_tag","embeddable":true,"href":"https:\/\/dekkbi.com\/index.php?rest_route=%2Fwp%2Fv2%2Ftags&post=40684"}],"curies":[{"name":"wp","href":"https:\/\/api.w.org\/{rel}","templated":true}]}}