{"id":40682,"date":"2024-08-22T09:41:38","date_gmt":"2024-08-22T09:41:38","guid":{"rendered":"https:\/\/dekkbi.com\/?p=40682"},"modified":"2024-08-22T09:41:38","modified_gmt":"2024-08-22T09:41:38","slug":"plainte-contre-x-dans-laffaire-onas-tas-joint-lacte-a-la-parole","status":"publish","type":"post","link":"https:\/\/dekkbi.com\/?p=40682","title":{"rendered":"Plainte contre X dans l\u2019affaire \u00ab\u00a0ONAS\u00a0\u00bb : TAS joint l\u2019acte \u00e0 la parole"},"content":{"rendered":"\n<p>Annonc\u00e9 hier, \u00e0 travers sa page X ( anciennement Tweeter) le d\u00e9put\u00e9 Thierno Alassane Sall, d\u00e9pos\u00e9 ce mercredi sa plainte contre X dans ce qu\u2019il qualifie d\u2019Affaire ONAS. Le pr\u00e9sident du parti le R\u00e9publique des Valeurs l\u2019a confirm\u00e9 ce soir via ses r\u00e9seaux sociaux. \u00ab&nbsp;Ce matin, j\u2019ai mandat\u00e9, au bureau du Procureur de la R\u00e9publique, un de mes conseillers juridiques, accompagn\u00e9 d\u2019une Responsable de notre parti pour d\u00e9poser la plainte que j\u2019ai annonc\u00e9e hier&nbsp;\u00bb, a indiqu\u00e9 Thierno Alassane Sall, d\u00e9put\u00e9 non align\u00e9 \u00e0 l\u2019assembl\u00e9e nationale.<\/p>\n\n\n\n<p>Pour l\u2019honorable d\u00e9put\u00e9, \u00ab&nbsp;D\u00e9sormais la balle est dans le camp de l\u2019autorit\u00e9 judiciaire afin que les S\u00e9n\u00e9galais puissent \u00eatre \u00e9difi\u00e9s sur cette \u00ab AFFAIRE ONAS \u00bb.&nbsp;\u00bb<\/p>\n\n\n\n<figure class=\"wp-block-image\"><img decoding=\"async\" src=\"https:\/\/senego.com\/wp-content\/uploads\/2024\/08\/plainte-thierno-alassane-sall-1.jpg\" alt=\"\"\/><\/figure>\n\n\n\n<figure class=\"wp-block-image\"><img decoding=\"async\" src=\"https:\/\/senego.com\/wp-content\/uploads\/2024\/08\/plainte-thierno-alassane-sall-2.jpg\" alt=\"\"\/><\/figure>\n\n\n\n<p>O G &#8211; SOURCE SUDQUOTIDIEN<\/p>\n","protected":false},"excerpt":{"rendered":"<p>Annonc\u00e9 hier, \u00e0 travers sa page X ( anciennement Tweeter) le d\u00e9put\u00e9 Thierno Alassane Sall, d\u00e9pos\u00e9 ce mercredi sa plainte<\/p>\n","protected":false},"author":1,"featured_media":3621,"comment_status":"open","ping_status":"open","sticky":false,"template":"","format":"standard","meta":{"footnotes":""},"categories":[26],"tags":[],"class_list":["post-40682","post","type-post","status-publish","format-standard","has-post-thumbnail","hentry","category-fait-divers"],"_links":{"self":[{"href":"https:\/\/dekkbi.com\/index.php?rest_route=\/wp\/v2\/posts\/40682","targetHints":{"allow":["GET"]}}],"collection":[{"href":"https:\/\/dekkbi.com\/index.php?rest_route=\/wp\/v2\/posts"}],"about":[{"href":"https:\/\/dekkbi.com\/index.php?rest_route=\/wp\/v2\/types\/post"}],"author":[{"embeddable":true,"href":"https:\/\/dekkbi.com\/index.php?rest_route=\/wp\/v2\/users\/1"}],"replies":[{"embeddable":true,"href":"https:\/\/dekkbi.com\/index.php?rest_route=%2Fwp%2Fv2%2Fcomments&post=40682"}],"version-history":[{"count":1,"href":"https:\/\/dekkbi.com\/index.php?rest_route=\/wp\/v2\/posts\/40682\/revisions"}],"predecessor-version":[{"id":40683,"href":"https:\/\/dekkbi.com\/index.php?rest_route=\/wp\/v2\/posts\/40682\/revisions\/40683"}],"wp:featuredmedia":[{"embeddable":true,"href":"https:\/\/dekkbi.com\/index.php?rest_route=\/wp\/v2\/media\/3621"}],"wp:attachment":[{"href":"https:\/\/dekkbi.com\/index.php?rest_route=%2Fwp%2Fv2%2Fmedia&parent=40682"}],"wp:term":[{"taxonomy":"category","embeddable":true,"href":"https:\/\/dekkbi.com\/index.php?rest_route=%2Fwp%2Fv2%2Fcategories&post=40682"},{"taxonomy":"post_tag","embeddable":true,"href":"https:\/\/dekkbi.com\/index.php?rest_route=%2Fwp%2Fv2%2Ftags&post=40682"}],"curies":[{"name":"wp","href":"https:\/\/api.w.org\/{rel}","templated":true}]}}