{"id":40679,"date":"2024-08-22T09:39:24","date_gmt":"2024-08-22T09:39:24","guid":{"rendered":"https:\/\/dekkbi.com\/?p=40679"},"modified":"2024-08-22T09:39:25","modified_gmt":"2024-08-22T09:39:25","slug":"aibd-le-college-des-delegues-des-agents-de-la-tsa-en-colere-contre-leur-tutelle","status":"publish","type":"post","link":"https:\/\/dekkbi.com\/?p=40679","title":{"rendered":"AIBD: Le coll\u00e8ge des d\u00e9l\u00e9gu\u00e9s des agents de la TSA en col\u00e8re contre leur tutelle"},"content":{"rendered":"\n<p>R\u00e9dig\u00e9 par leral.net <\/p>\n\n\n\n<h3 class=\"wp-block-heading\">Les d\u00e9l\u00e9gu\u00e9s du personnel de Teranga S\u00fbret\u00e9 A\u00e9roportuaire ont tenu un point de presse ce Mercredi 21. Ils ont fait part des nombreuses difficult\u00e9s rencontr\u00e9es par le personnel de la bo\u00eete. Occasion pour eux d\u2019interpeller le Premier ministre Ousmane Sonko.<\/h3>\n\n\n\n<figure class=\"wp-block-embed is-type-rich is-provider-prise-en-charge-des-contenus-embarqu-s wp-block-embed-prise-en-charge-des-contenus-embarqu-s wp-embed-aspect-16-9 wp-has-aspect-ratio\"><div class=\"wp-block-embed__wrapper\">\n<iframe loading=\"lazy\" title=\"AIBD: le coll\u00e8ge des d\u00e9l\u00e9gu\u00e9s des agents de la TSA en col\u00e8re ccontre leur tutelle\" width=\"800\" height=\"450\" src=\"https:\/\/www.youtube.com\/embed\/p9DNiYaAKec?feature=oembed\" frameborder=\"0\" allow=\"accelerometer; autoplay; clipboard-write; encrypted-media; gyroscope; picture-in-picture; web-share\" referrerpolicy=\"strict-origin-when-cross-origin\" allowfullscreen><\/iframe>\n<\/div><\/figure>\n\n\n\n<p>Pour m\u00e9moire, ces derniers avaient observ\u00e9, il y\u2019a quatre mois, un mouvement d\u2019humeur. Et c\u2019\u00e9tait sur demande de leur ministre de tutelle El Malick NDIAYE que les cinq cents agents de la TSA avaient tous cess\u00e9 les ports de brassards rouges. \u00ab La direction g\u00e9n\u00e9rale fait sourde oreille et n\u2019entend pas respecter ses propres engagements, ni l\u2019accord d\u2019\u00e9tablissement qui nous r\u00e9git tous. Nous avons envoy\u00e9 plusieurs lettres aux diff\u00e9rentes structures \u00e9tatiques de l\u2019AIBD et m\u00eame au minist\u00e8re des transports pour leur faire part de nos situations. Mais les difficult\u00e9s perdurent et les agents souffrent de tous les maux.<\/p>\n\n\n\n<p>Et, le comble est que depuis qu\u2019on a tenu notre dernier mouvement d\u2019humeur, les sanctions contre les agents ont multipli\u00e9. Moi-m\u00eame j\u2019ai re\u00e7u une demande d\u2019explication suite \u00e0 une question pos\u00e9e lors d\u2019une r\u00e9union syndicale. Pour vous montrer que la situation est grave et que le ministre en charge du transport a\u00e9rien doit se saisir directement de cette affaire \u00bb, a fait savoir Mouhamed Faye, un des d\u00e9l\u00e9gu\u00e9s.<\/p>\n\n\n\n<p>Magueye Sy a, pour sa part, rappel\u00e9 \u00ab les conditions pr\u00e9caires \u00bb dans lesquelles ils \u00e9voluent au sein de la plateforme a\u00e9roportuaire. Sans compter les revenus mensuels jug\u00e9s tr\u00e8s en de\u00e7\u00e0 des normes et r\u00e9alit\u00e9s du milieu. \u00ab Nous sommes press\u00e9s comme du citron et abandonn\u00e9s \u00e0 notre sort en cas d\u2019incapacit\u00e9 de travail \u00bb , d\u00e9nonce-t-il.<\/p>\n\n\n\n<p>Mbaye Diagne Diaw, lui aussi d\u00e9l\u00e9gu\u00e9 du personnel a tenu \u00e0 attirer l\u2019attention du minist\u00e8re des Transports sur les \u00ab pratiques trompeuses de la hi\u00e9rarchie qui n\u2019h\u00e9site pas \u00e0 envoyer des faux proc\u00e8s verbaux pour justifier sa forfaiture. D\u2019ailleurs certains ont rapport\u00e9 aupr\u00e8s du ministre que ceux qui s\u2019activent sont des politiciens. Ces propos sont faux et sonnent comme une insulte envers l\u2019activit\u00e9 syndicale \u00bb.<\/p>\n\n\n\n<p>Mamadou Fall Diedhiou, lui aussi du coll\u00e8ge des d\u00e9l\u00e9gu\u00e9s a rappel\u00e9 les points de revendications tels que \u00ab la revalorisation des salaires, une prime de prudence pour les chauffeurs, une prime PRESTA, une indemnit\u00e9 de prime de risque d\u00e9nomm\u00e9e ISA, une prime de logement cons\u00e9quente, une salle des op\u00e9rations pour la prestation compagnie. Nous assurons le r\u00e9gime en place que nous restons professionnels, disponibles et ouverts \u00e0 la n\u00e9gociation \u00bb.<\/p>\n","protected":false},"excerpt":{"rendered":"<p>R\u00e9dig\u00e9 par leral.net Les d\u00e9l\u00e9gu\u00e9s du personnel de Teranga S\u00fbret\u00e9 A\u00e9roportuaire ont tenu un point de presse ce Mercredi 21.<\/p>\n","protected":false},"author":1,"featured_media":37139,"comment_status":"open","ping_status":"open","sticky":false,"template":"","format":"standard","meta":{"footnotes":""},"categories":[26],"tags":[],"class_list":["post-40679","post","type-post","status-publish","format-standard","has-post-thumbnail","hentry","category-fait-divers"],"_links":{"self":[{"href":"https:\/\/dekkbi.com\/index.php?rest_route=\/wp\/v2\/posts\/40679","targetHints":{"allow":["GET"]}}],"collection":[{"href":"https:\/\/dekkbi.com\/index.php?rest_route=\/wp\/v2\/posts"}],"about":[{"href":"https:\/\/dekkbi.com\/index.php?rest_route=\/wp\/v2\/types\/post"}],"author":[{"embeddable":true,"href":"https:\/\/dekkbi.com\/index.php?rest_route=\/wp\/v2\/users\/1"}],"replies":[{"embeddable":true,"href":"https:\/\/dekkbi.com\/index.php?rest_route=%2Fwp%2Fv2%2Fcomments&post=40679"}],"version-history":[{"count":1,"href":"https:\/\/dekkbi.com\/index.php?rest_route=\/wp\/v2\/posts\/40679\/revisions"}],"predecessor-version":[{"id":40681,"href":"https:\/\/dekkbi.com\/index.php?rest_route=\/wp\/v2\/posts\/40679\/revisions\/40681"}],"wp:featuredmedia":[{"embeddable":true,"href":"https:\/\/dekkbi.com\/index.php?rest_route=\/wp\/v2\/media\/37139"}],"wp:attachment":[{"href":"https:\/\/dekkbi.com\/index.php?rest_route=%2Fwp%2Fv2%2Fmedia&parent=40679"}],"wp:term":[{"taxonomy":"category","embeddable":true,"href":"https:\/\/dekkbi.com\/index.php?rest_route=%2Fwp%2Fv2%2Fcategories&post=40679"},{"taxonomy":"post_tag","embeddable":true,"href":"https:\/\/dekkbi.com\/index.php?rest_route=%2Fwp%2Fv2%2Ftags&post=40679"}],"curies":[{"name":"wp","href":"https:\/\/api.w.org\/{rel}","templated":true}]}}