{"id":40644,"date":"2024-08-21T12:01:04","date_gmt":"2024-08-21T12:01:04","guid":{"rendered":"https:\/\/dekkbi.com\/?p=40644"},"modified":"2024-08-21T12:12:01","modified_gmt":"2024-08-21T12:12:01","slug":"kylian-mbappe-saisit-la-lfp-et-luefa-pour-regler-son-litige-financier-avec-le-psg-il-reclame-55-millions","status":"publish","type":"post","link":"https:\/\/dekkbi.com\/?p=40644","title":{"rendered":"Kylian Mbapp\u00e9 saisit la Ligue de Football Professionnel et l\u2019UEFA pour r\u00e9gler son litige financier avec le PSG: il r\u00e9clame 55 millions"},"content":{"rendered":"\n<p>Le capitaine de l\u2019\u00e9quipe de France Kylian Mbapp\u00e9 a saisi la commission juridique de la Ligue de football professionnel pour r\u00e9gler son litige financier avec le PSG, son ancien club, a appris l\u2019AFP ce mardi de source proche du dossier, confirmant une information du Monde.<\/p>\n\n\n\n<p>L\u2019attaquant du Real Madrid est engag\u00e9 depuis plusieurs semaines dans un bras de fer avec le PSG, qui a d\u00fb se r\u00e9soudre \u00e0 voir partir libre sa star cet \u00e9t\u00e9, et r\u00e9clame des salaires et primes impay\u00e9s.<\/p>\n\n\n\n<p>Selon Le Monde, Mbapp\u00e9 demande le versement d\u2019une somme de 55 millions d\u2019euros qui comprend \u201cl\u2019ultime tiers d\u2019une prime \u00e0 la signature (36 millions d\u2019euros brut) que le joueur \u00e9tait cens\u00e9 toucher en f\u00e9vrier, les trois derniers mois de salaires pr\u00e9vus dans son contrat (avril, mai, juin), ainsi qu\u2019une prime \u00e9thique sur ces trois mois\u201d.<\/p>\n\n\n\n<p>Le quotidien indique \u00e9galement que Mbapp\u00e9 a aussi saisi l\u2019UEFA par l\u2019interm\u00e9diaire de la F\u00e9d\u00e9ration fran\u00e7aise de football (FFF).<\/p>\n\n\n\n<h2 class=\"wp-block-heading\">Le PSG n\u2019a pas souhait\u00e9 r\u00e9agir<\/h2>\n\n\n\n<p>Le club de la capitale n\u2019a pas souhait\u00e9 r\u00e9agir mais une source proche du PSG a expliqu\u00e9 \u00e0 l\u2019AFP que \u201cles choses sont beaucoup plus positives en coulisses et les discussions en cours se d\u00e9roulent de mani\u00e8re constructive depuis de nombreux mois\u201d, ajoutant que la direction parisienne n\u2019avait \u201crien re\u00e7u de la LFP ou de la FFF\u201d. \u201cLe joueur sait \u00e0 quoi il s\u2019est engag\u00e9 \u00e0 de multiples reprises, en public et en priv\u00e9,\u201d a ajout\u00e9 la source.<\/p>\n\n\n\n<p>En d\u00e9but d\u2019ann\u00e9e, les deux camps avaient affirm\u00e9 que Mbapp\u00e9 avait renonc\u00e9 \u00e0 une partie de ses primes dans un accord pass\u00e9 avec le PSG l\u2019\u00e9t\u00e9 dernier apr\u00e8s sa mise \u00e0 l\u2019\u00e9cart de l\u2019\u00e9quipe durant un mois. Ces primes avoisinaient alors les 60 \u00e0 70 millions d\u2019euros, selon une source proche du club, couvrant financi\u00e8rement le PSG du d\u00e9part libre du joueur, qui s\u2019est engag\u00e9 avec le Real Madrid \u00e0 l\u2019issue de son contrat en juin sans indemnit\u00e9 de transfert.<\/p>\n\n\n\n<p>Selon une source proche du dossier, le non-versement du salaire de Mbapp\u00e9 en avril \u00e9tait li\u00e9 \u00e0 cet accord conclu \u00e0 l\u2019\u00e9t\u00e9 2023 entre le joueur et le PSG.<\/p>\n","protected":false},"excerpt":{"rendered":"<p>Le capitaine de l\u2019\u00e9quipe de France Kylian Mbapp\u00e9 a saisi la commission juridique de la Ligue de football professionnel pour<\/p>\n","protected":false},"author":1,"featured_media":2101,"comment_status":"open","ping_status":"open","sticky":false,"template":"","format":"standard","meta":{"footnotes":""},"categories":[9],"tags":[],"class_list":["post-40644","post","type-post","status-publish","format-standard","has-post-thumbnail","hentry","category-sports"],"_links":{"self":[{"href":"https:\/\/dekkbi.com\/index.php?rest_route=\/wp\/v2\/posts\/40644","targetHints":{"allow":["GET"]}}],"collection":[{"href":"https:\/\/dekkbi.com\/index.php?rest_route=\/wp\/v2\/posts"}],"about":[{"href":"https:\/\/dekkbi.com\/index.php?rest_route=\/wp\/v2\/types\/post"}],"author":[{"embeddable":true,"href":"https:\/\/dekkbi.com\/index.php?rest_route=\/wp\/v2\/users\/1"}],"replies":[{"embeddable":true,"href":"https:\/\/dekkbi.com\/index.php?rest_route=%2Fwp%2Fv2%2Fcomments&post=40644"}],"version-history":[{"count":2,"href":"https:\/\/dekkbi.com\/index.php?rest_route=\/wp\/v2\/posts\/40644\/revisions"}],"predecessor-version":[{"id":40654,"href":"https:\/\/dekkbi.com\/index.php?rest_route=\/wp\/v2\/posts\/40644\/revisions\/40654"}],"wp:featuredmedia":[{"embeddable":true,"href":"https:\/\/dekkbi.com\/index.php?rest_route=\/wp\/v2\/media\/2101"}],"wp:attachment":[{"href":"https:\/\/dekkbi.com\/index.php?rest_route=%2Fwp%2Fv2%2Fmedia&parent=40644"}],"wp:term":[{"taxonomy":"category","embeddable":true,"href":"https:\/\/dekkbi.com\/index.php?rest_route=%2Fwp%2Fv2%2Fcategories&post=40644"},{"taxonomy":"post_tag","embeddable":true,"href":"https:\/\/dekkbi.com\/index.php?rest_route=%2Fwp%2Fv2%2Ftags&post=40644"}],"curies":[{"name":"wp","href":"https:\/\/api.w.org\/{rel}","templated":true}]}}