{"id":40634,"date":"2024-08-21T11:45:44","date_gmt":"2024-08-21T11:45:44","guid":{"rendered":"https:\/\/dekkbi.com\/?p=40634"},"modified":"2024-08-21T11:45:44","modified_gmt":"2024-08-21T11:45:44","slug":"le-gouvernement-suminwa-intensifie-la-riposte-contre-le-monkeypox-avant-la-rentree-scolaire","status":"publish","type":"post","link":"https:\/\/dekkbi.com\/?p=40634","title":{"rendered":"Le Gouvernement Suminwa intensifie la riposte contre le Monkeypox avant la rentr\u00e9e scolaire"},"content":{"rendered":"\n<p>Le 20 ao\u00fbt 2024, la Premi\u00e8re Ministre Judith Suminwa Tuluka a r\u00e9uni le Ministre de la Sant\u00e9, Samuel Roger Kamba, et Jean Kaseya, Directeur G\u00e9n\u00e9ral d&rsquo;Africa CDC, pour une s\u00e9ance de travail cruciale visant \u00e0 renforcer la riposte nationale contre le Monkeypox.<\/p>\n\n\n\n<p> Alors que la rentr\u00e9e scolaire approche, le Gouvernement prend des mesures pr\u00e9ventives pour prot\u00e9ger la population face \u00e0 cette menace internationale. Au c\u0153ur de cette strat\u00e9gie, la sensibilisation dans les \u00e9coles et le d\u00e9ploiement de campagnes de vaccination sont des priorit\u00e9s. <\/p>\n\n\n\n<p>Avec 548 d\u00e9c\u00e8s d\u00e9j\u00e0 recens\u00e9s, l&rsquo;urgence est palpable. Le Gouvernement intensifie les efforts pour am\u00e9liorer la prise en charge des malades et renforcer la surveillance \u00e9pid\u00e9miologique \u00e0 travers le pays. L&rsquo;arriv\u00e9e imminente de vaccins, rendue possible gr\u00e2ce au soutien d&rsquo;Africa CDC et de l&rsquo;Union europ\u00e9enne, souligne l&rsquo;engagement r\u00e9solu du Gouvernement \u00e0 combattre cette crise sanitaire. <\/p>\n\n\n\n<p>La mobilisation de toutes les forces vives du pays est essentielle pour enrayer la propagation du virus et prot\u00e9ger la population.<\/p>\n\n\n\n<p>The post\u00a0Le Gouvernement Suminwa intensifie la riposte contre le Monkeypox avant la rentr\u00e9e scolaire\u00a0appeared first on\u00a0Journal de Kinshasa.<\/p>\n\n\n\n<p>SOURCE MSN.COM<\/p>\n","protected":false},"excerpt":{"rendered":"<p>Le 20 ao\u00fbt 2024, la Premi\u00e8re Ministre Judith Suminwa Tuluka a r\u00e9uni le Ministre de la Sant\u00e9, Samuel Roger Kamba,<\/p>\n","protected":false},"author":1,"featured_media":40635,"comment_status":"open","ping_status":"open","sticky":false,"template":"","format":"standard","meta":{"footnotes":""},"categories":[51],"tags":[],"class_list":["post-40634","post","type-post","status-publish","format-standard","has-post-thumbnail","hentry","category-general"],"_links":{"self":[{"href":"https:\/\/dekkbi.com\/index.php?rest_route=\/wp\/v2\/posts\/40634","targetHints":{"allow":["GET"]}}],"collection":[{"href":"https:\/\/dekkbi.com\/index.php?rest_route=\/wp\/v2\/posts"}],"about":[{"href":"https:\/\/dekkbi.com\/index.php?rest_route=\/wp\/v2\/types\/post"}],"author":[{"embeddable":true,"href":"https:\/\/dekkbi.com\/index.php?rest_route=\/wp\/v2\/users\/1"}],"replies":[{"embeddable":true,"href":"https:\/\/dekkbi.com\/index.php?rest_route=%2Fwp%2Fv2%2Fcomments&post=40634"}],"version-history":[{"count":1,"href":"https:\/\/dekkbi.com\/index.php?rest_route=\/wp\/v2\/posts\/40634\/revisions"}],"predecessor-version":[{"id":40636,"href":"https:\/\/dekkbi.com\/index.php?rest_route=\/wp\/v2\/posts\/40634\/revisions\/40636"}],"wp:featuredmedia":[{"embeddable":true,"href":"https:\/\/dekkbi.com\/index.php?rest_route=\/wp\/v2\/media\/40635"}],"wp:attachment":[{"href":"https:\/\/dekkbi.com\/index.php?rest_route=%2Fwp%2Fv2%2Fmedia&parent=40634"}],"wp:term":[{"taxonomy":"category","embeddable":true,"href":"https:\/\/dekkbi.com\/index.php?rest_route=%2Fwp%2Fv2%2Fcategories&post=40634"},{"taxonomy":"post_tag","embeddable":true,"href":"https:\/\/dekkbi.com\/index.php?rest_route=%2Fwp%2Fv2%2Ftags&post=40634"}],"curies":[{"name":"wp","href":"https:\/\/api.w.org\/{rel}","templated":true}]}}